{"id":804,"date":"2026-03-05T14:10:37","date_gmt":"2026-03-05T13:10:37","guid":{"rendered":"https:\/\/centrosira.org\/?p=804"},"modified":"2026-03-09T11:49:17","modified_gmt":"2026-03-09T10:49:17","slug":"nahia-alkorta-violencia-obstetrica-espana-centro-sira","status":"publish","type":"post","link":"https:\/\/centrosira.org\/fr\/nahia-alkorta-violencia-obstetrica-espana-centro-sira\/","title":{"rendered":"Sira apporte son expertise \u00e0 une victime de violences obst\u00e9tricales en Espagne, qui a port\u00e9 son cas devant les Nations unies."},"content":{"rendered":"<h3 class=\"wp-block-heading\">Le comit\u00e9 des Nations unies pour l'\u00e9limination de la discrimination \u00e0 l'\u00e9gard des femmes est d'accord avec elle et demande instamment \u00e0 l'Espagne d'adopter des mesures pour \u00e9radiquer la violence obst\u00e9trique.<\/h3>\n\n\n\n<h3 class=\"wp-block-heading\">Nous avons constat\u00e9 une symptomatologie post-traumatique, caus\u00e9e \u00e0 la fois par l'exp\u00e9rience d'une profonde impuissance lors de l'accouchement, et par l'absence de reconnaissance par les institutions sanitaires et judiciaires pendant plus de 10 ans.<\/h3>\n\n\n\n<p>Avec son avocat, elle a commenc\u00e9 par d\u00e9poser une plainte aupr\u00e8s du service de sant\u00e9 du Pays basque, puis a saisi les tribunaux administratifs, la Haute Cour de justice du Pays basque et la Cour constitutionnelle. En 2022, lorsque la&nbsp;<a href=\"https:\/\/www.ohchr.org\/es\/treaty-bodies\/cedaw\">CEDAW<\/a>&nbsp;(Comit\u00e9 des Nations unies pour l'\u00e9limination de la discrimination \u00e0 l'\u00e9gard des femmes) est d'accord avec elle et note que, tout au long de la proc\u00e9dure, la femme et son avocat se sont heurt\u00e9s \u00e0 des \u201cst\u00e9r\u00e9otypes et \u00e0 des discriminations fond\u00e9s sur le sexe\u201d.&nbsp;<\/p>\n\n\n\n<p>C'est au cours de cette p\u00e9riode que les violences subies lors de l'accouchement ont \u00e9t\u00e9 aggrav\u00e9es par l'impact d'avoir demand\u00e9 justice pendant plus de 10 ans en Espagne, sans avoir \u00e9t\u00e9 entendue ni reconnue. \u201cPendant la proc\u00e9dure en Espagne, on a pr\u00e9tendu que c'\u00e9tait le m\u00e9decin qui d\u00e9cidait de pratiquer une c\u00e9sarienne et que les dommages psychologiques subis n'\u00e9taient qu'une question de perception\u201d, explique l'avocate Francisca Fern\u00e1ndez Guill\u00e9n, dans une interview pour la revue&nbsp;<a href=\"https:\/\/www.eldiario.es\/sociedad\/mujer-detras-segunda-condena-espana-violencia-obstetrica-no-recuerdo-tres-meses-parto_1_9174030.html\">eldiario.es.&nbsp;<\/a><\/p>\n\n\n\n<p>En tant qu'experts, et \u00e0 la demande de son avocat, le Centre Sira a examin\u00e9 le cas de Nahia Alkorta pour \u00e9valuer son \u00e9tat actuel, son pr\u00e9judice psychologique et moral, et pour d\u00e9terminer quelles cons\u00e9quences le fonctionnement anormal de l'Administration de la Justice a eu sur son projet de vie, dans le cadre de sa carri\u00e8re pour demander des comptes \u00e0 l'Etat. Actuellement, et suite \u00e0 la demande du CEDAW, Nahia est au c\u0153ur d'un nouveau processus judiciaire pour demander des comptes \u00e0 l'administration.&nbsp;&nbsp;<\/p>\n\n\n\n<h4 class=\"wp-block-heading\">Violences obst\u00e9tricales pendant l'accouchement<\/h4>\n\n\n\n<p>Lors de son premier accouchement, Nahia rapporte qu'elle a souffert (1) d'un tact vaginal excessif pendant le processus de dilatation ; (2) que son travail a \u00e9t\u00e9 d\u00e9clench\u00e9 sans explication ; et (3) qu'au cours de l'accouchement, les m\u00e9decins ont d\u00e9cid\u00e9 de pratiquer une c\u00e9sarienne sans tenir compte des demandes du couple d'attendre l'\u00e9volution de l'accouchement. Selon son r\u00e9cit, ils n'ont \u00e0 aucun moment \u00e9t\u00e9 inform\u00e9s des risques li\u00e9s \u00e0 ces interventions.<\/p>\n\n\n\n<p>L'examin\u00e9e se plaint \u00e9galement que sa c\u00e9sarienne a \u00e9t\u00e9 pratiqu\u00e9e avec (4) des personnes en phase d'apprentissage, sans consentement \u00e9clair\u00e9, et qu'une fois n\u00e9, son fils a \u00e9t\u00e9 (5) s\u00e9par\u00e9 d'elle, alors qu'aucune raison maternelle ou infantile ne le justifiait. (6) Le b\u00e9b\u00e9 est nourri au biberon, alors que la famille avait exprim\u00e9 son intention de l'allaiter au sein. Les demandes r\u00e9p\u00e9t\u00e9es de la m\u00e8re de remettre son enfant sont ignor\u00e9es par le personnel de l'h\u00f4pital.<\/p>\n\n\n\n<p><\/p>","protected":false},"excerpt":{"rendered":"<p>El Comit\u00e9 para la Eliminaci\u00f3n de la Discriminaci\u00f3n Contra la Mujer de la ONU le dio la raz\u00f3n e inst\u00f3 a Espa\u00f1a a adoptar medidas para erradicar la violencia obst\u00e9trica Encontramos sintomatolog\u00eda postraum\u00e1tica, provocada tanto por la vivencia de profunda indefensi\u00f3n durante el parto, como por la falta de reconocimiento por parte de las instituciones [&hellip;]<\/p>\n","protected":false},"author":3,"featured_media":805,"comment_status":"open","ping_status":"open","sticky":false,"template":"","format":"standard","meta":{"footnotes":""},"categories":[13,21,30],"tags":[],"class_list":["post-804","post","type-post","status-publish","format-standard","has-post-thumbnail","hentry","category-actualidad","category-periciales","category-violencia-de-genero"],"yoast_head":"<!-- This site is optimized with the Yoast SEO plugin v27.4 - https:\/\/yoast.com\/product\/yoast-seo-wordpress\/ -->\n<title>Sira perita a una v\u00edctima de violencia obst\u00e9trica en Espa\u00f1a, que elev\u00f3 su caso ante la ONU - Centro Sira<\/title>\n<meta name=\"robots\" content=\"index, follow, max-snippet:-1, max-image-preview:large, max-video-preview:-1\" \/>\n<link rel=\"canonical\" href=\"https:\/\/centrosira.org\/fr\/nahia-alkorta-violencia-obstetrica-espana-centro-sira\/\" \/>\n<meta property=\"og:locale\" content=\"fr_FR\" \/>\n<meta property=\"og:type\" content=\"article\" \/>\n<meta property=\"og:title\" content=\"Sira perita a una v\u00edctima de violencia obst\u00e9trica en Espa\u00f1a, que elev\u00f3 su caso ante la ONU - Centro Sira\" \/>\n<meta property=\"og:description\" content=\"El Comit\u00e9 para la Eliminaci\u00f3n de la Discriminaci\u00f3n Contra la Mujer de la ONU le dio la raz\u00f3n e inst\u00f3 a Espa\u00f1a a adoptar medidas para erradicar la violencia obst\u00e9trica Encontramos sintomatolog\u00eda postraum\u00e1tica, provocada tanto por la vivencia de profunda indefensi\u00f3n durante el parto, como por la falta de reconocimiento por parte de las instituciones [&hellip;]\" \/>\n<meta property=\"og:url\" content=\"https:\/\/centrosira.org\/fr\/nahia-alkorta-violencia-obstetrica-espana-centro-sira\/\" \/>\n<meta property=\"og:site_name\" content=\"Centro Sira\" \/>\n<meta property=\"article:publisher\" content=\"https:\/\/www.facebook.com\/siracentro\" \/>\n<meta property=\"article:published_time\" content=\"2026-03-05T13:10:37+00:00\" \/>\n<meta property=\"article:modified_time\" content=\"2026-03-09T10:49:17+00:00\" \/>\n<meta property=\"og:image\" content=\"https:\/\/centrosira.org\/wp-content\/uploads\/2026\/03\/nahia_alkorta_centro_sira_peritaje_2_1.webp\" \/>\n\t<meta property=\"og:image:width\" content=\"1920\" \/>\n\t<meta property=\"og:image:height\" content=\"1080\" \/>\n\t<meta property=\"og:image:type\" content=\"image\/webp\" \/>\n<meta name=\"author\" content=\"Israel V\" \/>\n<meta name=\"twitter:card\" content=\"summary_large_image\" \/>\n<meta name=\"twitter:creator\" content=\"@sira_centro\" \/>\n<meta name=\"twitter:site\" content=\"@sira_centro\" \/>\n<meta name=\"twitter:label1\" content=\"\u00c9crit par\" \/>\n\t<meta name=\"twitter:data1\" content=\"Israel V\" \/>\n\t<meta name=\"twitter:label2\" content=\"Dur\u00e9e de lecture estim\u00e9e\" \/>\n\t<meta name=\"twitter:data2\" content=\"3 minutes\" \/>\n<script type=\"application\/ld+json\" class=\"yoast-schema-graph\">{\"@context\":\"https:\\\/\\\/schema.org\",\"@graph\":[{\"@type\":\"Article\",\"@id\":\"https:\\\/\\\/centrosira.org\\\/nahia-alkorta-violencia-obstetrica-espana-centro-sira\\\/#article\",\"isPartOf\":{\"@id\":\"https:\\\/\\\/centrosira.org\\\/nahia-alkorta-violencia-obstetrica-espana-centro-sira\\\/\"},\"author\":{\"name\":\"Israel V\",\"@id\":\"https:\\\/\\\/centrosira.org\\\/#\\\/schema\\\/person\\\/9815ff63267f2e2957c81988f684c7ba\"},\"headline\":\"Sira perita a una v\u00edctima de violencia obst\u00e9trica en Espa\u00f1a, que elev\u00f3 su caso ante la ONU\",\"datePublished\":\"2026-03-05T13:10:37+00:00\",\"dateModified\":\"2026-03-09T10:49:17+00:00\",\"mainEntityOfPage\":{\"@id\":\"https:\\\/\\\/centrosira.org\\\/nahia-alkorta-violencia-obstetrica-espana-centro-sira\\\/\"},\"wordCount\":561,\"commentCount\":0,\"publisher\":{\"@id\":\"https:\\\/\\\/centrosira.org\\\/#organization\"},\"image\":{\"@id\":\"https:\\\/\\\/centrosira.org\\\/nahia-alkorta-violencia-obstetrica-espana-centro-sira\\\/#primaryimage\"},\"thumbnailUrl\":\"https:\\\/\\\/centrosira.org\\\/wp-content\\\/uploads\\\/2026\\\/03\\\/nahia_alkorta_centro_sira_peritaje_2_1.webp\",\"articleSection\":[\"Actualidad\",\"Periciales\",\"Violencia de g\u00e9nero\"],\"inLanguage\":\"fr-FR\",\"potentialAction\":[{\"@type\":\"CommentAction\",\"name\":\"Comment\",\"target\":[\"https:\\\/\\\/centrosira.org\\\/nahia-alkorta-violencia-obstetrica-espana-centro-sira\\\/#respond\"]}]},{\"@type\":\"WebPage\",\"@id\":\"https:\\\/\\\/centrosira.org\\\/nahia-alkorta-violencia-obstetrica-espana-centro-sira\\\/\",\"url\":\"https:\\\/\\\/centrosira.org\\\/nahia-alkorta-violencia-obstetrica-espana-centro-sira\\\/\",\"name\":\"Sira perita a una v\u00edctima de violencia obst\u00e9trica en Espa\u00f1a, que elev\u00f3 su caso ante la ONU - Centro Sira\",\"isPartOf\":{\"@id\":\"https:\\\/\\\/centrosira.org\\\/#website\"},\"primaryImageOfPage\":{\"@id\":\"https:\\\/\\\/centrosira.org\\\/nahia-alkorta-violencia-obstetrica-espana-centro-sira\\\/#primaryimage\"},\"image\":{\"@id\":\"https:\\\/\\\/centrosira.org\\\/nahia-alkorta-violencia-obstetrica-espana-centro-sira\\\/#primaryimage\"},\"thumbnailUrl\":\"https:\\\/\\\/centrosira.org\\\/wp-content\\\/uploads\\\/2026\\\/03\\\/nahia_alkorta_centro_sira_peritaje_2_1.webp\",\"datePublished\":\"2026-03-05T13:10:37+00:00\",\"dateModified\":\"2026-03-09T10:49:17+00:00\",\"breadcrumb\":{\"@id\":\"https:\\\/\\\/centrosira.org\\\/nahia-alkorta-violencia-obstetrica-espana-centro-sira\\\/#breadcrumb\"},\"inLanguage\":\"fr-FR\",\"potentialAction\":[{\"@type\":\"ReadAction\",\"target\":[\"https:\\\/\\\/centrosira.org\\\/nahia-alkorta-violencia-obstetrica-espana-centro-sira\\\/\"]}]},{\"@type\":\"ImageObject\",\"inLanguage\":\"fr-FR\",\"@id\":\"https:\\\/\\\/centrosira.org\\\/nahia-alkorta-violencia-obstetrica-espana-centro-sira\\\/#primaryimage\",\"url\":\"https:\\\/\\\/centrosira.org\\\/wp-content\\\/uploads\\\/2026\\\/03\\\/nahia_alkorta_centro_sira_peritaje_2_1.webp\",\"contentUrl\":\"https:\\\/\\\/centrosira.org\\\/wp-content\\\/uploads\\\/2026\\\/03\\\/nahia_alkorta_centro_sira_peritaje_2_1.webp\",\"width\":1920,\"height\":1080},{\"@type\":\"BreadcrumbList\",\"@id\":\"https:\\\/\\\/centrosira.org\\\/nahia-alkorta-violencia-obstetrica-espana-centro-sira\\\/#breadcrumb\",\"itemListElement\":[{\"@type\":\"ListItem\",\"position\":1,\"name\":\"Portada\",\"item\":\"https:\\\/\\\/centrosira.org\\\/\"},{\"@type\":\"ListItem\",\"position\":2,\"name\":\"Sira perita a una v\u00edctima de violencia obst\u00e9trica en Espa\u00f1a, que elev\u00f3 su caso ante la ONU\"}]},{\"@type\":\"WebSite\",\"@id\":\"https:\\\/\\\/centrosira.org\\\/#website\",\"url\":\"https:\\\/\\\/centrosira.org\\\/\",\"name\":\"Centro Sira\",\"description\":\"\",\"publisher\":{\"@id\":\"https:\\\/\\\/centrosira.org\\\/#organization\"},\"alternateName\":\"Centro de Atenci\u00f3n a V\u00edctimas de Malos Tratos y Tortura\",\"potentialAction\":[{\"@type\":\"SearchAction\",\"target\":{\"@type\":\"EntryPoint\",\"urlTemplate\":\"https:\\\/\\\/centrosira.org\\\/?s={search_term_string}\"},\"query-input\":{\"@type\":\"PropertyValueSpecification\",\"valueRequired\":true,\"valueName\":\"search_term_string\"}}],\"inLanguage\":\"fr-FR\"},{\"@type\":\"Organization\",\"@id\":\"https:\\\/\\\/centrosira.org\\\/#organization\",\"name\":\"Centro Sira\",\"alternateName\":\"Sira\",\"url\":\"https:\\\/\\\/centrosira.org\\\/\",\"logo\":{\"@type\":\"ImageObject\",\"inLanguage\":\"fr-FR\",\"@id\":\"https:\\\/\\\/centrosira.org\\\/#\\\/schema\\\/logo\\\/image\\\/\",\"url\":null,\"contentUrl\":null,\"width\":null,\"height\":null,\"caption\":\"Centro Sira\"},\"image\":{\"@id\":\"https:\\\/\\\/centrosira.org\\\/#\\\/schema\\\/logo\\\/image\\\/\"},\"sameAs\":[\"https:\\\/\\\/www.facebook.com\\\/siracentro\",\"https:\\\/\\\/x.com\\\/sira_centro\",\"https:\\\/\\\/www.instagram.com\\\/sira_centro\\\/\",\"https:\\\/\\\/www.linkedin.com\\\/company\\\/sira-centro\\\/?originalSubdomain=es\",\"https:\\\/\\\/www.youtube.com\\\/@sira_centro\"]},{\"@type\":\"Person\",\"@id\":\"https:\\\/\\\/centrosira.org\\\/#\\\/schema\\\/person\\\/9815ff63267f2e2957c81988f684c7ba\",\"name\":\"Israel V\",\"image\":{\"@type\":\"ImageObject\",\"inLanguage\":\"fr-FR\",\"@id\":\"https:\\\/\\\/secure.gravatar.com\\\/avatar\\\/b835441d5f77c22b9bbc6c394fca699d2d7dfd928f4ff56c43763984e664c8f2?s=96&d=mm&r=g\",\"url\":\"https:\\\/\\\/secure.gravatar.com\\\/avatar\\\/b835441d5f77c22b9bbc6c394fca699d2d7dfd928f4ff56c43763984e664c8f2?s=96&d=mm&r=g\",\"contentUrl\":\"https:\\\/\\\/secure.gravatar.com\\\/avatar\\\/b835441d5f77c22b9bbc6c394fca699d2d7dfd928f4ff56c43763984e664c8f2?s=96&d=mm&r=g\",\"caption\":\"Israel V\"},\"url\":\"https:\\\/\\\/centrosira.org\\\/fr\\\/author\\\/contelob2892sira\\\/\"}]}<\/script>\n<!-- \/ Yoast SEO plugin. -->","yoast_head_json":{"title":"Sira apporte son expertise \u00e0 une victime de violences obst\u00e9tricales en Espagne qui a port\u00e9 son cas devant les Nations unies - Centre Sira","robots":{"index":"index","follow":"follow","max-snippet":"max-snippet:-1","max-image-preview":"max-image-preview:large","max-video-preview":"max-video-preview:-1"},"canonical":"https:\/\/centrosira.org\/fr\/nahia-alkorta-violencia-obstetrica-espana-centro-sira\/","og_locale":"fr_FR","og_type":"article","og_title":"Sira perita a una v\u00edctima de violencia obst\u00e9trica en Espa\u00f1a, que elev\u00f3 su caso ante la ONU - Centro Sira","og_description":"El Comit\u00e9 para la Eliminaci\u00f3n de la Discriminaci\u00f3n Contra la Mujer de la ONU le dio la raz\u00f3n e inst\u00f3 a Espa\u00f1a a adoptar medidas para erradicar la violencia obst\u00e9trica Encontramos sintomatolog\u00eda postraum\u00e1tica, provocada tanto por la vivencia de profunda indefensi\u00f3n durante el parto, como por la falta de reconocimiento por parte de las instituciones [&hellip;]","og_url":"https:\/\/centrosira.org\/fr\/nahia-alkorta-violencia-obstetrica-espana-centro-sira\/","og_site_name":"Centro Sira","article_publisher":"https:\/\/www.facebook.com\/siracentro","article_published_time":"2026-03-05T13:10:37+00:00","article_modified_time":"2026-03-09T10:49:17+00:00","og_image":[{"width":1920,"height":1080,"url":"https:\/\/centrosira.org\/wp-content\/uploads\/2026\/03\/nahia_alkorta_centro_sira_peritaje_2_1.webp","type":"image\/webp"}],"author":"Israel V","twitter_card":"summary_large_image","twitter_creator":"@sira_centro","twitter_site":"@sira_centro","twitter_misc":{"\u00c9crit par":"Israel V","Dur\u00e9e de lecture estim\u00e9e":"3 minutes"},"schema":{"@context":"https:\/\/schema.org","@graph":[{"@type":"Article","@id":"https:\/\/centrosira.org\/nahia-alkorta-violencia-obstetrica-espana-centro-sira\/#article","isPartOf":{"@id":"https:\/\/centrosira.org\/nahia-alkorta-violencia-obstetrica-espana-centro-sira\/"},"author":{"name":"Israel V","@id":"https:\/\/centrosira.org\/#\/schema\/person\/9815ff63267f2e2957c81988f684c7ba"},"headline":"Sira perita a una v\u00edctima de violencia obst\u00e9trica en Espa\u00f1a, que elev\u00f3 su caso ante la ONU","datePublished":"2026-03-05T13:10:37+00:00","dateModified":"2026-03-09T10:49:17+00:00","mainEntityOfPage":{"@id":"https:\/\/centrosira.org\/nahia-alkorta-violencia-obstetrica-espana-centro-sira\/"},"wordCount":561,"commentCount":0,"publisher":{"@id":"https:\/\/centrosira.org\/#organization"},"image":{"@id":"https:\/\/centrosira.org\/nahia-alkorta-violencia-obstetrica-espana-centro-sira\/#primaryimage"},"thumbnailUrl":"https:\/\/centrosira.org\/wp-content\/uploads\/2026\/03\/nahia_alkorta_centro_sira_peritaje_2_1.webp","articleSection":["Actualidad","Periciales","Violencia de g\u00e9nero"],"inLanguage":"fr-FR","potentialAction":[{"@type":"CommentAction","name":"Comment","target":["https:\/\/centrosira.org\/nahia-alkorta-violencia-obstetrica-espana-centro-sira\/#respond"]}]},{"@type":"WebPage","@id":"https:\/\/centrosira.org\/nahia-alkorta-violencia-obstetrica-espana-centro-sira\/","url":"https:\/\/centrosira.org\/nahia-alkorta-violencia-obstetrica-espana-centro-sira\/","name":"Sira apporte son expertise \u00e0 une victime de violences obst\u00e9tricales en Espagne qui a port\u00e9 son cas devant les Nations unies - Centre Sira","isPartOf":{"@id":"https:\/\/centrosira.org\/#website"},"primaryImageOfPage":{"@id":"https:\/\/centrosira.org\/nahia-alkorta-violencia-obstetrica-espana-centro-sira\/#primaryimage"},"image":{"@id":"https:\/\/centrosira.org\/nahia-alkorta-violencia-obstetrica-espana-centro-sira\/#primaryimage"},"thumbnailUrl":"https:\/\/centrosira.org\/wp-content\/uploads\/2026\/03\/nahia_alkorta_centro_sira_peritaje_2_1.webp","datePublished":"2026-03-05T13:10:37+00:00","dateModified":"2026-03-09T10:49:17+00:00","breadcrumb":{"@id":"https:\/\/centrosira.org\/nahia-alkorta-violencia-obstetrica-espana-centro-sira\/#breadcrumb"},"inLanguage":"fr-FR","potentialAction":[{"@type":"ReadAction","target":["https:\/\/centrosira.org\/nahia-alkorta-violencia-obstetrica-espana-centro-sira\/"]}]},{"@type":"ImageObject","inLanguage":"fr-FR","@id":"https:\/\/centrosira.org\/nahia-alkorta-violencia-obstetrica-espana-centro-sira\/#primaryimage","url":"https:\/\/centrosira.org\/wp-content\/uploads\/2026\/03\/nahia_alkorta_centro_sira_peritaje_2_1.webp","contentUrl":"https:\/\/centrosira.org\/wp-content\/uploads\/2026\/03\/nahia_alkorta_centro_sira_peritaje_2_1.webp","width":1920,"height":1080},{"@type":"BreadcrumbList","@id":"https:\/\/centrosira.org\/nahia-alkorta-violencia-obstetrica-espana-centro-sira\/#breadcrumb","itemListElement":[{"@type":"ListItem","position":1,"name":"Portada","item":"https:\/\/centrosira.org\/"},{"@type":"ListItem","position":2,"name":"Sira perita a una v\u00edctima de violencia obst\u00e9trica en Espa\u00f1a, que elev\u00f3 su caso ante la ONU"}]},{"@type":"WebSite","@id":"https:\/\/centrosira.org\/#website","url":"https:\/\/centrosira.org\/","name":"Centre Sira","description":"","publisher":{"@id":"https:\/\/centrosira.org\/#organization"},"alternateName":"Centro de Atenci\u00f3n a V\u00edctimas de Malos Tratos y Tortura","potentialAction":[{"@type":"SearchAction","target":{"@type":"EntryPoint","urlTemplate":"https:\/\/centrosira.org\/?s={search_term_string}"},"query-input":{"@type":"PropertyValueSpecification","valueRequired":true,"valueName":"search_term_string"}}],"inLanguage":"fr-FR"},{"@type":"Organization","@id":"https:\/\/centrosira.org\/#organization","name":"Centre Sira","alternateName":"Sira","url":"https:\/\/centrosira.org\/","logo":{"@type":"ImageObject","inLanguage":"fr-FR","@id":"https:\/\/centrosira.org\/#\/schema\/logo\/image\/","url":null,"contentUrl":null,"width":null,"height":null,"caption":"Centro Sira"},"image":{"@id":"https:\/\/centrosira.org\/#\/schema\/logo\/image\/"},"sameAs":["https:\/\/www.facebook.com\/siracentro","https:\/\/x.com\/sira_centro","https:\/\/www.instagram.com\/sira_centro\/","https:\/\/www.linkedin.com\/company\/sira-centro\/?originalSubdomain=es","https:\/\/www.youtube.com\/@sira_centro"]},{"@type":"Person","@id":"https:\/\/centrosira.org\/#\/schema\/person\/9815ff63267f2e2957c81988f684c7ba","name":"Isra\u00ebl V","image":{"@type":"ImageObject","inLanguage":"fr-FR","@id":"https:\/\/secure.gravatar.com\/avatar\/b835441d5f77c22b9bbc6c394fca699d2d7dfd928f4ff56c43763984e664c8f2?s=96&d=mm&r=g","url":"https:\/\/secure.gravatar.com\/avatar\/b835441d5f77c22b9bbc6c394fca699d2d7dfd928f4ff56c43763984e664c8f2?s=96&d=mm&r=g","contentUrl":"https:\/\/secure.gravatar.com\/avatar\/b835441d5f77c22b9bbc6c394fca699d2d7dfd928f4ff56c43763984e664c8f2?s=96&d=mm&r=g","caption":"Israel V"},"url":"https:\/\/centrosira.org\/fr\/author\/contelob2892sira\/"}]}},"_links":{"self":[{"href":"https:\/\/centrosira.org\/fr\/wp-json\/wp\/v2\/posts\/804","targetHints":{"allow":["GET"]}}],"collection":[{"href":"https:\/\/centrosira.org\/fr\/wp-json\/wp\/v2\/posts"}],"about":[{"href":"https:\/\/centrosira.org\/fr\/wp-json\/wp\/v2\/types\/post"}],"author":[{"embeddable":true,"href":"https:\/\/centrosira.org\/fr\/wp-json\/wp\/v2\/users\/3"}],"replies":[{"embeddable":true,"href":"https:\/\/centrosira.org\/fr\/wp-json\/wp\/v2\/comments?post=804"}],"version-history":[{"count":2,"href":"https:\/\/centrosira.org\/fr\/wp-json\/wp\/v2\/posts\/804\/revisions"}],"predecessor-version":[{"id":1010,"href":"https:\/\/centrosira.org\/fr\/wp-json\/wp\/v2\/posts\/804\/revisions\/1010"}],"wp:featuredmedia":[{"embeddable":true,"href":"https:\/\/centrosira.org\/fr\/wp-json\/wp\/v2\/media\/805"}],"wp:attachment":[{"href":"https:\/\/centrosira.org\/fr\/wp-json\/wp\/v2\/media?parent=804"}],"wp:term":[{"taxonomy":"category","embeddable":true,"href":"https:\/\/centrosira.org\/fr\/wp-json\/wp\/v2\/categories?post=804"},{"taxonomy":"post_tag","embeddable":true,"href":"https:\/\/centrosira.org\/fr\/wp-json\/wp\/v2\/tags?post=804"}],"curies":[{"name":"wp","href":"https:\/\/api.w.org\/{rel}","templated":true}]}}