{"id":800,"date":"2026-03-05T14:00:36","date_gmt":"2026-03-05T13:00:36","guid":{"rendered":"https:\/\/centrosira.org\/?p=800"},"modified":"2026-03-09T11:49:29","modified_gmt":"2026-03-09T10:49:29","slug":"podcast-centro-sira-newsletter-otra-mirada-islamofobia","status":"publish","type":"post","link":"https:\/\/centrosira.org\/fr\/podcast-centro-sira-newsletter-otra-mirada-islamofobia\/","title":{"rendered":"Islamophobie en direct"},"content":{"rendered":"<h3 class=\"wp-block-heading\">L'arrestation d'Omar a \u00e9t\u00e9 racont\u00e9e en d\u00e9tail. Il s'agit d'histoires \u00e9piques, cin\u00e9matographiques, dans lesquelles les forces de s\u00e9curit\u00e9 enfoncent des portes, d\u00e9verrouillent des mots de passe, coupent des rues, saisissent des dossiers et aussi des armes. Rien \u00e0 voir avec ce que nous entendrons des ann\u00e9es plus tard de la bouche du protagoniste.<\/h3>\n\n\n\n<h5 class=\"wp-block-heading\">SEBAS RODR\u00cdGUEZ | Sira Centre Communication Manager<\/h5>\n\n\n\n<h5 class=\"wp-block-heading\">Photographie : DAVID F. SABADELL : DAVID F. SABADELL&nbsp;<a href=\"https:\/\/www.elsaltodiario.com\/islamofobia\/tres-anos-aislamiento-antes-ser-absuelto-historia-una-familia-rota-lucha-antiyihadista\">LE SAUT<\/a><\/h5>\n\n\n\n<hr class=\"wp-block-separator has-alpha-channel-opacity\"\/>\n\n\n\n<p>Pour r\u00e9aliser le deuxi\u00e8me \u00e9pisode de&nbsp;<strong>Lacunes<\/strong>, avec Llu\u00eds, nous avons pass\u00e9 de nombreuses heures \u00e0 fouiller dans les&nbsp;<strong>archives<\/strong>. Nous recherchions des informations sur un Marocain, musulman, qui avait \u00e9t\u00e9 accus\u00e9 il y a plusieurs ann\u00e9es d'endoctrinement, et qui avait \u00e9t\u00e9 plac\u00e9 pendant pr\u00e8s de trois ans en d\u00e9tention provisoire, \u00e0 l'h\u00f4pital.&nbsp;<strong>R\u00e9gime d'isolement<\/strong>, malgr\u00e9 son innocence.<\/p>\n\n\n\n<p><strong>Nous connaissions tr\u00e8s bien l'histoire<\/strong>. Le Centre Sira est li\u00e9 \u00e0 cette personne depuis de nombreuses ann\u00e9es, soit en raison du soutien th\u00e9rapeutique apport\u00e9 \u00e0 l'\u00e9poque, soit en raison des expertises qui ont \u00e9t\u00e9 r\u00e9alis\u00e9es pour cette personne.&nbsp;<a href=\"https:\/\/www.publico.es\/politica\/condenado-pagar-medio-millon-euros-encarcelar-yihadismo-matrimonio-inocente.html\" target=\"_blank\" rel=\"noreferrer noopener\"><strong>son recours contre l'\u00c9tat<\/strong><\/a>. Cependant, ce n'est que lorsque nous avons commenc\u00e9 \u00e0 travailler sur l'\u00e9pisode que Llu\u00eds et moi avons vraiment pris conscience de l'importance de l'aspect \"social\" de la question des droits de l'homme.&nbsp;<strong>frivolit\u00e9&nbsp;<\/strong>avec laquelle certains m\u00e9dias ont rapport\u00e9 son cas. Certaines des informations publi\u00e9es \u00e0 l'\u00e9poque \u00e9taient si s\u00e9rieuses que nous avons choisi d'en faire un r\u00e9sum\u00e9.&nbsp;<strong>pseudonyme&nbsp;<\/strong>pour prot\u00e9ger leur identit\u00e9 et ne plus contribuer \u00e0 la suppression de leur image.<\/p>\n\n\n\n<blockquote class=\"wp-block-quote is-layout-flow wp-block-quote-is-layout-flow\">\n<p>\u201dDans le cas d'Omar, certains m\u00e9dias ont non seulement contribu\u00e9 \u00e0 justifier l'incroyable duret\u00e9 avec laquelle il a \u00e9t\u00e9 arr\u00eat\u00e9 puis emprisonn\u00e9, mais ils ont \u00e9galement contribu\u00e9 \u00e0 alimenter un imaginaire islamophobe qui voit des sympt\u00f4mes de radicalisation dans tout ce qui est li\u00e9 \u00e0 la pratique religieuse.<\/p>\n<\/blockquote>\n\n\n\n<p>L'arrestation d'Omar a \u00e9t\u00e9 annonc\u00e9e&nbsp;<strong>en d\u00e9tail<\/strong>. Il s'agit de r\u00e9cits \u00e9piques, cin\u00e9matographiques, dans lesquels les forces de s\u00e9curit\u00e9 enfoncent des portes, d\u00e9verrouillent des mots de passe, coupent des rues, saisissent des disques et aussi des armes. Rien \u00e0 voir avec ce que nous entendrons des ann\u00e9es plus tard de la bouche de l'ancien pr\u00e9sident de l'Union europ\u00e9enne.&nbsp;<strong>protagoniste<\/strong>En r\u00e9alit\u00e9, ce qui a \u00e9t\u00e9 saisi, ce sont des disques de musique, des catanes d\u00e9coratives et un livre d'entra\u00eenement de l'entra\u00eeneur de basket-ball Pepu Hernandez ; ses enfants ont \u00e9t\u00e9 tenus en joue lors de cette arrestation digne d'un film ; il a \u00e9t\u00e9 exhib\u00e9 devant ses voisins et ses coll\u00e8gues comme un troph\u00e9e ; la porte de son voisin a \u00e9t\u00e9 enfonc\u00e9e d'abord, puis la sienne, par erreur. Le jour o\u00f9 Omar a \u00e9t\u00e9 d\u00e9clar\u00e9 non coupable&nbsp;<strong>il n'y a pratiquement pas de chroniques<\/strong>. Des articles sur l'impact de trois ann\u00e9es de d\u00e9tention pr\u00e9ventive sur lui ? Toujours la m\u00eame chose.<\/p>\n\n\n\n<p>Parmi ceux qui ont \u00e9crit les chroniques de l'arrestation, il y a des figures connues qui ont fait carri\u00e8re en servant de messagers \u00e0 la version polici\u00e8re, mais aussi \u00e0 l'extr\u00eame droite.&nbsp;<strong>Mais il s'agit d'une anecdote<\/strong>. Nous avons \u00e9t\u00e9 \u00e9tonn\u00e9s de constater que certains m\u00e9dias, qui ont tendance \u00e0 \u00eatre plus critiques ou \u00e0 consacrer plus d'efforts \u00e0 la v\u00e9rification de l'information, n'ont pas non plus fait preuve de prudence lorsqu'il s'est agi de reproduire l'information.&nbsp;<strong>version officielle<\/strong>. Lorsque le message a trait \u00e0 la s\u00e9curit\u00e9 nationale ou au terrorisme, il n'y a pas de \u201cmais\u201d, parce qu'il est conforme \u00e0 votre politique.<strong>&nbsp;Imaginaire islamophobe<\/strong>.<\/p>\n\n\n\n<p>Chercheur et activiste antiraciste et d\u00e9colonial,&nbsp;<a href=\"https:\/\/traficantes.net\/autorxs\/amazian-salma\" target=\"_blank\" rel=\"noreferrer noopener\"><strong>Salma Amazian<\/strong><\/a>, Dans cet \u00e9pisode, il souligne que porter le voile, se laisser pousser la barbe ou m\u00eame s'inscrire dans une salle de sport sont consid\u00e9r\u00e9s comme des actions qui ne font que corroborer une parano\u00efa profond\u00e9ment ancr\u00e9e. Le point de d\u00e9part est l'id\u00e9e que la religiosit\u00e9 musulmane est li\u00e9e \u00e0 la violence et est incompatible avec la vie en Occident. Par cons\u00e9quent, tout \u201csympt\u00f4me\u201d qui implique de s'approcher de la religion implique \u00e9galement d'embrasser la violence.&nbsp;<strong>Comment expliquer autrement qu'au moment de l'arrestation d'Omar, il y ait eu un consensus aussi clair entre la police, la justice et les m\u00e9dias sur le fait qu'il s'agissait d'un terroriste, alors qu'il n'y avait aucune preuve ?<\/strong><\/p>\n\n\n\n<blockquote class=\"wp-block-quote is-layout-flow wp-block-quote-is-layout-flow\">\n<p>\u201dSe limiter \u00e0 \u00eatre le porte-parole de la version officielle ne fait que renforcer ou l\u00e9gitimer l'exercice de la violence contre tout ce que l'\u00c9tat per\u00e7oit comme une menace.<\/p>\n<\/blockquote>\n\n\n\n<p>En el caso de Omar, algunos medios de comunicaci\u00f3n no solo contribuyeron a justificar la incre\u00edble dureza con la que estaba siendo detenido y despu\u00e9s puesto en prisi\u00f3n; sino que tambi\u00e9n pusieron de su parte para seguir alimentando un imaginario&nbsp;islam\u00f3fobo&nbsp;que ve s\u00edntomas de radicalizaci\u00f3n en todo lo relacionado con&nbsp;la pr\u00e1ctica&nbsp;religiosa. Con m\u00e1s o menos influencia, ya sea por Twitch o en papel, los medios de comunicaci\u00f3n contin\u00faan siendo un mecanismo importante a la hora de construir<strong>&nbsp;les imaginaires communs<\/strong>, et lorsqu'il s'agit de nous signaler ce qui est<strong>&nbsp;le dangereux&nbsp;<\/strong>et ce qui est&nbsp;<strong>ce qui est important<\/strong>. Comme le souligne Salma dans l'\u00e9pisode, les m\u00e9dias ont un r\u00f4le \u00e0 jouer \u00e0 cet \u00e9gard.&nbsp;<strong>une \u00e9norme responsabilit\u00e9<\/strong>Le fait qu'elle se limite \u00e0 servir de porte-parole \u00e0 la version officielle ne fait que renforcer ou l\u00e9gitimer l'exercice de la violence contre tout ce que l'\u00c9tat per\u00e7oit comme une menace.<\/p>\n\n\n\n<p>Tout au long de l'\u00e9pisode, notre protagoniste r\u00e9v\u00e8le les nombreux impacts qu'il subit du fait d'avoir pass\u00e9 autant de temps en prison. Parmi ses inqui\u00e9tudes, l'incertitude quant \u00e0 l'avenir est toujours pr\u00e9sente. Il se demande ce que ses enfants penseront de son histoire quand ils seront grands, si un jour ils tombent sur les m\u00eames archives de journaux que celles que nous avons trouv\u00e9es. \u201c<strong>Se sentiront-ils humili\u00e9s ou seront-ils fiers que j'aie r\u00e9ussi \u00e0 aller jusqu'au bout malgr\u00e9 tout ?<\/strong>\u201d, demande-t-elle. Esp\u00e9rons que toutes ces ann\u00e9es de lutte - que nous tentons de r\u00e9sumer dans cet \u00e9pisode - aideront ses enfants \u00e0 entendre sa v\u00e9rit\u00e9.<\/p>\n\n\n\n<div class=\"wp-block-group is-nowrap is-layout-flex wp-container-core-group-is-layout-6c531013 wp-block-group-is-layout-flex\">\n<figure class=\"wp-block-image size-full\"><img fetchpriority=\"high\" decoding=\"async\" width=\"1080\" height=\"1080\" src=\"https:\/\/centrosira.org\/wp-content\/uploads\/2026\/03\/sebas_perfil_equipo_sira_1.webp\" class=\"wp-image-802\" srcset=\"https:\/\/centrosira.org\/wp-content\/uploads\/2026\/03\/sebas_perfil_equipo_sira_1.webp 1080w, https:\/\/centrosira.org\/wp-content\/uploads\/2026\/03\/sebas_perfil_equipo_sira_1-300x300.webp 300w, https:\/\/centrosira.org\/wp-content\/uploads\/2026\/03\/sebas_perfil_equipo_sira_1-1024x1024.webp 1024w, https:\/\/centrosira.org\/wp-content\/uploads\/2026\/03\/sebas_perfil_equipo_sira_1-150x150.webp 150w, https:\/\/centrosira.org\/wp-content\/uploads\/2026\/03\/sebas_perfil_equipo_sira_1-768x768.webp 768w, https:\/\/centrosira.org\/wp-content\/uploads\/2026\/03\/sebas_perfil_equipo_sira_1-12x12.webp 12w\" sizes=\"(max-width: 1080px) 100vw, 1080px\" \/><\/figure>\n\n\n\n<div class=\"wp-block-group is-vertical is-layout-flex wp-container-core-group-is-layout-fe9cc265 wp-block-group-is-layout-flex\">\n<p>\u201dIl faut esp\u00e9rer que toutes ces ann\u00e9es de lutte - que nous essayons de r\u00e9sumer dans cet \u00e9pisode - aideront leurs enfants \u00e0 entendre leur v\u00e9rit\u00e9.<\/p>\n\n\n\n<p>Sebas Rodriguez<\/p>\n\n\n\n<p>Responsable de la communication du Centre Sira<\/p>\n<\/div>\n<\/div>","protected":false},"excerpt":{"rendered":"<p>La detenci\u00f3n de Omar se cont\u00f3 con todo detalle. Son relatos \u00e9picos, de cine, en los que los cuerpos de seguridad tiran puertas abajo, desbloquean contrase\u00f1as, cortan calles, incautan discos y tambi\u00e9n armas. Nada que ver con lo que a\u00f1os m\u00e1s tarde escuchar\u00edamos de boca del protagonista. SEBAS RODR\u00cdGUEZ | Responsable de Comunicaci\u00f3n del Centro [&hellip;]<\/p>\n","protected":false},"author":3,"featured_media":801,"comment_status":"open","ping_status":"open","sticky":false,"template":"","format":"standard","meta":{"footnotes":""},"categories":[24,25],"tags":[],"class_list":["post-800","post","type-post","status-publish","format-standard","has-post-thumbnail","hentry","category-otra-mirada","category-sira"],"yoast_head":"<!-- This site is optimized with the Yoast SEO plugin v27.4 - https:\/\/yoast.com\/product\/yoast-seo-wordpress\/ -->\n<title>Islamofobia en directo - Centro Sira<\/title>\n<meta name=\"robots\" content=\"index, follow, max-snippet:-1, max-image-preview:large, max-video-preview:-1\" \/>\n<link rel=\"canonical\" href=\"https:\/\/centrosira.org\/fr\/podcast-centro-sira-newsletter-otra-mirada-islamofobia\/\" \/>\n<meta property=\"og:locale\" content=\"fr_FR\" \/>\n<meta property=\"og:type\" content=\"article\" \/>\n<meta property=\"og:title\" content=\"Islamofobia en directo - Centro Sira\" \/>\n<meta property=\"og:description\" content=\"La detenci\u00f3n de Omar se cont\u00f3 con todo detalle. Son relatos \u00e9picos, de cine, en los que los cuerpos de seguridad tiran puertas abajo, desbloquean contrase\u00f1as, cortan calles, incautan discos y tambi\u00e9n armas. Nada que ver con lo que a\u00f1os m\u00e1s tarde escuchar\u00edamos de boca del protagonista. SEBAS RODR\u00cdGUEZ | Responsable de Comunicaci\u00f3n del Centro [&hellip;]\" \/>\n<meta property=\"og:url\" content=\"https:\/\/centrosira.org\/fr\/podcast-centro-sira-newsletter-otra-mirada-islamofobia\/\" \/>\n<meta property=\"og:site_name\" content=\"Centro Sira\" \/>\n<meta property=\"article:publisher\" content=\"https:\/\/www.facebook.com\/siracentro\" \/>\n<meta property=\"article:published_time\" content=\"2026-03-05T13:00:36+00:00\" \/>\n<meta property=\"article:modified_time\" content=\"2026-03-09T10:49:29+00:00\" \/>\n<meta property=\"og:image\" content=\"https:\/\/centrosira.org\/wp-content\/uploads\/2026\/03\/sira_podcast_brechas_1.webp\" \/>\n\t<meta property=\"og:image:width\" content=\"1920\" \/>\n\t<meta property=\"og:image:height\" content=\"1080\" \/>\n\t<meta property=\"og:image:type\" content=\"image\/webp\" \/>\n<meta name=\"author\" content=\"Israel V\" \/>\n<meta name=\"twitter:card\" content=\"summary_large_image\" \/>\n<meta name=\"twitter:creator\" content=\"@sira_centro\" \/>\n<meta name=\"twitter:site\" content=\"@sira_centro\" \/>\n<meta name=\"twitter:label1\" content=\"\u00c9crit par\" \/>\n\t<meta name=\"twitter:data1\" content=\"Israel V\" \/>\n\t<meta name=\"twitter:label2\" content=\"Dur\u00e9e de lecture estim\u00e9e\" \/>\n\t<meta name=\"twitter:data2\" content=\"5 minutes\" \/>\n<script type=\"application\/ld+json\" class=\"yoast-schema-graph\">{\"@context\":\"https:\\\/\\\/schema.org\",\"@graph\":[{\"@type\":\"Article\",\"@id\":\"https:\\\/\\\/centrosira.org\\\/podcast-centro-sira-newsletter-otra-mirada-islamofobia\\\/#article\",\"isPartOf\":{\"@id\":\"https:\\\/\\\/centrosira.org\\\/podcast-centro-sira-newsletter-otra-mirada-islamofobia\\\/\"},\"author\":{\"name\":\"Israel V\",\"@id\":\"https:\\\/\\\/centrosira.org\\\/#\\\/schema\\\/person\\\/9815ff63267f2e2957c81988f684c7ba\"},\"headline\":\"Islamofobia en directo\",\"datePublished\":\"2026-03-05T13:00:36+00:00\",\"dateModified\":\"2026-03-09T10:49:29+00:00\",\"mainEntityOfPage\":{\"@id\":\"https:\\\/\\\/centrosira.org\\\/podcast-centro-sira-newsletter-otra-mirada-islamofobia\\\/\"},\"wordCount\":1069,\"commentCount\":0,\"publisher\":{\"@id\":\"https:\\\/\\\/centrosira.org\\\/#organization\"},\"image\":{\"@id\":\"https:\\\/\\\/centrosira.org\\\/podcast-centro-sira-newsletter-otra-mirada-islamofobia\\\/#primaryimage\"},\"thumbnailUrl\":\"https:\\\/\\\/centrosira.org\\\/wp-content\\\/uploads\\\/2026\\\/03\\\/sira_podcast_brechas_1.webp\",\"articleSection\":[\"Otra mirada\",\"SIRA\"],\"inLanguage\":\"fr-FR\",\"potentialAction\":[{\"@type\":\"CommentAction\",\"name\":\"Comment\",\"target\":[\"https:\\\/\\\/centrosira.org\\\/podcast-centro-sira-newsletter-otra-mirada-islamofobia\\\/#respond\"]}]},{\"@type\":\"WebPage\",\"@id\":\"https:\\\/\\\/centrosira.org\\\/podcast-centro-sira-newsletter-otra-mirada-islamofobia\\\/\",\"url\":\"https:\\\/\\\/centrosira.org\\\/podcast-centro-sira-newsletter-otra-mirada-islamofobia\\\/\",\"name\":\"Islamofobia en directo - Centro Sira\",\"isPartOf\":{\"@id\":\"https:\\\/\\\/centrosira.org\\\/#website\"},\"primaryImageOfPage\":{\"@id\":\"https:\\\/\\\/centrosira.org\\\/podcast-centro-sira-newsletter-otra-mirada-islamofobia\\\/#primaryimage\"},\"image\":{\"@id\":\"https:\\\/\\\/centrosira.org\\\/podcast-centro-sira-newsletter-otra-mirada-islamofobia\\\/#primaryimage\"},\"thumbnailUrl\":\"https:\\\/\\\/centrosira.org\\\/wp-content\\\/uploads\\\/2026\\\/03\\\/sira_podcast_brechas_1.webp\",\"datePublished\":\"2026-03-05T13:00:36+00:00\",\"dateModified\":\"2026-03-09T10:49:29+00:00\",\"breadcrumb\":{\"@id\":\"https:\\\/\\\/centrosira.org\\\/podcast-centro-sira-newsletter-otra-mirada-islamofobia\\\/#breadcrumb\"},\"inLanguage\":\"fr-FR\",\"potentialAction\":[{\"@type\":\"ReadAction\",\"target\":[\"https:\\\/\\\/centrosira.org\\\/podcast-centro-sira-newsletter-otra-mirada-islamofobia\\\/\"]}]},{\"@type\":\"ImageObject\",\"inLanguage\":\"fr-FR\",\"@id\":\"https:\\\/\\\/centrosira.org\\\/podcast-centro-sira-newsletter-otra-mirada-islamofobia\\\/#primaryimage\",\"url\":\"https:\\\/\\\/centrosira.org\\\/wp-content\\\/uploads\\\/2026\\\/03\\\/sira_podcast_brechas_1.webp\",\"contentUrl\":\"https:\\\/\\\/centrosira.org\\\/wp-content\\\/uploads\\\/2026\\\/03\\\/sira_podcast_brechas_1.webp\",\"width\":1920,\"height\":1080},{\"@type\":\"BreadcrumbList\",\"@id\":\"https:\\\/\\\/centrosira.org\\\/podcast-centro-sira-newsletter-otra-mirada-islamofobia\\\/#breadcrumb\",\"itemListElement\":[{\"@type\":\"ListItem\",\"position\":1,\"name\":\"Portada\",\"item\":\"https:\\\/\\\/centrosira.org\\\/\"},{\"@type\":\"ListItem\",\"position\":2,\"name\":\"Islamofobia en directo\"}]},{\"@type\":\"WebSite\",\"@id\":\"https:\\\/\\\/centrosira.org\\\/#website\",\"url\":\"https:\\\/\\\/centrosira.org\\\/\",\"name\":\"Centro Sira\",\"description\":\"\",\"publisher\":{\"@id\":\"https:\\\/\\\/centrosira.org\\\/#organization\"},\"alternateName\":\"Centro de Atenci\u00f3n a V\u00edctimas de Malos Tratos y Tortura\",\"potentialAction\":[{\"@type\":\"SearchAction\",\"target\":{\"@type\":\"EntryPoint\",\"urlTemplate\":\"https:\\\/\\\/centrosira.org\\\/?s={search_term_string}\"},\"query-input\":{\"@type\":\"PropertyValueSpecification\",\"valueRequired\":true,\"valueName\":\"search_term_string\"}}],\"inLanguage\":\"fr-FR\"},{\"@type\":\"Organization\",\"@id\":\"https:\\\/\\\/centrosira.org\\\/#organization\",\"name\":\"Centro Sira\",\"alternateName\":\"Sira\",\"url\":\"https:\\\/\\\/centrosira.org\\\/\",\"logo\":{\"@type\":\"ImageObject\",\"inLanguage\":\"fr-FR\",\"@id\":\"https:\\\/\\\/centrosira.org\\\/#\\\/schema\\\/logo\\\/image\\\/\",\"url\":null,\"contentUrl\":null,\"width\":null,\"height\":null,\"caption\":\"Centro Sira\"},\"image\":{\"@id\":\"https:\\\/\\\/centrosira.org\\\/#\\\/schema\\\/logo\\\/image\\\/\"},\"sameAs\":[\"https:\\\/\\\/www.facebook.com\\\/siracentro\",\"https:\\\/\\\/x.com\\\/sira_centro\",\"https:\\\/\\\/www.instagram.com\\\/sira_centro\\\/\",\"https:\\\/\\\/www.linkedin.com\\\/company\\\/sira-centro\\\/?originalSubdomain=es\",\"https:\\\/\\\/www.youtube.com\\\/@sira_centro\"]},{\"@type\":\"Person\",\"@id\":\"https:\\\/\\\/centrosira.org\\\/#\\\/schema\\\/person\\\/9815ff63267f2e2957c81988f684c7ba\",\"name\":\"Israel V\",\"image\":{\"@type\":\"ImageObject\",\"inLanguage\":\"fr-FR\",\"@id\":\"https:\\\/\\\/secure.gravatar.com\\\/avatar\\\/b835441d5f77c22b9bbc6c394fca699d2d7dfd928f4ff56c43763984e664c8f2?s=96&d=mm&r=g\",\"url\":\"https:\\\/\\\/secure.gravatar.com\\\/avatar\\\/b835441d5f77c22b9bbc6c394fca699d2d7dfd928f4ff56c43763984e664c8f2?s=96&d=mm&r=g\",\"contentUrl\":\"https:\\\/\\\/secure.gravatar.com\\\/avatar\\\/b835441d5f77c22b9bbc6c394fca699d2d7dfd928f4ff56c43763984e664c8f2?s=96&d=mm&r=g\",\"caption\":\"Israel V\"},\"url\":\"https:\\\/\\\/centrosira.org\\\/fr\\\/author\\\/contelob2892sira\\\/\"}]}<\/script>\n<!-- \/ Yoast SEO plugin. -->","yoast_head_json":{"title":"Islamofobia en directo - Centro Sira","robots":{"index":"index","follow":"follow","max-snippet":"max-snippet:-1","max-image-preview":"max-image-preview:large","max-video-preview":"max-video-preview:-1"},"canonical":"https:\/\/centrosira.org\/fr\/podcast-centro-sira-newsletter-otra-mirada-islamofobia\/","og_locale":"fr_FR","og_type":"article","og_title":"Islamofobia en directo - Centro Sira","og_description":"La detenci\u00f3n de Omar se cont\u00f3 con todo detalle. Son relatos \u00e9picos, de cine, en los que los cuerpos de seguridad tiran puertas abajo, desbloquean contrase\u00f1as, cortan calles, incautan discos y tambi\u00e9n armas. Nada que ver con lo que a\u00f1os m\u00e1s tarde escuchar\u00edamos de boca del protagonista. SEBAS RODR\u00cdGUEZ | Responsable de Comunicaci\u00f3n del Centro [&hellip;]","og_url":"https:\/\/centrosira.org\/fr\/podcast-centro-sira-newsletter-otra-mirada-islamofobia\/","og_site_name":"Centro Sira","article_publisher":"https:\/\/www.facebook.com\/siracentro","article_published_time":"2026-03-05T13:00:36+00:00","article_modified_time":"2026-03-09T10:49:29+00:00","og_image":[{"width":1920,"height":1080,"url":"https:\/\/centrosira.org\/wp-content\/uploads\/2026\/03\/sira_podcast_brechas_1.webp","type":"image\/webp"}],"author":"Israel V","twitter_card":"summary_large_image","twitter_creator":"@sira_centro","twitter_site":"@sira_centro","twitter_misc":{"\u00c9crit par":"Israel V","Dur\u00e9e de lecture estim\u00e9e":"5 minutes"},"schema":{"@context":"https:\/\/schema.org","@graph":[{"@type":"Article","@id":"https:\/\/centrosira.org\/podcast-centro-sira-newsletter-otra-mirada-islamofobia\/#article","isPartOf":{"@id":"https:\/\/centrosira.org\/podcast-centro-sira-newsletter-otra-mirada-islamofobia\/"},"author":{"name":"Israel V","@id":"https:\/\/centrosira.org\/#\/schema\/person\/9815ff63267f2e2957c81988f684c7ba"},"headline":"Islamofobia en directo","datePublished":"2026-03-05T13:00:36+00:00","dateModified":"2026-03-09T10:49:29+00:00","mainEntityOfPage":{"@id":"https:\/\/centrosira.org\/podcast-centro-sira-newsletter-otra-mirada-islamofobia\/"},"wordCount":1069,"commentCount":0,"publisher":{"@id":"https:\/\/centrosira.org\/#organization"},"image":{"@id":"https:\/\/centrosira.org\/podcast-centro-sira-newsletter-otra-mirada-islamofobia\/#primaryimage"},"thumbnailUrl":"https:\/\/centrosira.org\/wp-content\/uploads\/2026\/03\/sira_podcast_brechas_1.webp","articleSection":["Otra mirada","SIRA"],"inLanguage":"fr-FR","potentialAction":[{"@type":"CommentAction","name":"Comment","target":["https:\/\/centrosira.org\/podcast-centro-sira-newsletter-otra-mirada-islamofobia\/#respond"]}]},{"@type":"WebPage","@id":"https:\/\/centrosira.org\/podcast-centro-sira-newsletter-otra-mirada-islamofobia\/","url":"https:\/\/centrosira.org\/podcast-centro-sira-newsletter-otra-mirada-islamofobia\/","name":"Islamofobia en directo - Centro Sira","isPartOf":{"@id":"https:\/\/centrosira.org\/#website"},"primaryImageOfPage":{"@id":"https:\/\/centrosira.org\/podcast-centro-sira-newsletter-otra-mirada-islamofobia\/#primaryimage"},"image":{"@id":"https:\/\/centrosira.org\/podcast-centro-sira-newsletter-otra-mirada-islamofobia\/#primaryimage"},"thumbnailUrl":"https:\/\/centrosira.org\/wp-content\/uploads\/2026\/03\/sira_podcast_brechas_1.webp","datePublished":"2026-03-05T13:00:36+00:00","dateModified":"2026-03-09T10:49:29+00:00","breadcrumb":{"@id":"https:\/\/centrosira.org\/podcast-centro-sira-newsletter-otra-mirada-islamofobia\/#breadcrumb"},"inLanguage":"fr-FR","potentialAction":[{"@type":"ReadAction","target":["https:\/\/centrosira.org\/podcast-centro-sira-newsletter-otra-mirada-islamofobia\/"]}]},{"@type":"ImageObject","inLanguage":"fr-FR","@id":"https:\/\/centrosira.org\/podcast-centro-sira-newsletter-otra-mirada-islamofobia\/#primaryimage","url":"https:\/\/centrosira.org\/wp-content\/uploads\/2026\/03\/sira_podcast_brechas_1.webp","contentUrl":"https:\/\/centrosira.org\/wp-content\/uploads\/2026\/03\/sira_podcast_brechas_1.webp","width":1920,"height":1080},{"@type":"BreadcrumbList","@id":"https:\/\/centrosira.org\/podcast-centro-sira-newsletter-otra-mirada-islamofobia\/#breadcrumb","itemListElement":[{"@type":"ListItem","position":1,"name":"Portada","item":"https:\/\/centrosira.org\/"},{"@type":"ListItem","position":2,"name":"Islamofobia en directo"}]},{"@type":"WebSite","@id":"https:\/\/centrosira.org\/#website","url":"https:\/\/centrosira.org\/","name":"Centre Sira","description":"","publisher":{"@id":"https:\/\/centrosira.org\/#organization"},"alternateName":"Centro de Atenci\u00f3n a V\u00edctimas de Malos Tratos y Tortura","potentialAction":[{"@type":"SearchAction","target":{"@type":"EntryPoint","urlTemplate":"https:\/\/centrosira.org\/?s={search_term_string}"},"query-input":{"@type":"PropertyValueSpecification","valueRequired":true,"valueName":"search_term_string"}}],"inLanguage":"fr-FR"},{"@type":"Organization","@id":"https:\/\/centrosira.org\/#organization","name":"Centre Sira","alternateName":"Sira","url":"https:\/\/centrosira.org\/","logo":{"@type":"ImageObject","inLanguage":"fr-FR","@id":"https:\/\/centrosira.org\/#\/schema\/logo\/image\/","url":null,"contentUrl":null,"width":null,"height":null,"caption":"Centro Sira"},"image":{"@id":"https:\/\/centrosira.org\/#\/schema\/logo\/image\/"},"sameAs":["https:\/\/www.facebook.com\/siracentro","https:\/\/x.com\/sira_centro","https:\/\/www.instagram.com\/sira_centro\/","https:\/\/www.linkedin.com\/company\/sira-centro\/?originalSubdomain=es","https:\/\/www.youtube.com\/@sira_centro"]},{"@type":"Person","@id":"https:\/\/centrosira.org\/#\/schema\/person\/9815ff63267f2e2957c81988f684c7ba","name":"Isra\u00ebl V","image":{"@type":"ImageObject","inLanguage":"fr-FR","@id":"https:\/\/secure.gravatar.com\/avatar\/b835441d5f77c22b9bbc6c394fca699d2d7dfd928f4ff56c43763984e664c8f2?s=96&d=mm&r=g","url":"https:\/\/secure.gravatar.com\/avatar\/b835441d5f77c22b9bbc6c394fca699d2d7dfd928f4ff56c43763984e664c8f2?s=96&d=mm&r=g","contentUrl":"https:\/\/secure.gravatar.com\/avatar\/b835441d5f77c22b9bbc6c394fca699d2d7dfd928f4ff56c43763984e664c8f2?s=96&d=mm&r=g","caption":"Israel V"},"url":"https:\/\/centrosira.org\/fr\/author\/contelob2892sira\/"}]}},"_links":{"self":[{"href":"https:\/\/centrosira.org\/fr\/wp-json\/wp\/v2\/posts\/800","targetHints":{"allow":["GET"]}}],"collection":[{"href":"https:\/\/centrosira.org\/fr\/wp-json\/wp\/v2\/posts"}],"about":[{"href":"https:\/\/centrosira.org\/fr\/wp-json\/wp\/v2\/types\/post"}],"author":[{"embeddable":true,"href":"https:\/\/centrosira.org\/fr\/wp-json\/wp\/v2\/users\/3"}],"replies":[{"embeddable":true,"href":"https:\/\/centrosira.org\/fr\/wp-json\/wp\/v2\/comments?post=800"}],"version-history":[{"count":2,"href":"https:\/\/centrosira.org\/fr\/wp-json\/wp\/v2\/posts\/800\/revisions"}],"predecessor-version":[{"id":1009,"href":"https:\/\/centrosira.org\/fr\/wp-json\/wp\/v2\/posts\/800\/revisions\/1009"}],"wp:featuredmedia":[{"embeddable":true,"href":"https:\/\/centrosira.org\/fr\/wp-json\/wp\/v2\/media\/801"}],"wp:attachment":[{"href":"https:\/\/centrosira.org\/fr\/wp-json\/wp\/v2\/media?parent=800"}],"wp:term":[{"taxonomy":"category","embeddable":true,"href":"https:\/\/centrosira.org\/fr\/wp-json\/wp\/v2\/categories?post=800"},{"taxonomy":"post_tag","embeddable":true,"href":"https:\/\/centrosira.org\/fr\/wp-json\/wp\/v2\/tags?post=800"}],"curies":[{"name":"wp","href":"https:\/\/api.w.org\/{rel}","templated":true}]}}