{"id":758,"date":"2026-03-05T12:11:42","date_gmt":"2026-03-05T11:11:42","guid":{"rendered":"https:\/\/centrosira.org\/?p=758"},"modified":"2026-03-09T11:52:59","modified_gmt":"2026-03-09T10:52:59","slug":"centro-sira-protocolo-estambul-migraciones-frontera-sur","status":"publish","type":"post","link":"https:\/\/centrosira.org\/fr\/centro-sira-protocolo-estambul-migraciones-frontera-sur\/","title":{"rendered":"COMMUNIQUE : Le nouveau protocole de la police des fronti\u00e8res rend les victimes de la torture invisibles"},"content":{"rendered":"<h3 class=\"wp-block-heading\">ElDiario.es desvela un Protocolo policial para agentes en Frontera que no solo criminaliza a las personas en movimiento, sino que tambi\u00e9n invisibiliza a las posibles v\u00edctimas de tortura y malos tratos.<\/h3>\n\n\n\n<p>El pasado 7 de mayo, elDiario.es public\u00f3&nbsp;<a href=\"https:\/\/www.eldiario.es\/politica\/instruccion-policial-identificar-mafiosos-terroristas-patera-lugar-sientan-tipo-cicatrices_1_11332399.html\">un art\u00edculo<\/a>&nbsp;en el que describe las directrices que la&nbsp;<strong>Direcci\u00f3n General de Polic\u00eda<\/strong>&nbsp;ha difundido entre sus agentes en Frontera, para \u00abidentificar a los miembros de las mafias que viajan junto a los migrantes en las pateras y detectar a posibles terroristas camuflados\u201d. El Protocolo recoge una serie de indicios que seg\u00fan las autoridades servir\u00edan para detectar a los miembros de las&nbsp;<strong>redes mafiosas<\/strong>: estar sentado pr\u00f3ximo a los motores de la embarcaci\u00f3n; parecer estar custodiando la comida, el agua o la gasolina del grupo; o reflejar una actitud de&nbsp;<strong>liderazgo<\/strong>, en lugar de un comportamiento&nbsp;<strong>vulnerable<\/strong>, entre otras.<\/p>\n\n\n\n<p>En lo que se refiere a la identificaci\u00f3n de posibles miembros de&nbsp;<strong>grupos violentos<\/strong>, el protocolo tambi\u00e9n establece una lista de indicadores: que la persona haya sufrido la&nbsp;<strong>amputaci\u00f3n&nbsp;<\/strong>de alguno de sus miembros, que presente&nbsp;<strong>moratones&nbsp;<\/strong>o bien&nbsp;<strong>heridas&nbsp;<\/strong>de arma blanca o de bala, o que cuente con un alto n\u00famero de&nbsp;<strong>cicatrices&nbsp;<\/strong>en su cuerpo. Todos, ser\u00edan indicativos para la Polic\u00eda de que se est\u00e1 delante de un&nbsp;<strong>posible terrorista<\/strong>.<\/p>\n\n\n\n<p>Como organizaci\u00f3n que cuenta con una larga trayectoria en el acompa\u00f1amiento integral a&nbsp;<strong>personas migrantes supervivientes de tortura<\/strong>, entendemos que este Protocolo no solo supone una&nbsp;<strong>criminalisation&nbsp;<\/strong>de las personas en movimiento, sino que tambi\u00e9n&nbsp;<strong>invisibiliza&nbsp;<\/strong>a las posibles v\u00edctimas de tortura y malos tratos.<\/p>\n\n\n\n<figure class=\"wp-block-image size-full\"><img fetchpriority=\"high\" decoding=\"async\" width=\"1920\" height=\"1080\" src=\"https:\/\/centrosira.org\/wp-content\/uploads\/2026\/03\/centro_sira_migraciones_protocolo_estambul_comunicado_1.webp\" class=\"wp-image-760\" srcset=\"https:\/\/centrosira.org\/wp-content\/uploads\/2026\/03\/centro_sira_migraciones_protocolo_estambul_comunicado_1.webp 1920w, https:\/\/centrosira.org\/wp-content\/uploads\/2026\/03\/centro_sira_migraciones_protocolo_estambul_comunicado_1-300x169.webp 300w, https:\/\/centrosira.org\/wp-content\/uploads\/2026\/03\/centro_sira_migraciones_protocolo_estambul_comunicado_1-1024x576.webp 1024w, https:\/\/centrosira.org\/wp-content\/uploads\/2026\/03\/centro_sira_migraciones_protocolo_estambul_comunicado_1-768x432.webp 768w, https:\/\/centrosira.org\/wp-content\/uploads\/2026\/03\/centro_sira_migraciones_protocolo_estambul_comunicado_1-1536x864.webp 1536w, https:\/\/centrosira.org\/wp-content\/uploads\/2026\/03\/centro_sira_migraciones_protocolo_estambul_comunicado_1-18x10.webp 18w\" sizes=\"(max-width: 1920px) 100vw, 1920px\" \/><\/figure>\n\n\n\n<p><strong>En primer lugar<\/strong>, la instrucci\u00f3n pasa por alto la posibilidad de que quienes ocupan los aparentes \u201cpuestos de mando\u201d puedan ser personas forzadas a asumirlos por las propias redes que organizan el viaje, y que permanecen en tierra. Un&nbsp;<a href=\"https:\/\/www.unodc.org\/res\/som\/docs\/Observatory_StoryMap_3_NorthWestAfrica.pdf\">rapport<\/a>&nbsp;de&nbsp;<strong>Nations Unies<\/strong>&nbsp;aclara que los conductores de lanchas rara vez est\u00e1n asociados a grupos delictivos organizados y que, si acaso lo est\u00e1n, se trata de actores de muy bajo nivel. Durante 2023, el Centro para la Defensa de los Derechos Humanos,&nbsp;<strong>Iridia<\/strong>, identific\u00f3 al menos&nbsp;<a href=\"https:\/\/iridia.cat\/wp-content\/uploads\/2024\/01\/Informe-Canarias_12_2023_v3.pdf\">4 ni\u00f1os<\/a>&nbsp;en prisi\u00f3n preventiva acusados de tr\u00e1fico de personas.<\/p>\n\n\n\n<p>Por otro lado, en nuestra experiencia como&nbsp;<strong>Centre de soins pour les victimes de mauvais traitements et de torture<\/strong>, no entendemos c\u00f3mo se puede reducir la ubicaci\u00f3n y la forma de las&nbsp;<strong>secuelas f\u00edsicas<\/strong>&nbsp;de las personas en movimiento, a indicios para identificar a posibles miembros de grupos violentos. El tama\u00f1o, el color, la ubicaci\u00f3n, la forma o el relato del origen de las heridas f\u00edsicas son precisamente&nbsp;<a href=\"https:\/\/tidsskrift.dk\/torture-journal\/article\/view\/135899\/181374\">indicadores<\/a>&nbsp;que en muchas ocasiones nos advierten de que estamos frente a una&nbsp;<strong>v\u00edctima de tortura<\/strong>. En el caso de las personas&nbsp;<strong>reci\u00e9n llegadas<\/strong>, podr\u00edan servirnos adem\u00e1s como se\u00f1al de que la persona necesita asistencia terap\u00e9utica y cl\u00ednica&nbsp;<strong>urgent<\/strong>. Al poner el foco en las secuelas f\u00edsicas, este Protocolo&nbsp;<strong>pone en riesgo<\/strong>&nbsp;e invisibiliza a las posibles v\u00edctimas.<\/p>\n\n\n\n<p>En muchas ocasiones, las supervivientes de tortura presentan lesiones f\u00edsicas como consecuencia de los procesos de tortura que han sufrido tanto en sus pa\u00edses de origen, como en los pa\u00edses de tr\u00e1nsito. Quienes realizan su viaje migratorio de&nbsp;<strong>\u00c1frica hacia Espa\u00f1a<\/strong>, en un important\u00edsimo n\u00famero de casos, se enfrentan a violencias sistem\u00e1ticas que dejan&nbsp;<strong>marcas imborrables en el cuerpo<\/strong>, y que incluyen agresiones f\u00edsicas extremas, explotaci\u00f3n laboral, pobreza extrema, secuestros o violencia sexual. En nuestro informe \u201c<a href=\"https:\/\/www.psicosocial.net\/investigacion\/africa-espana-trayecto-migratorio-tortura-violencia-transito\/\">Les labyrinthes de la torture<\/a>\u201d, examinamos los impactos f\u00edsicos y psicol\u00f3gicos de estas violencias y determinamos que el&nbsp;<strong>97,7%<\/strong>&nbsp;de los casos analizados sufri\u00f3 agresiones f\u00edsicas.<\/p>\n\n\n\n<p>La violencia sufrida en el tr\u00e1nsito genera un<strong>&nbsp;impacto f\u00edsico y psicol\u00f3gico&nbsp;<\/strong>en muchas ocasiones&nbsp;<strong>permanent ou irr\u00e9ductible<\/strong>. \u00bfCu\u00e1nto da\u00f1o puede generar a una v\u00edctima de tortura, que escapa de una situaci\u00f3n l\u00edmite, ser adem\u00e1s acusada de pertenecer a un grupo violento?<\/p>\n\n\n\n<blockquote class=\"wp-block-quote is-layout-flow wp-block-quote-is-layout-flow\" style=\"margin-top:15px;margin-bottom:15px\">\n<p>\u201dEl funcionariado en Frontera puede jugar un papel clave en la identificaci\u00f3n temprana de las v\u00edctimas de malos tratos y tortura, as\u00ed como en la puesta en marcha de un proceso de derivaci\u00f3n que le ofrezca atenci\u00f3n, seguridad, y evite la revictimizaci\u00f3n.<\/p>\n<\/blockquote>\n\n\n\n<p>Tal y como llevan denunciando desde hace a\u00f1os las organizaciones defensoras de derechos humanos que trabajan en Frontera, el \u00fanico camino eficaz para evitar muertes y combatir la trata de personas, es la garant\u00eda de contar con v\u00edas legales y seguras para las personas en movimiento. Seg\u00fan el colectivo&nbsp;<strong>Marcher aux fronti\u00e8res<\/strong>,&nbsp;<a href=\"https:\/\/caminandofronteras.org\/monitoreo\/monitoreo-del-derecho-a-la-vida-ano-2023\/\"><strong>6.618 personas<\/strong><\/a>&nbsp;perdieron la vida en la Frontera Occidental Euroafricana en su camino hacia el Estado Espa\u00f1ol. Por su parte, la&nbsp;<strong>Asociaci\u00f3n Pro Derechos Humanos de Andaluc\u00eda (APDHA)<\/strong>&nbsp;contabiliz\u00f3 que en 2023, hasta&nbsp;<a href=\"https:\/\/www.apdha.org\/informe-frontera-sur-2024-cies-espacios-sin-derechos-para-migrantes\/\"><strong>2.789 personas<\/strong><\/a>&nbsp;perdieron la vida o desaparecieron en la Frontera Sur intentando llegar a territorio espa\u00f1ol.<\/p>\n\n\n\n<p>Lejos de trabajar por la&nbsp;<strong>securitizaci\u00f3n y criminalizaci\u00f3n<\/strong>&nbsp;de las fronteras, en un escenario semejante, cabe que el Estado redirija sus esfuerzos hacia el respeto de los&nbsp;<strong>derechos fundamentales<\/strong>&nbsp;de las personas reci\u00e9n llegadas, especialmente en Frontera. Esto incluye tanto asegurar el acceso a una asistencia letrada y a una int\u00e9rprete en caso de detenci\u00f3n; como la garant\u00eda de unas condiciones de acogida dignas. La falta de informaci\u00f3n, la&nbsp;<strong>deshumanizaci\u00f3n&nbsp;<\/strong>y las&nbsp;<strong>condiciones de hacinamiento<\/strong>&nbsp;que sufren las personas en los Centros de Acogida, no hacen m\u00e1s que&nbsp;<a href=\"https:\/\/www.psicosocial.net\/investigacion\/frontera-sur\/\">reavivar los impactos previos<\/a>&nbsp;que sufren las personas.<\/p>\n\n\n\n<p>Respecto a las supervivientes de tortura, no puede pasarse por alto que el funcionariado en Frontera puede jugar un papel clave en la identificaci\u00f3n temprana de este tipo de perfiles, as\u00ed como en la puesta en marcha de un proceso de derivaci\u00f3n que le ofrezca atenci\u00f3n, seguridad, y evite la revictimizaci\u00f3n. Para conseguir esto, cabe que los agentes fronterizos reciban una amplia formaci\u00f3n sobre&nbsp;<strong>el riesgo y las consecuencias de la tortura<\/strong>, los signos de alerta temprana, as\u00ed como sobre las propias responsabilidades de los Estados con respecto a las v\u00edctimas de la tortura.<\/p>\n\n\n\n<p>Espa\u00f1a, como pa\u00eds firmante de la Convenci\u00f3n contra los Malos Tratos y Tortura de Naciones Unidas, tiene la obligaci\u00f3n de garantizar el derecho a la rehabilitaci\u00f3n de las personas. Es su trabajo garantizar que las personas migrantes supervivientes de tortura sean identificadas lo antes posible mediante un examen adecuado, de conformidad con el Manual para la investigaci\u00f3n y documentaci\u00f3n eficaces de la tortura y otros tratos o penas crueles, inhumanos o degradantes,&nbsp;<strong>Protocole d'Istanbul<\/strong>.<\/p>\n\n\n\n<p><\/p>","protected":false},"excerpt":{"rendered":"<p>ElDiario.es desvela un Protocolo policial para agentes en Frontera que no solo criminaliza a las personas en movimiento, sino que tambi\u00e9n invisibiliza a las posibles v\u00edctimas de tortura y malos tratos. El pasado 7 de mayo, elDiario.es public\u00f3&nbsp;un art\u00edculo&nbsp;en el que describe las directrices que la&nbsp;Direcci\u00f3n General de Polic\u00eda&nbsp;ha difundido entre sus agentes en Frontera, [&hellip;]<\/p>\n","protected":false},"author":3,"featured_media":759,"comment_status":"open","ping_status":"open","sticky":false,"template":"","format":"standard","meta":{"footnotes":""},"categories":[13,17,25],"tags":[],"class_list":["post-758","post","type-post","status-publish","format-standard","has-post-thumbnail","hentry","category-actualidad","category-frontera-sur","category-sira"],"yoast_head":"<!-- This site is optimized with the Yoast SEO plugin v27.4 - https:\/\/yoast.com\/product\/yoast-seo-wordpress\/ -->\n<title>COMUNICADO | El nuevo Protocolo Policial para los agentes en Frontera invisibiliza a las v\u00edctimas de tortura - Centro Sira<\/title>\n<meta name=\"robots\" content=\"index, follow, max-snippet:-1, max-image-preview:large, max-video-preview:-1\" \/>\n<link rel=\"canonical\" href=\"https:\/\/centrosira.org\/fr\/centro-sira-protocolo-estambul-migraciones-frontera-sur\/\" \/>\n<meta property=\"og:locale\" content=\"fr_FR\" \/>\n<meta property=\"og:type\" content=\"article\" \/>\n<meta property=\"og:title\" content=\"COMUNICADO | El nuevo Protocolo Policial para los agentes en Frontera invisibiliza a las v\u00edctimas de tortura - Centro Sira\" \/>\n<meta property=\"og:description\" content=\"ElDiario.es desvela un Protocolo policial para agentes en Frontera que no solo criminaliza a las personas en movimiento, sino que tambi\u00e9n invisibiliza a las posibles v\u00edctimas de tortura y malos tratos. El pasado 7 de mayo, elDiario.es public\u00f3&nbsp;un art\u00edculo&nbsp;en el que describe las directrices que la&nbsp;Direcci\u00f3n General de Polic\u00eda&nbsp;ha difundido entre sus agentes en Frontera, [&hellip;]\" \/>\n<meta property=\"og:url\" content=\"https:\/\/centrosira.org\/fr\/centro-sira-protocolo-estambul-migraciones-frontera-sur\/\" \/>\n<meta property=\"og:site_name\" content=\"Centro Sira\" \/>\n<meta property=\"article:publisher\" content=\"https:\/\/www.facebook.com\/siracentro\" \/>\n<meta property=\"article:published_time\" content=\"2026-03-05T11:11:42+00:00\" \/>\n<meta property=\"article:modified_time\" content=\"2026-03-09T10:52:59+00:00\" \/>\n<meta property=\"og:image\" content=\"https:\/\/centrosira.org\/wp-content\/uploads\/2026\/03\/mar_2_1.webp\" \/>\n\t<meta property=\"og:image:width\" content=\"2294\" \/>\n\t<meta property=\"og:image:height\" content=\"1290\" \/>\n\t<meta property=\"og:image:type\" content=\"image\/webp\" \/>\n<meta name=\"author\" content=\"Israel V\" \/>\n<meta name=\"twitter:card\" content=\"summary_large_image\" \/>\n<meta name=\"twitter:creator\" content=\"@sira_centro\" \/>\n<meta name=\"twitter:site\" content=\"@sira_centro\" \/>\n<meta name=\"twitter:label1\" content=\"\u00c9crit par\" \/>\n\t<meta name=\"twitter:data1\" content=\"Israel V\" \/>\n\t<meta name=\"twitter:label2\" content=\"Dur\u00e9e de lecture estim\u00e9e\" \/>\n\t<meta name=\"twitter:data2\" content=\"5 minutes\" \/>\n<script type=\"application\/ld+json\" class=\"yoast-schema-graph\">{\"@context\":\"https:\\\/\\\/schema.org\",\"@graph\":[{\"@type\":\"Article\",\"@id\":\"https:\\\/\\\/centrosira.org\\\/centro-sira-protocolo-estambul-migraciones-frontera-sur\\\/#article\",\"isPartOf\":{\"@id\":\"https:\\\/\\\/centrosira.org\\\/centro-sira-protocolo-estambul-migraciones-frontera-sur\\\/\"},\"author\":{\"name\":\"Israel V\",\"@id\":\"https:\\\/\\\/centrosira.org\\\/#\\\/schema\\\/person\\\/9815ff63267f2e2957c81988f684c7ba\"},\"headline\":\"COMUNICADO | El nuevo Protocolo Policial para los agentes en Frontera invisibiliza a las v\u00edctimas de tortura\",\"datePublished\":\"2026-03-05T11:11:42+00:00\",\"dateModified\":\"2026-03-09T10:52:59+00:00\",\"mainEntityOfPage\":{\"@id\":\"https:\\\/\\\/centrosira.org\\\/centro-sira-protocolo-estambul-migraciones-frontera-sur\\\/\"},\"wordCount\":1203,\"commentCount\":0,\"publisher\":{\"@id\":\"https:\\\/\\\/centrosira.org\\\/#organization\"},\"image\":{\"@id\":\"https:\\\/\\\/centrosira.org\\\/centro-sira-protocolo-estambul-migraciones-frontera-sur\\\/#primaryimage\"},\"thumbnailUrl\":\"https:\\\/\\\/centrosira.org\\\/wp-content\\\/uploads\\\/2026\\\/03\\\/mar_2_1.webp\",\"articleSection\":[\"Actualidad\",\"Frontera Sur\",\"SIRA\"],\"inLanguage\":\"fr-FR\",\"potentialAction\":[{\"@type\":\"CommentAction\",\"name\":\"Comment\",\"target\":[\"https:\\\/\\\/centrosira.org\\\/centro-sira-protocolo-estambul-migraciones-frontera-sur\\\/#respond\"]}]},{\"@type\":\"WebPage\",\"@id\":\"https:\\\/\\\/centrosira.org\\\/centro-sira-protocolo-estambul-migraciones-frontera-sur\\\/\",\"url\":\"https:\\\/\\\/centrosira.org\\\/centro-sira-protocolo-estambul-migraciones-frontera-sur\\\/\",\"name\":\"COMUNICADO | El nuevo Protocolo Policial para los agentes en Frontera invisibiliza a las v\u00edctimas de tortura - Centro Sira\",\"isPartOf\":{\"@id\":\"https:\\\/\\\/centrosira.org\\\/#website\"},\"primaryImageOfPage\":{\"@id\":\"https:\\\/\\\/centrosira.org\\\/centro-sira-protocolo-estambul-migraciones-frontera-sur\\\/#primaryimage\"},\"image\":{\"@id\":\"https:\\\/\\\/centrosira.org\\\/centro-sira-protocolo-estambul-migraciones-frontera-sur\\\/#primaryimage\"},\"thumbnailUrl\":\"https:\\\/\\\/centrosira.org\\\/wp-content\\\/uploads\\\/2026\\\/03\\\/mar_2_1.webp\",\"datePublished\":\"2026-03-05T11:11:42+00:00\",\"dateModified\":\"2026-03-09T10:52:59+00:00\",\"breadcrumb\":{\"@id\":\"https:\\\/\\\/centrosira.org\\\/centro-sira-protocolo-estambul-migraciones-frontera-sur\\\/#breadcrumb\"},\"inLanguage\":\"fr-FR\",\"potentialAction\":[{\"@type\":\"ReadAction\",\"target\":[\"https:\\\/\\\/centrosira.org\\\/centro-sira-protocolo-estambul-migraciones-frontera-sur\\\/\"]}]},{\"@type\":\"ImageObject\",\"inLanguage\":\"fr-FR\",\"@id\":\"https:\\\/\\\/centrosira.org\\\/centro-sira-protocolo-estambul-migraciones-frontera-sur\\\/#primaryimage\",\"url\":\"https:\\\/\\\/centrosira.org\\\/wp-content\\\/uploads\\\/2026\\\/03\\\/mar_2_1.webp\",\"contentUrl\":\"https:\\\/\\\/centrosira.org\\\/wp-content\\\/uploads\\\/2026\\\/03\\\/mar_2_1.webp\",\"width\":2294,\"height\":1290},{\"@type\":\"BreadcrumbList\",\"@id\":\"https:\\\/\\\/centrosira.org\\\/centro-sira-protocolo-estambul-migraciones-frontera-sur\\\/#breadcrumb\",\"itemListElement\":[{\"@type\":\"ListItem\",\"position\":1,\"name\":\"Portada\",\"item\":\"https:\\\/\\\/centrosira.org\\\/\"},{\"@type\":\"ListItem\",\"position\":2,\"name\":\"COMUNICADO | El nuevo Protocolo Policial para los agentes en Frontera invisibiliza a las v\u00edctimas de tortura\"}]},{\"@type\":\"WebSite\",\"@id\":\"https:\\\/\\\/centrosira.org\\\/#website\",\"url\":\"https:\\\/\\\/centrosira.org\\\/\",\"name\":\"Centro Sira\",\"description\":\"\",\"publisher\":{\"@id\":\"https:\\\/\\\/centrosira.org\\\/#organization\"},\"alternateName\":\"Centro de Atenci\u00f3n a V\u00edctimas de Malos Tratos y Tortura\",\"potentialAction\":[{\"@type\":\"SearchAction\",\"target\":{\"@type\":\"EntryPoint\",\"urlTemplate\":\"https:\\\/\\\/centrosira.org\\\/?s={search_term_string}\"},\"query-input\":{\"@type\":\"PropertyValueSpecification\",\"valueRequired\":true,\"valueName\":\"search_term_string\"}}],\"inLanguage\":\"fr-FR\"},{\"@type\":\"Organization\",\"@id\":\"https:\\\/\\\/centrosira.org\\\/#organization\",\"name\":\"Centro Sira\",\"alternateName\":\"Sira\",\"url\":\"https:\\\/\\\/centrosira.org\\\/\",\"logo\":{\"@type\":\"ImageObject\",\"inLanguage\":\"fr-FR\",\"@id\":\"https:\\\/\\\/centrosira.org\\\/#\\\/schema\\\/logo\\\/image\\\/\",\"url\":null,\"contentUrl\":null,\"width\":null,\"height\":null,\"caption\":\"Centro Sira\"},\"image\":{\"@id\":\"https:\\\/\\\/centrosira.org\\\/#\\\/schema\\\/logo\\\/image\\\/\"},\"sameAs\":[\"https:\\\/\\\/www.facebook.com\\\/siracentro\",\"https:\\\/\\\/x.com\\\/sira_centro\",\"https:\\\/\\\/www.instagram.com\\\/sira_centro\\\/\",\"https:\\\/\\\/www.linkedin.com\\\/company\\\/sira-centro\\\/?originalSubdomain=es\",\"https:\\\/\\\/www.youtube.com\\\/@sira_centro\"]},{\"@type\":\"Person\",\"@id\":\"https:\\\/\\\/centrosira.org\\\/#\\\/schema\\\/person\\\/9815ff63267f2e2957c81988f684c7ba\",\"name\":\"Israel V\",\"image\":{\"@type\":\"ImageObject\",\"inLanguage\":\"fr-FR\",\"@id\":\"https:\\\/\\\/secure.gravatar.com\\\/avatar\\\/b835441d5f77c22b9bbc6c394fca699d2d7dfd928f4ff56c43763984e664c8f2?s=96&d=mm&r=g\",\"url\":\"https:\\\/\\\/secure.gravatar.com\\\/avatar\\\/b835441d5f77c22b9bbc6c394fca699d2d7dfd928f4ff56c43763984e664c8f2?s=96&d=mm&r=g\",\"contentUrl\":\"https:\\\/\\\/secure.gravatar.com\\\/avatar\\\/b835441d5f77c22b9bbc6c394fca699d2d7dfd928f4ff56c43763984e664c8f2?s=96&d=mm&r=g\",\"caption\":\"Israel V\"},\"url\":\"https:\\\/\\\/centrosira.org\\\/fr\\\/author\\\/contelob2892sira\\\/\"}]}<\/script>\n<!-- \/ Yoast SEO plugin. -->","yoast_head_json":{"title":"COMUNICADO | El nuevo Protocolo Policial para los agentes en Frontera invisibiliza a las v\u00edctimas de tortura - Centro Sira","robots":{"index":"index","follow":"follow","max-snippet":"max-snippet:-1","max-image-preview":"max-image-preview:large","max-video-preview":"max-video-preview:-1"},"canonical":"https:\/\/centrosira.org\/fr\/centro-sira-protocolo-estambul-migraciones-frontera-sur\/","og_locale":"fr_FR","og_type":"article","og_title":"COMUNICADO | El nuevo Protocolo Policial para los agentes en Frontera invisibiliza a las v\u00edctimas de tortura - Centro Sira","og_description":"ElDiario.es desvela un Protocolo policial para agentes en Frontera que no solo criminaliza a las personas en movimiento, sino que tambi\u00e9n invisibiliza a las posibles v\u00edctimas de tortura y malos tratos. El pasado 7 de mayo, elDiario.es public\u00f3&nbsp;un art\u00edculo&nbsp;en el que describe las directrices que la&nbsp;Direcci\u00f3n General de Polic\u00eda&nbsp;ha difundido entre sus agentes en Frontera, [&hellip;]","og_url":"https:\/\/centrosira.org\/fr\/centro-sira-protocolo-estambul-migraciones-frontera-sur\/","og_site_name":"Centro Sira","article_publisher":"https:\/\/www.facebook.com\/siracentro","article_published_time":"2026-03-05T11:11:42+00:00","article_modified_time":"2026-03-09T10:52:59+00:00","og_image":[{"width":2294,"height":1290,"url":"https:\/\/centrosira.org\/wp-content\/uploads\/2026\/03\/mar_2_1.webp","type":"image\/webp"}],"author":"Israel V","twitter_card":"summary_large_image","twitter_creator":"@sira_centro","twitter_site":"@sira_centro","twitter_misc":{"\u00c9crit par":"Israel V","Dur\u00e9e de lecture estim\u00e9e":"5 minutes"},"schema":{"@context":"https:\/\/schema.org","@graph":[{"@type":"Article","@id":"https:\/\/centrosira.org\/centro-sira-protocolo-estambul-migraciones-frontera-sur\/#article","isPartOf":{"@id":"https:\/\/centrosira.org\/centro-sira-protocolo-estambul-migraciones-frontera-sur\/"},"author":{"name":"Israel V","@id":"https:\/\/centrosira.org\/#\/schema\/person\/9815ff63267f2e2957c81988f684c7ba"},"headline":"COMUNICADO | El nuevo Protocolo Policial para los agentes en Frontera invisibiliza a las v\u00edctimas de tortura","datePublished":"2026-03-05T11:11:42+00:00","dateModified":"2026-03-09T10:52:59+00:00","mainEntityOfPage":{"@id":"https:\/\/centrosira.org\/centro-sira-protocolo-estambul-migraciones-frontera-sur\/"},"wordCount":1203,"commentCount":0,"publisher":{"@id":"https:\/\/centrosira.org\/#organization"},"image":{"@id":"https:\/\/centrosira.org\/centro-sira-protocolo-estambul-migraciones-frontera-sur\/#primaryimage"},"thumbnailUrl":"https:\/\/centrosira.org\/wp-content\/uploads\/2026\/03\/mar_2_1.webp","articleSection":["Actualidad","Frontera Sur","SIRA"],"inLanguage":"fr-FR","potentialAction":[{"@type":"CommentAction","name":"Comment","target":["https:\/\/centrosira.org\/centro-sira-protocolo-estambul-migraciones-frontera-sur\/#respond"]}]},{"@type":"WebPage","@id":"https:\/\/centrosira.org\/centro-sira-protocolo-estambul-migraciones-frontera-sur\/","url":"https:\/\/centrosira.org\/centro-sira-protocolo-estambul-migraciones-frontera-sur\/","name":"COMUNICADO | El nuevo Protocolo Policial para los agentes en Frontera invisibiliza a las v\u00edctimas de tortura - Centro Sira","isPartOf":{"@id":"https:\/\/centrosira.org\/#website"},"primaryImageOfPage":{"@id":"https:\/\/centrosira.org\/centro-sira-protocolo-estambul-migraciones-frontera-sur\/#primaryimage"},"image":{"@id":"https:\/\/centrosira.org\/centro-sira-protocolo-estambul-migraciones-frontera-sur\/#primaryimage"},"thumbnailUrl":"https:\/\/centrosira.org\/wp-content\/uploads\/2026\/03\/mar_2_1.webp","datePublished":"2026-03-05T11:11:42+00:00","dateModified":"2026-03-09T10:52:59+00:00","breadcrumb":{"@id":"https:\/\/centrosira.org\/centro-sira-protocolo-estambul-migraciones-frontera-sur\/#breadcrumb"},"inLanguage":"fr-FR","potentialAction":[{"@type":"ReadAction","target":["https:\/\/centrosira.org\/centro-sira-protocolo-estambul-migraciones-frontera-sur\/"]}]},{"@type":"ImageObject","inLanguage":"fr-FR","@id":"https:\/\/centrosira.org\/centro-sira-protocolo-estambul-migraciones-frontera-sur\/#primaryimage","url":"https:\/\/centrosira.org\/wp-content\/uploads\/2026\/03\/mar_2_1.webp","contentUrl":"https:\/\/centrosira.org\/wp-content\/uploads\/2026\/03\/mar_2_1.webp","width":2294,"height":1290},{"@type":"BreadcrumbList","@id":"https:\/\/centrosira.org\/centro-sira-protocolo-estambul-migraciones-frontera-sur\/#breadcrumb","itemListElement":[{"@type":"ListItem","position":1,"name":"Portada","item":"https:\/\/centrosira.org\/"},{"@type":"ListItem","position":2,"name":"COMUNICADO | El nuevo Protocolo Policial para los agentes en Frontera invisibiliza a las v\u00edctimas de tortura"}]},{"@type":"WebSite","@id":"https:\/\/centrosira.org\/#website","url":"https:\/\/centrosira.org\/","name":"Centre Sira","description":"","publisher":{"@id":"https:\/\/centrosira.org\/#organization"},"alternateName":"Centro de Atenci\u00f3n a V\u00edctimas de Malos Tratos y Tortura","potentialAction":[{"@type":"SearchAction","target":{"@type":"EntryPoint","urlTemplate":"https:\/\/centrosira.org\/?s={search_term_string}"},"query-input":{"@type":"PropertyValueSpecification","valueRequired":true,"valueName":"search_term_string"}}],"inLanguage":"fr-FR"},{"@type":"Organization","@id":"https:\/\/centrosira.org\/#organization","name":"Centre Sira","alternateName":"Sira","url":"https:\/\/centrosira.org\/","logo":{"@type":"ImageObject","inLanguage":"fr-FR","@id":"https:\/\/centrosira.org\/#\/schema\/logo\/image\/","url":null,"contentUrl":null,"width":null,"height":null,"caption":"Centro Sira"},"image":{"@id":"https:\/\/centrosira.org\/#\/schema\/logo\/image\/"},"sameAs":["https:\/\/www.facebook.com\/siracentro","https:\/\/x.com\/sira_centro","https:\/\/www.instagram.com\/sira_centro\/","https:\/\/www.linkedin.com\/company\/sira-centro\/?originalSubdomain=es","https:\/\/www.youtube.com\/@sira_centro"]},{"@type":"Person","@id":"https:\/\/centrosira.org\/#\/schema\/person\/9815ff63267f2e2957c81988f684c7ba","name":"Isra\u00ebl V","image":{"@type":"ImageObject","inLanguage":"fr-FR","@id":"https:\/\/secure.gravatar.com\/avatar\/b835441d5f77c22b9bbc6c394fca699d2d7dfd928f4ff56c43763984e664c8f2?s=96&d=mm&r=g","url":"https:\/\/secure.gravatar.com\/avatar\/b835441d5f77c22b9bbc6c394fca699d2d7dfd928f4ff56c43763984e664c8f2?s=96&d=mm&r=g","contentUrl":"https:\/\/secure.gravatar.com\/avatar\/b835441d5f77c22b9bbc6c394fca699d2d7dfd928f4ff56c43763984e664c8f2?s=96&d=mm&r=g","caption":"Israel V"},"url":"https:\/\/centrosira.org\/fr\/author\/contelob2892sira\/"}]}},"_links":{"self":[{"href":"https:\/\/centrosira.org\/fr\/wp-json\/wp\/v2\/posts\/758","targetHints":{"allow":["GET"]}}],"collection":[{"href":"https:\/\/centrosira.org\/fr\/wp-json\/wp\/v2\/posts"}],"about":[{"href":"https:\/\/centrosira.org\/fr\/wp-json\/wp\/v2\/types\/post"}],"author":[{"embeddable":true,"href":"https:\/\/centrosira.org\/fr\/wp-json\/wp\/v2\/users\/3"}],"replies":[{"embeddable":true,"href":"https:\/\/centrosira.org\/fr\/wp-json\/wp\/v2\/comments?post=758"}],"version-history":[{"count":2,"href":"https:\/\/centrosira.org\/fr\/wp-json\/wp\/v2\/posts\/758\/revisions"}],"predecessor-version":[{"id":997,"href":"https:\/\/centrosira.org\/fr\/wp-json\/wp\/v2\/posts\/758\/revisions\/997"}],"wp:featuredmedia":[{"embeddable":true,"href":"https:\/\/centrosira.org\/fr\/wp-json\/wp\/v2\/media\/759"}],"wp:attachment":[{"href":"https:\/\/centrosira.org\/fr\/wp-json\/wp\/v2\/media?parent=758"}],"wp:term":[{"taxonomy":"category","embeddable":true,"href":"https:\/\/centrosira.org\/fr\/wp-json\/wp\/v2\/categories?post=758"},{"taxonomy":"post_tag","embeddable":true,"href":"https:\/\/centrosira.org\/fr\/wp-json\/wp\/v2\/tags?post=758"}],"curies":[{"name":"wp","href":"https:\/\/api.w.org\/{rel}","templated":true}]}}