{"id":753,"date":"2026-03-05T12:06:35","date_gmt":"2026-03-05T11:06:35","guid":{"rendered":"https:\/\/centrosira.org\/?p=753"},"modified":"2026-03-09T11:54:04","modified_gmt":"2026-03-09T10:54:04","slug":"trabajo-corporal-yoga-meditacion-mindfulness","status":"publish","type":"post","link":"https:\/\/centrosira.org\/fr\/trabajo-corporal-yoga-meditacion-mindfulness\/","title":{"rendered":"Quoi qu'il arrive, nous serons pr\u00e9sents en pleine conscience"},"content":{"rendered":"<h3 class=\"wp-block-heading\">#ConPrueba es trabajo es importante y busca distinguir a aquellas t\u00e9cnicas que prometen curar determinadas enfermedades y dolencias, de aquellas cuya eficacia s\u00ed ha sido contrastada cient\u00edficamente. \u00bfCu\u00e1ndo la meditaci\u00f3n o el yoga han pretendido ser una ciencia o sustituir una terapia?<\/h3>\n\n\n\n<h5 class=\"wp-block-heading\">MIREIA P\u00c9REZ | Terapeuta Corporal del Centro Sira<\/h5>\n\n\n\n<hr class=\"wp-block-separator has-alpha-channel-opacity\" style=\"margin-top:15px;margin-bottom:15px\"\/>\n\n\n\n<p>Mindfulness, gesti\u00f3n emocional,&nbsp;<em>cupping<\/em>, aromaterapia, meditaci\u00f3n, yoga\u2026 son t\u00e9rminos que recientemente han estado de actualidad a ra\u00edz de la presentaci\u00f3n de una serie de nuevos informes elaborados por los ministerios de Sanidad y de Ciencia. Los estudios analizan&nbsp;<strong>la eficacia y la seguridad<\/strong>&nbsp;de diversas t\u00e9cnicas y forman parte de la campa\u00f1a&nbsp;<a href=\"https:\/\/www.conprueba.es\/\">#coNprueba<\/a>&nbsp;contra las&nbsp;<strong>pseudociencias&nbsp;<\/strong>y las&nbsp;<strong>pseudoterapias<\/strong>.&nbsp;&nbsp;<\/p>\n\n\n\n<p>El trabajo es importante y busca distinguir a aquellas t\u00e9cnicas que prometen curar determinadas enfermedades y dolencias, de aquellas cuya eficacia s\u00ed ha sido contrastada cient\u00edficamente. De ah\u00ed, la sorpresa de que los informes incluyan el trabajo corporal en sus an\u00e1lisis, sin reconocer su potencial como&nbsp;complemento&nbsp;al trabajo terap\u00e9utico.&nbsp;<strong>\u00bfCu\u00e1ndo la meditaci\u00f3n o el yoga han pretendido ser una ciencia o sustituir una terapia?<\/strong>&nbsp;<\/p>\n\n\n\n<blockquote class=\"wp-block-quote is-layout-flow wp-block-quote-is-layout-flow\">\n<p>\u201dEl trabajo corporal nos ayuda a generar espacios para la pausa y la observaci\u00f3n sin juicio, para desde ah\u00ed, poder indagar o profundizar en nuestro autoconocimiento.<\/p>\n<\/blockquote>\n\n\n\n<p>Durante los \u00faltimos a\u00f1os, en el Centro Sira hemos desarrollado una l\u00ednea de trabajo basada en el entrenamiento de la&nbsp;<strong>Atenci\u00f3n Plena y el Trabajo Corporal,&nbsp;<\/strong>como un complemento eficaz a la&nbsp;<strong>atenci\u00f3n cl\u00ednica<\/strong>&nbsp;en determinados casos y circunstancias. Los talleres son inicialmente individuales, cuentan con el compromiso de la persona y est\u00e1n coordinados con nuestras psic\u00f3logas y psiquiatras.&nbsp;&nbsp;<\/p>\n\n\n\n<p>El esfuerzo diario permite a estas personas entrenar su atenci\u00f3n y, por tanto, su capacidad de estar en el&nbsp;<strong>presente<\/strong>, de&nbsp;<strong>forma consciente y ecu\u00e1nime<\/strong>.&nbsp;<strong>El trabajo corporal<\/strong>&nbsp;nos ayuda a generar espacios para la&nbsp;<strong>pausa&nbsp;<\/strong>y&nbsp;la&nbsp;<strong>observaci\u00f3n sin juicio,<\/strong>&nbsp;para desde ah\u00ed, poder indagar o profundizar en nuestro autoconocimiento. Esto incluye, por ejemplo, la identificaci\u00f3n de patrones que nos inducen a una reacci\u00f3n en lugar de a una respuesta, en un bucle sin fin.&nbsp;&nbsp;<\/p>\n\n\n\n<p>Se trata de tener m\u00e1s capacidad para vislumbrar nuestras fuentes de malestar y m\u00e1s herramientas desde las que poder gestionarlas de una forma m\u00e1s saludable.&nbsp;<strong>Redescubrir&nbsp;<\/strong>el lenguaje del cuerpo, saber interpretarlo, respetarlo y atenderlo si es posible. Conectar con el propio cuerpo y habitarlo de nuevo permite que el trabajo sea&nbsp;<strong>integral&nbsp;<\/strong>y equilibrado entre el intelecto y la experiencia.&nbsp;&nbsp;<\/p>\n\n\n\n<blockquote class=\"wp-block-quote is-layout-flow wp-block-quote-is-layout-flow\">\n<p>\u201dEl cuerpo es un sistema donde las experiencias emocionales y f\u00edsicas est\u00e1n claramente entrelazadas y, por ello, el trabajo del trauma tambi\u00e9n debe abordarse a nivel corporal.<\/p>\n<\/blockquote>\n\n\n\n<p>La&nbsp;corporalidad&nbsp;no es una ciencia y&nbsp;ning\u00fan terapeuta&nbsp;responsable&nbsp;\u2013&nbsp;trabaje o no con el cuerpo&nbsp;\u2013&nbsp;puede prometer borrar del mapa el&nbsp;<strong>malestar<\/strong>&nbsp;de una persona o&nbsp;<strong>garantizar su felicidad<\/strong>.&nbsp;Ahora bien,&nbsp;el cuerpo es un sistema donde las experiencias emocionales y f\u00edsicas est\u00e1n claramente entrelazadas&nbsp;y,&nbsp;por ello, el trabajo del trauma tambi\u00e9n debe abordarse a nivel corporal.&nbsp;Trabajar&nbsp;con el cuerpo&nbsp;nos&nbsp;ayuda a no dejarnos trozos en cada curva o desdibujarnos en cada reto o altibajo.&nbsp;<strong>Lo que venga, aqu\u00ed estaremos con&nbsp;plena conciencia.&nbsp;<\/strong><\/p>\n\n\n\n<div class=\"wp-block-group is-nowrap is-layout-flex wp-container-core-group-is-layout-6c531013 wp-block-group-is-layout-flex\">\n<figure class=\"wp-block-image size-full is-style-default\"><img fetchpriority=\"high\" decoding=\"async\" width=\"1080\" height=\"1080\" src=\"https:\/\/centrosira.org\/wp-content\/uploads\/2026\/03\/mireia_1080_1_1.webp\" class=\"wp-image-755\" srcset=\"https:\/\/centrosira.org\/wp-content\/uploads\/2026\/03\/mireia_1080_1_1.webp 1080w, https:\/\/centrosira.org\/wp-content\/uploads\/2026\/03\/mireia_1080_1_1-300x300.webp 300w, https:\/\/centrosira.org\/wp-content\/uploads\/2026\/03\/mireia_1080_1_1-1024x1024.webp 1024w, https:\/\/centrosira.org\/wp-content\/uploads\/2026\/03\/mireia_1080_1_1-150x150.webp 150w, https:\/\/centrosira.org\/wp-content\/uploads\/2026\/03\/mireia_1080_1_1-768x768.webp 768w, https:\/\/centrosira.org\/wp-content\/uploads\/2026\/03\/mireia_1080_1_1-12x12.webp 12w\" sizes=\"(max-width: 1080px) 100vw, 1080px\" \/><\/figure>\n\n\n\n<div class=\"wp-block-group is-vertical is-layout-flex wp-container-core-group-is-layout-fe9cc265 wp-block-group-is-layout-flex\">\n<p>\u201dTrabajar con el cuerpo nos ayuda a no dejarnos trozos en cada curva o desdibujarnos en cada reto o altibajo.<\/p>\n\n\n\n<p>Mireia P\u00e9rez<\/p>\n\n\n\n<p>Terapeuta corporal del Centro Sira<\/p>\n<\/div>\n<\/div>","protected":false},"excerpt":{"rendered":"<p>#ConPrueba es trabajo es importante y busca distinguir a aquellas t\u00e9cnicas que prometen curar determinadas enfermedades y dolencias, de aquellas cuya eficacia s\u00ed ha sido contrastada cient\u00edficamente. \u00bfCu\u00e1ndo la meditaci\u00f3n o el yoga han pretendido ser una ciencia o sustituir una terapia? MIREIA P\u00c9REZ | Terapeuta Corporal del Centro Sira Mindfulness, gesti\u00f3n emocional,&nbsp;cupping, aromaterapia, meditaci\u00f3n, [&hellip;]<\/p>\n","protected":false},"author":3,"featured_media":754,"comment_status":"open","ping_status":"open","sticky":false,"template":"","format":"standard","meta":{"footnotes":""},"categories":[31,24,25],"tags":[],"class_list":["post-753","post","type-post","status-publish","format-standard","has-post-thumbnail","hentry","category-corporalidad","category-otra-mirada","category-sira"],"yoast_head":"<!-- This site is optimized with the Yoast SEO plugin v27.4 - https:\/\/yoast.com\/product\/yoast-seo-wordpress\/ -->\n<title>Lo que venga, aqu\u00ed estaremos con plena conciencia - Centro Sira<\/title>\n<meta name=\"robots\" content=\"index, follow, max-snippet:-1, max-image-preview:large, max-video-preview:-1\" \/>\n<link rel=\"canonical\" href=\"https:\/\/centrosira.org\/fr\/trabajo-corporal-yoga-meditacion-mindfulness\/\" \/>\n<meta property=\"og:locale\" content=\"fr_FR\" \/>\n<meta property=\"og:type\" content=\"article\" \/>\n<meta property=\"og:title\" content=\"Lo que venga, aqu\u00ed estaremos con plena conciencia - Centro Sira\" \/>\n<meta property=\"og:description\" content=\"#ConPrueba es trabajo es importante y busca distinguir a aquellas t\u00e9cnicas que prometen curar determinadas enfermedades y dolencias, de aquellas cuya eficacia s\u00ed ha sido contrastada cient\u00edficamente. \u00bfCu\u00e1ndo la meditaci\u00f3n o el yoga han pretendido ser una ciencia o sustituir una terapia? MIREIA P\u00c9REZ | Terapeuta Corporal del Centro Sira Mindfulness, gesti\u00f3n emocional,&nbsp;cupping, aromaterapia, meditaci\u00f3n, [&hellip;]\" \/>\n<meta property=\"og:url\" content=\"https:\/\/centrosira.org\/fr\/trabajo-corporal-yoga-meditacion-mindfulness\/\" \/>\n<meta property=\"og:site_name\" content=\"Centro Sira\" \/>\n<meta property=\"article:publisher\" content=\"https:\/\/www.facebook.com\/siracentro\" \/>\n<meta property=\"article:published_time\" content=\"2026-03-05T11:06:35+00:00\" \/>\n<meta property=\"article:modified_time\" content=\"2026-03-09T10:54:04+00:00\" \/>\n<meta property=\"og:image\" content=\"https:\/\/centrosira.org\/wp-content\/uploads\/2026\/03\/yoga_trabajo_corporal_conprueba_mindfulness_sira_1.webp\" \/>\n\t<meta property=\"og:image:width\" content=\"1920\" \/>\n\t<meta property=\"og:image:height\" content=\"1080\" \/>\n\t<meta property=\"og:image:type\" content=\"image\/webp\" \/>\n<meta name=\"author\" content=\"Israel V\" \/>\n<meta name=\"twitter:card\" content=\"summary_large_image\" \/>\n<meta name=\"twitter:creator\" content=\"@sira_centro\" \/>\n<meta name=\"twitter:site\" content=\"@sira_centro\" \/>\n<meta name=\"twitter:label1\" content=\"\u00c9crit par\" \/>\n\t<meta name=\"twitter:data1\" content=\"Israel V\" \/>\n\t<meta name=\"twitter:label2\" content=\"Dur\u00e9e de lecture estim\u00e9e\" \/>\n\t<meta name=\"twitter:data2\" content=\"3 minutes\" \/>\n<script type=\"application\/ld+json\" class=\"yoast-schema-graph\">{\"@context\":\"https:\\\/\\\/schema.org\",\"@graph\":[{\"@type\":\"Article\",\"@id\":\"https:\\\/\\\/centrosira.org\\\/trabajo-corporal-yoga-meditacion-mindfulness\\\/#article\",\"isPartOf\":{\"@id\":\"https:\\\/\\\/centrosira.org\\\/trabajo-corporal-yoga-meditacion-mindfulness\\\/\"},\"author\":{\"name\":\"Israel V\",\"@id\":\"https:\\\/\\\/centrosira.org\\\/#\\\/schema\\\/person\\\/9815ff63267f2e2957c81988f684c7ba\"},\"headline\":\"Lo que venga, aqu\u00ed estaremos con plena conciencia\",\"datePublished\":\"2026-03-05T11:06:35+00:00\",\"dateModified\":\"2026-03-09T10:54:04+00:00\",\"mainEntityOfPage\":{\"@id\":\"https:\\\/\\\/centrosira.org\\\/trabajo-corporal-yoga-meditacion-mindfulness\\\/\"},\"wordCount\":645,\"commentCount\":0,\"publisher\":{\"@id\":\"https:\\\/\\\/centrosira.org\\\/#organization\"},\"image\":{\"@id\":\"https:\\\/\\\/centrosira.org\\\/trabajo-corporal-yoga-meditacion-mindfulness\\\/#primaryimage\"},\"thumbnailUrl\":\"https:\\\/\\\/centrosira.org\\\/wp-content\\\/uploads\\\/2026\\\/03\\\/yoga_trabajo_corporal_conprueba_mindfulness_sira_1.webp\",\"articleSection\":[\"Corporalidad\",\"Otra mirada\",\"SIRA\"],\"inLanguage\":\"fr-FR\",\"potentialAction\":[{\"@type\":\"CommentAction\",\"name\":\"Comment\",\"target\":[\"https:\\\/\\\/centrosira.org\\\/trabajo-corporal-yoga-meditacion-mindfulness\\\/#respond\"]}]},{\"@type\":\"WebPage\",\"@id\":\"https:\\\/\\\/centrosira.org\\\/trabajo-corporal-yoga-meditacion-mindfulness\\\/\",\"url\":\"https:\\\/\\\/centrosira.org\\\/trabajo-corporal-yoga-meditacion-mindfulness\\\/\",\"name\":\"Lo que venga, aqu\u00ed estaremos con plena conciencia - Centro Sira\",\"isPartOf\":{\"@id\":\"https:\\\/\\\/centrosira.org\\\/#website\"},\"primaryImageOfPage\":{\"@id\":\"https:\\\/\\\/centrosira.org\\\/trabajo-corporal-yoga-meditacion-mindfulness\\\/#primaryimage\"},\"image\":{\"@id\":\"https:\\\/\\\/centrosira.org\\\/trabajo-corporal-yoga-meditacion-mindfulness\\\/#primaryimage\"},\"thumbnailUrl\":\"https:\\\/\\\/centrosira.org\\\/wp-content\\\/uploads\\\/2026\\\/03\\\/yoga_trabajo_corporal_conprueba_mindfulness_sira_1.webp\",\"datePublished\":\"2026-03-05T11:06:35+00:00\",\"dateModified\":\"2026-03-09T10:54:04+00:00\",\"breadcrumb\":{\"@id\":\"https:\\\/\\\/centrosira.org\\\/trabajo-corporal-yoga-meditacion-mindfulness\\\/#breadcrumb\"},\"inLanguage\":\"fr-FR\",\"potentialAction\":[{\"@type\":\"ReadAction\",\"target\":[\"https:\\\/\\\/centrosira.org\\\/trabajo-corporal-yoga-meditacion-mindfulness\\\/\"]}]},{\"@type\":\"ImageObject\",\"inLanguage\":\"fr-FR\",\"@id\":\"https:\\\/\\\/centrosira.org\\\/trabajo-corporal-yoga-meditacion-mindfulness\\\/#primaryimage\",\"url\":\"https:\\\/\\\/centrosira.org\\\/wp-content\\\/uploads\\\/2026\\\/03\\\/yoga_trabajo_corporal_conprueba_mindfulness_sira_1.webp\",\"contentUrl\":\"https:\\\/\\\/centrosira.org\\\/wp-content\\\/uploads\\\/2026\\\/03\\\/yoga_trabajo_corporal_conprueba_mindfulness_sira_1.webp\",\"width\":1920,\"height\":1080},{\"@type\":\"BreadcrumbList\",\"@id\":\"https:\\\/\\\/centrosira.org\\\/trabajo-corporal-yoga-meditacion-mindfulness\\\/#breadcrumb\",\"itemListElement\":[{\"@type\":\"ListItem\",\"position\":1,\"name\":\"Portada\",\"item\":\"https:\\\/\\\/centrosira.org\\\/\"},{\"@type\":\"ListItem\",\"position\":2,\"name\":\"Lo que venga, aqu\u00ed estaremos con plena conciencia\"}]},{\"@type\":\"WebSite\",\"@id\":\"https:\\\/\\\/centrosira.org\\\/#website\",\"url\":\"https:\\\/\\\/centrosira.org\\\/\",\"name\":\"Centro Sira\",\"description\":\"\",\"publisher\":{\"@id\":\"https:\\\/\\\/centrosira.org\\\/#organization\"},\"alternateName\":\"Centro de Atenci\u00f3n a V\u00edctimas de Malos Tratos y Tortura\",\"potentialAction\":[{\"@type\":\"SearchAction\",\"target\":{\"@type\":\"EntryPoint\",\"urlTemplate\":\"https:\\\/\\\/centrosira.org\\\/?s={search_term_string}\"},\"query-input\":{\"@type\":\"PropertyValueSpecification\",\"valueRequired\":true,\"valueName\":\"search_term_string\"}}],\"inLanguage\":\"fr-FR\"},{\"@type\":\"Organization\",\"@id\":\"https:\\\/\\\/centrosira.org\\\/#organization\",\"name\":\"Centro Sira\",\"alternateName\":\"Sira\",\"url\":\"https:\\\/\\\/centrosira.org\\\/\",\"logo\":{\"@type\":\"ImageObject\",\"inLanguage\":\"fr-FR\",\"@id\":\"https:\\\/\\\/centrosira.org\\\/#\\\/schema\\\/logo\\\/image\\\/\",\"url\":null,\"contentUrl\":null,\"width\":null,\"height\":null,\"caption\":\"Centro Sira\"},\"image\":{\"@id\":\"https:\\\/\\\/centrosira.org\\\/#\\\/schema\\\/logo\\\/image\\\/\"},\"sameAs\":[\"https:\\\/\\\/www.facebook.com\\\/siracentro\",\"https:\\\/\\\/x.com\\\/sira_centro\",\"https:\\\/\\\/www.instagram.com\\\/sira_centro\\\/\",\"https:\\\/\\\/www.linkedin.com\\\/company\\\/sira-centro\\\/?originalSubdomain=es\",\"https:\\\/\\\/www.youtube.com\\\/@sira_centro\"]},{\"@type\":\"Person\",\"@id\":\"https:\\\/\\\/centrosira.org\\\/#\\\/schema\\\/person\\\/9815ff63267f2e2957c81988f684c7ba\",\"name\":\"Israel V\",\"image\":{\"@type\":\"ImageObject\",\"inLanguage\":\"fr-FR\",\"@id\":\"https:\\\/\\\/secure.gravatar.com\\\/avatar\\\/b835441d5f77c22b9bbc6c394fca699d2d7dfd928f4ff56c43763984e664c8f2?s=96&d=mm&r=g\",\"url\":\"https:\\\/\\\/secure.gravatar.com\\\/avatar\\\/b835441d5f77c22b9bbc6c394fca699d2d7dfd928f4ff56c43763984e664c8f2?s=96&d=mm&r=g\",\"contentUrl\":\"https:\\\/\\\/secure.gravatar.com\\\/avatar\\\/b835441d5f77c22b9bbc6c394fca699d2d7dfd928f4ff56c43763984e664c8f2?s=96&d=mm&r=g\",\"caption\":\"Israel V\"},\"url\":\"https:\\\/\\\/centrosira.org\\\/fr\\\/author\\\/contelob2892sira\\\/\"}]}<\/script>\n<!-- \/ Yoast SEO plugin. -->","yoast_head_json":{"title":"Lo que venga, aqu\u00ed estaremos con plena conciencia - Centro Sira","robots":{"index":"index","follow":"follow","max-snippet":"max-snippet:-1","max-image-preview":"max-image-preview:large","max-video-preview":"max-video-preview:-1"},"canonical":"https:\/\/centrosira.org\/fr\/trabajo-corporal-yoga-meditacion-mindfulness\/","og_locale":"fr_FR","og_type":"article","og_title":"Lo que venga, aqu\u00ed estaremos con plena conciencia - Centro Sira","og_description":"#ConPrueba es trabajo es importante y busca distinguir a aquellas t\u00e9cnicas que prometen curar determinadas enfermedades y dolencias, de aquellas cuya eficacia s\u00ed ha sido contrastada cient\u00edficamente. \u00bfCu\u00e1ndo la meditaci\u00f3n o el yoga han pretendido ser una ciencia o sustituir una terapia? MIREIA P\u00c9REZ | Terapeuta Corporal del Centro Sira Mindfulness, gesti\u00f3n emocional,&nbsp;cupping, aromaterapia, meditaci\u00f3n, [&hellip;]","og_url":"https:\/\/centrosira.org\/fr\/trabajo-corporal-yoga-meditacion-mindfulness\/","og_site_name":"Centro Sira","article_publisher":"https:\/\/www.facebook.com\/siracentro","article_published_time":"2026-03-05T11:06:35+00:00","article_modified_time":"2026-03-09T10:54:04+00:00","og_image":[{"width":1920,"height":1080,"url":"https:\/\/centrosira.org\/wp-content\/uploads\/2026\/03\/yoga_trabajo_corporal_conprueba_mindfulness_sira_1.webp","type":"image\/webp"}],"author":"Israel V","twitter_card":"summary_large_image","twitter_creator":"@sira_centro","twitter_site":"@sira_centro","twitter_misc":{"\u00c9crit par":"Israel V","Dur\u00e9e de lecture estim\u00e9e":"3 minutes"},"schema":{"@context":"https:\/\/schema.org","@graph":[{"@type":"Article","@id":"https:\/\/centrosira.org\/trabajo-corporal-yoga-meditacion-mindfulness\/#article","isPartOf":{"@id":"https:\/\/centrosira.org\/trabajo-corporal-yoga-meditacion-mindfulness\/"},"author":{"name":"Israel V","@id":"https:\/\/centrosira.org\/#\/schema\/person\/9815ff63267f2e2957c81988f684c7ba"},"headline":"Lo que venga, aqu\u00ed estaremos con plena conciencia","datePublished":"2026-03-05T11:06:35+00:00","dateModified":"2026-03-09T10:54:04+00:00","mainEntityOfPage":{"@id":"https:\/\/centrosira.org\/trabajo-corporal-yoga-meditacion-mindfulness\/"},"wordCount":645,"commentCount":0,"publisher":{"@id":"https:\/\/centrosira.org\/#organization"},"image":{"@id":"https:\/\/centrosira.org\/trabajo-corporal-yoga-meditacion-mindfulness\/#primaryimage"},"thumbnailUrl":"https:\/\/centrosira.org\/wp-content\/uploads\/2026\/03\/yoga_trabajo_corporal_conprueba_mindfulness_sira_1.webp","articleSection":["Corporalidad","Otra mirada","SIRA"],"inLanguage":"fr-FR","potentialAction":[{"@type":"CommentAction","name":"Comment","target":["https:\/\/centrosira.org\/trabajo-corporal-yoga-meditacion-mindfulness\/#respond"]}]},{"@type":"WebPage","@id":"https:\/\/centrosira.org\/trabajo-corporal-yoga-meditacion-mindfulness\/","url":"https:\/\/centrosira.org\/trabajo-corporal-yoga-meditacion-mindfulness\/","name":"Lo que venga, aqu\u00ed estaremos con plena conciencia - Centro Sira","isPartOf":{"@id":"https:\/\/centrosira.org\/#website"},"primaryImageOfPage":{"@id":"https:\/\/centrosira.org\/trabajo-corporal-yoga-meditacion-mindfulness\/#primaryimage"},"image":{"@id":"https:\/\/centrosira.org\/trabajo-corporal-yoga-meditacion-mindfulness\/#primaryimage"},"thumbnailUrl":"https:\/\/centrosira.org\/wp-content\/uploads\/2026\/03\/yoga_trabajo_corporal_conprueba_mindfulness_sira_1.webp","datePublished":"2026-03-05T11:06:35+00:00","dateModified":"2026-03-09T10:54:04+00:00","breadcrumb":{"@id":"https:\/\/centrosira.org\/trabajo-corporal-yoga-meditacion-mindfulness\/#breadcrumb"},"inLanguage":"fr-FR","potentialAction":[{"@type":"ReadAction","target":["https:\/\/centrosira.org\/trabajo-corporal-yoga-meditacion-mindfulness\/"]}]},{"@type":"ImageObject","inLanguage":"fr-FR","@id":"https:\/\/centrosira.org\/trabajo-corporal-yoga-meditacion-mindfulness\/#primaryimage","url":"https:\/\/centrosira.org\/wp-content\/uploads\/2026\/03\/yoga_trabajo_corporal_conprueba_mindfulness_sira_1.webp","contentUrl":"https:\/\/centrosira.org\/wp-content\/uploads\/2026\/03\/yoga_trabajo_corporal_conprueba_mindfulness_sira_1.webp","width":1920,"height":1080},{"@type":"BreadcrumbList","@id":"https:\/\/centrosira.org\/trabajo-corporal-yoga-meditacion-mindfulness\/#breadcrumb","itemListElement":[{"@type":"ListItem","position":1,"name":"Portada","item":"https:\/\/centrosira.org\/"},{"@type":"ListItem","position":2,"name":"Lo que venga, aqu\u00ed estaremos con plena conciencia"}]},{"@type":"WebSite","@id":"https:\/\/centrosira.org\/#website","url":"https:\/\/centrosira.org\/","name":"Centre Sira","description":"","publisher":{"@id":"https:\/\/centrosira.org\/#organization"},"alternateName":"Centro de Atenci\u00f3n a V\u00edctimas de Malos Tratos y Tortura","potentialAction":[{"@type":"SearchAction","target":{"@type":"EntryPoint","urlTemplate":"https:\/\/centrosira.org\/?s={search_term_string}"},"query-input":{"@type":"PropertyValueSpecification","valueRequired":true,"valueName":"search_term_string"}}],"inLanguage":"fr-FR"},{"@type":"Organization","@id":"https:\/\/centrosira.org\/#organization","name":"Centre Sira","alternateName":"Sira","url":"https:\/\/centrosira.org\/","logo":{"@type":"ImageObject","inLanguage":"fr-FR","@id":"https:\/\/centrosira.org\/#\/schema\/logo\/image\/","url":null,"contentUrl":null,"width":null,"height":null,"caption":"Centro Sira"},"image":{"@id":"https:\/\/centrosira.org\/#\/schema\/logo\/image\/"},"sameAs":["https:\/\/www.facebook.com\/siracentro","https:\/\/x.com\/sira_centro","https:\/\/www.instagram.com\/sira_centro\/","https:\/\/www.linkedin.com\/company\/sira-centro\/?originalSubdomain=es","https:\/\/www.youtube.com\/@sira_centro"]},{"@type":"Person","@id":"https:\/\/centrosira.org\/#\/schema\/person\/9815ff63267f2e2957c81988f684c7ba","name":"Isra\u00ebl V","image":{"@type":"ImageObject","inLanguage":"fr-FR","@id":"https:\/\/secure.gravatar.com\/avatar\/b835441d5f77c22b9bbc6c394fca699d2d7dfd928f4ff56c43763984e664c8f2?s=96&d=mm&r=g","url":"https:\/\/secure.gravatar.com\/avatar\/b835441d5f77c22b9bbc6c394fca699d2d7dfd928f4ff56c43763984e664c8f2?s=96&d=mm&r=g","contentUrl":"https:\/\/secure.gravatar.com\/avatar\/b835441d5f77c22b9bbc6c394fca699d2d7dfd928f4ff56c43763984e664c8f2?s=96&d=mm&r=g","caption":"Israel V"},"url":"https:\/\/centrosira.org\/fr\/author\/contelob2892sira\/"}]}},"_links":{"self":[{"href":"https:\/\/centrosira.org\/fr\/wp-json\/wp\/v2\/posts\/753","targetHints":{"allow":["GET"]}}],"collection":[{"href":"https:\/\/centrosira.org\/fr\/wp-json\/wp\/v2\/posts"}],"about":[{"href":"https:\/\/centrosira.org\/fr\/wp-json\/wp\/v2\/types\/post"}],"author":[{"embeddable":true,"href":"https:\/\/centrosira.org\/fr\/wp-json\/wp\/v2\/users\/3"}],"replies":[{"embeddable":true,"href":"https:\/\/centrosira.org\/fr\/wp-json\/wp\/v2\/comments?post=753"}],"version-history":[{"count":3,"href":"https:\/\/centrosira.org\/fr\/wp-json\/wp\/v2\/posts\/753\/revisions"}],"predecessor-version":[{"id":996,"href":"https:\/\/centrosira.org\/fr\/wp-json\/wp\/v2\/posts\/753\/revisions\/996"}],"wp:featuredmedia":[{"embeddable":true,"href":"https:\/\/centrosira.org\/fr\/wp-json\/wp\/v2\/media\/754"}],"wp:attachment":[{"href":"https:\/\/centrosira.org\/fr\/wp-json\/wp\/v2\/media?parent=753"}],"wp:term":[{"taxonomy":"category","embeddable":true,"href":"https:\/\/centrosira.org\/fr\/wp-json\/wp\/v2\/categories?post=753"},{"taxonomy":"post_tag","embeddable":true,"href":"https:\/\/centrosira.org\/fr\/wp-json\/wp\/v2\/tags?post=753"}],"curies":[{"name":"wp","href":"https:\/\/api.w.org\/{rel}","templated":true}]}}