{"id":1056,"date":"2026-03-09T11:20:17","date_gmt":"2026-03-09T10:20:17","guid":{"rendered":"https:\/\/centrosira.org\/?p=1056"},"modified":"2026-03-09T11:20:17","modified_gmt":"2026-03-09T10:20:17","slug":"sira-perita-a-las-comunidades-indigenas-y-afro-que-denuncian-a-nicaragua-ante-la-corte-interamericana","status":"publish","type":"post","link":"https:\/\/centrosira.org\/fr\/sira-perita-a-las-comunidades-indigenas-y-afro-que-denuncian-a-nicaragua-ante-la-corte-interamericana\/","title":{"rendered":"Experts Sira communaut\u00e9s indig\u00e8nes et afro d\u00e9non\u00e7ant le Nicaragua devant la Cour interam\u00e9ricaine des droits de l'homme"},"content":{"rendered":"\n<h3 class=\"wp-block-heading\">Los pueblos Rama y Kriol, la Comunidad Monkey Point y la Comunidad Negra Creole Ind\u00edgena de Bluefields acusan a Nicaragua de violar sus derechos al realizar la concesi\u00f3n del mega proyecto \u00abGran Canal Interoce\u00e1nico\u00bb, que atraviesa sus tierras<\/h3>\n\n\n\n<p>El pasado jueves 2 de febrero, el director cl\u00ednico del Centro Sira,&nbsp;<a href=\"https:\/\/laolabuenadev.com\/centrosira\/conocenos\/el-equipo\/\"><strong>Pau P\u00e9rez Sales<\/strong><\/a>, ejerci\u00f3 como perito de las Comunidades ind\u00edgenas y afrodescendientes&nbsp;ante la&nbsp;<strong>Corte Interamericana de Derechos Humanos<\/strong>, en Costa Rica. Las comunidades acusan al Estado de estar violando su derecho a la autodeterminaci\u00f3n, a la propiedad comunal y a un medio ambiente sano, a partir de la construcci\u00f3n del \u00abGran Canal Interamericano\u00bb que atraviesa sus tierras y cuya construcci\u00f3n fue aprobada en el a\u00f1o 2013.<\/p>\n\n\n\n<p>Tanto el pueblo ind\u00edgena Rama y Kriol, como la Comunidad Negra Creole Ind\u00edgena de Bluefields, denuncian haber sido excluidos de participar en la toma de decisiones de este proyecto, a pesar de que el 52% de la ruta del Canal atraviesa sus territorios. Seg\u00fan las demandantes, la ejecuci\u00f3n de este megaproyecto obligar\u00eda a muchas de sus comunidades a desplazarse forzosamente de sus territorios, renunciando a sus costumbres y tradiciones, estrechamente ligadas a su tierra.&nbsp;<\/p>\n\n\n\n<figure class=\"wp-block-image size-large\"><img fetchpriority=\"high\" decoding=\"async\" width=\"1024\" height=\"512\" src=\"https:\/\/centrosira.org\/wp-content\/uploads\/2026\/03\/1_canal_sira_2048x1024_1-1024x512.webp\" alt=\"\" class=\"wp-image-1057\" srcset=\"https:\/\/centrosira.org\/wp-content\/uploads\/2026\/03\/1_canal_sira_2048x1024_1-1024x512.webp 1024w, https:\/\/centrosira.org\/wp-content\/uploads\/2026\/03\/1_canal_sira_2048x1024_1-300x150.webp 300w, https:\/\/centrosira.org\/wp-content\/uploads\/2026\/03\/1_canal_sira_2048x1024_1-768x384.webp 768w, https:\/\/centrosira.org\/wp-content\/uploads\/2026\/03\/1_canal_sira_2048x1024_1-1536x768.webp 1536w, https:\/\/centrosira.org\/wp-content\/uploads\/2026\/03\/1_canal_sira_2048x1024_1-18x9.webp 18w, https:\/\/centrosira.org\/wp-content\/uploads\/2026\/03\/1_canal_sira_2048x1024_1.webp 2048w\" sizes=\"(max-width: 1024px) 100vw, 1024px\" \/><\/figure>\n\n\n\n<h5 class=\"wp-block-heading has-text-align-right\">El color rojo se\u00f1ala la ruta del Canal Interoce\u00e1nico, que ocupa hasta un 52% del territorio de las demandantes. Centro Sir[a]<\/h5>\n\n\n\n<h2 class=\"wp-block-heading\">Ataques continuados<\/h2>\n\n\n\n<p>Las comunidades acusan al gobierno de haber realizado diversos ataques contra ellas a lo largo de los a\u00f1os a partir de una militarizaci\u00f3n del territorio, de la destrucci\u00f3n de su patrimonio o del ahogamiento econ\u00f3mico, con el fin de mitigar o minar su resistencia ante el proyecto. Desde el Centro Sir[a], en nuestra labor como peritos, hemos confirmado y documentado estas acciones, hasta concluir que el Estado nicarag\u00fcense habr\u00eda configurado intencionalmente un&nbsp;<strong>Entorno Torturante&nbsp;<\/strong>en las tierras de las comunidades ind\u00edgenas y afrodescendientes afectadas<strong>,&nbsp;<\/strong>con el prop\u00f3sito dequebrar la resistencia contra el proyecto del Gran Canal Interoce\u00e1nico.<\/p>\n\n\n\n<p>El Estado de Nicaragua, habr\u00eda realizado de forma recurrente una serie de acciones que, en su conjunto, generan un sufrimiento tan grande en las personas, que acorde a la Legislaci\u00f3n Internacional corresponder\u00edan a la definici\u00f3n de tortura.<\/p>\n\n\n\n<p>Como peritos, a partir de una revisi\u00f3n bibliogr\u00e1fica, as\u00ed como de entrevistas a l\u00edderes y lideresas de la comunidad, hemos identificado diferentes mecanismos orientados a mitigar la resistencia frente al Canal Interoce\u00e1nico. En adelante, la progresiva militarizaci\u00f3n del territorio; la presencia continuada de colonos armados o grupos paramilitares en la zona; el abandono institucional; la destrucci\u00f3n del patrimonio inmaterial del Pueblo Rama y Creole, as\u00ed como de su h\u00e1bitat natural (talas masivas, incendios, etc.); el control de los medios de comunicaci\u00f3n; o incluso, la intimidaci\u00f3n, chantaje, seguimientos, amenazas y acoso continuado a lideresas y l\u00edderes de las comunidades.<\/p>\n\n\n\n<figure class=\"wp-block-image size-large\"><img decoding=\"async\" width=\"1024\" height=\"512\" src=\"https:\/\/centrosira.org\/wp-content\/uploads\/2026\/03\/mecanismo_quiebre_indigena_centro_sira_pau_perezjpg_2_1_1536x768_1-1024x512.webp\" alt=\"\" class=\"wp-image-1059\" srcset=\"https:\/\/centrosira.org\/wp-content\/uploads\/2026\/03\/mecanismo_quiebre_indigena_centro_sira_pau_perezjpg_2_1_1536x768_1-1024x512.webp 1024w, https:\/\/centrosira.org\/wp-content\/uploads\/2026\/03\/mecanismo_quiebre_indigena_centro_sira_pau_perezjpg_2_1_1536x768_1-300x150.webp 300w, https:\/\/centrosira.org\/wp-content\/uploads\/2026\/03\/mecanismo_quiebre_indigena_centro_sira_pau_perezjpg_2_1_1536x768_1-768x384.webp 768w, https:\/\/centrosira.org\/wp-content\/uploads\/2026\/03\/mecanismo_quiebre_indigena_centro_sira_pau_perezjpg_2_1_1536x768_1-18x9.webp 18w, https:\/\/centrosira.org\/wp-content\/uploads\/2026\/03\/mecanismo_quiebre_indigena_centro_sira_pau_perezjpg_2_1_1536x768_1.webp 1536w\" sizes=\"(max-width: 1024px) 100vw, 1024px\" \/><\/figure>\n\n\n\n<h5 class=\"wp-block-heading has-text-align-right\">Diagrama de las acciones del Estado orientadas a quebrar la resistencia de las comunidades. Centro Sir[a]<\/h5>\n\n\n\n<h2 class=\"wp-block-heading\">Acciones de quiebre<\/h2>\n\n\n\n<p>El conjunto de estas acciones, adem\u00e1s de provocar una destrucci\u00f3n del territorio, se traducen en desplazamientos forzados, en una polarizaci\u00f3n de la poblaci\u00f3n, en un sentimiento generalizado e internalizado de angustia, miedo y terror, al tiempo que en un quiebre en la confianza en el Estado, as\u00ed como en sus \u00f3rganos de Justicia. Asimismo, estas acciones provocan entre la poblaci\u00f3n el debilitamiento de un m\u00fasculo vital para la supervivencia de sus tradiciones, tales como una p\u00e9rdida de las ra\u00edces identitarias, el quiebre de los sistemas de cohesi\u00f3n y liderazgo o bien los sistemas familiares de apoyo mutuo. Por otro lado, desde el punto de vista cl\u00ednico, las personas peritadas presentan trastornos de estr\u00e9s postraum\u00e1tico, da\u00f1o traum\u00e1tico a la identidad y percepci\u00f3n del mundo y s\u00edntomas de ansiedad y depresi\u00f3n, entre otros.&nbsp;<\/p>\n\n\n\n<p>Con todas \u00e9stas evidencias, el director cl\u00ednico del Centro Sir[a],<strong>&nbsp;Pau P\u00e9rez Sales,<\/strong>&nbsp;defendi\u00f3 ante la&nbsp;<strong>Corte Interamericana de Derechos Humanos<\/strong>&nbsp;como a partir del trabajo realizado durante los \u00faltimos meses, podemos concluir que, efectivamente, existe un mapa de acciones emprendidas por parte del Estado con el objetivo de quebrar la resistencia al proyecto del Canal. En este sentido, bas\u00e1ndonos en el sufrimiento en t\u00e9rminos psicosociales, comunitarios e individuales que presentan las v\u00edctimas, podemos comprobar que existe una intencionalidad por parte del Estado y, por tanto, puede concluirse que existen condiciones suficientes para considerar que sus acciones constituyen un&nbsp;<strong>Entorno Torturante<\/strong>.&nbsp;<\/p>\n\n\n\n<h2 class=\"wp-block-heading\">Casi 10 a\u00f1os reclamando el cese del proyecto<\/h2>\n\n\n\n<p>El origen de los hechos se remontan a 2013, con la aprobaci\u00f3n de la \u00ab<a href=\"https:\/\/www.ecolex.org\/es\/details\/legislation\/ley-no-840-ley-especial-para-el-desarrollo-de-infraestructura-y-transporte-nicaraguense-atingente-a-el-canal-zonas-de-libre-comercio-e-infraestructuras-asociadas-lex-faoc138512\/#:~:text=Ley%20N%C2%BA%20840%20%2D%20Ley%20especial,libre%20comercio%20e%20infraestructuras%20asociadas.\">Ley 840<\/a>\u00ab, que autoriza la construcci\u00f3n del megaproyecto en el pa\u00eds.&nbsp;El levantamiento del Canal se declara de inter\u00e9s supremo nacional y se otorga la concesi\u00f3n a la empresa HK Nicaragua Canal Development Investment. Un a\u00f1o despu\u00e9s, el gobierno anuncia que la ruta del Canal Interoce\u00e1nico atravesar\u00eda el territorio Rama y Kriol, que est\u00e1 compuesto por hasta 9 comunidades al sureste de Nicaragua. Desde entonces, \u00e9stas han opuesto p\u00fablicamente resistencia a la construcci\u00f3n del Canal, tanto a trav\u00e9s de movilizaciones sociales, como a trav\u00e9s de v\u00edas jur\u00eddicas, hasta el punto de interponer hasta 19 recursos de amparo. Todos, rechazados por parte del sistema judicial nicarag\u00fcense.<\/p>\n\n\n\n<figure class=\"wp-block-image size-large\"><img decoding=\"async\" width=\"1024\" height=\"512\" src=\"https:\/\/centrosira.org\/wp-content\/uploads\/2026\/03\/cronologia_canal_sira_1_1536x768_1-1024x512.webp\" alt=\"\" class=\"wp-image-1060\" srcset=\"https:\/\/centrosira.org\/wp-content\/uploads\/2026\/03\/cronologia_canal_sira_1_1536x768_1-1024x512.webp 1024w, https:\/\/centrosira.org\/wp-content\/uploads\/2026\/03\/cronologia_canal_sira_1_1536x768_1-300x150.webp 300w, https:\/\/centrosira.org\/wp-content\/uploads\/2026\/03\/cronologia_canal_sira_1_1536x768_1-768x384.webp 768w, https:\/\/centrosira.org\/wp-content\/uploads\/2026\/03\/cronologia_canal_sira_1_1536x768_1-18x9.webp 18w, https:\/\/centrosira.org\/wp-content\/uploads\/2026\/03\/cronologia_canal_sira_1_1536x768_1.webp 1536w\" sizes=\"(max-width: 1024px) 100vw, 1024px\" \/><\/figure>\n\n\n\n<h5 class=\"wp-block-heading has-text-align-right\">Cronolog\u00eda del Caso entre las comunidades demandantes y Nicaragua. Centro Sir[a]<\/h5>\n\n\n\n<h2 class=\"wp-block-heading\">Entornos Torturantes<\/h2>\n\n\n\n<p>Tradicionalmente, la tortura ha sido medida y estudiada exclusivamente como un&nbsp;m\u00e9todo. Sin embargo, este enfoque resulta limitante, ya que no contempla las infinitas formas de tortura que la imaginaci\u00f3n de los perpetradores puede producir, ni tampoco sus m\u00e9todos, o la experiencia individual y subjetiva de las v\u00edctimas. El t\u00e9rmino \u201c<a href=\"http:\/\/www.psicosocial.net\/investigacion\/entornos-torturantes\/\">Entornos Torturantes<\/a>\u201d busca precisamente superar este escollo. Se trata de un concepto que no analiza la tortura focaliz\u00e1ndose \u00fanicamente en los m\u00e9todos, sino que adem\u00e1s se concentra en estudiar el contexto en el que se ejerce. Es decir, en el \u201centorno\u201d.&nbsp;<\/p>\n\n\n\n<p>Entendemos un Entorno Torturante como un espacio en el que se crean condiciones que, en su conjunto, cumplir\u00edan con la definici\u00f3n de tortura.&nbsp;Se trata de un total de elementos contextuales, de condiciones y de pr\u00e1cticas, que disminuyen o anulan la voluntad y el control de la v\u00edctima sobre su vida, y que comprometen al \u201cyo\u201d.&nbsp;<\/p>\n\n\n\n<p>Este concepto entiende que la tortura no se debe a una sola t\u00e9cnica, sino que depende de un efecto acumulativo o de la&nbsp;<strong>combinaci\u00f3n<\/strong>&nbsp;de varios m\u00e9todos de tortura que, utilizados de forma alineada, no producir\u00edan los mismos efectos.<\/p>\n\n\n\n<p>De manera intencional, este grupo de elementos, estrategias y m\u00e9todos busca intimidar, coartar o doblegar la voluntad de las personas o las comunidades a los deseos de quien lo crea.&nbsp;&nbsp;Se busca agredir de forma f\u00edsica, cognitiva, emocional o sensorial a la v\u00edctima, a trav\u00e9s del ataque a los elementos nucleares de su identidad o los de su grupo.&nbsp;<\/p>\n","protected":false},"excerpt":{"rendered":"<p>Los pueblos Rama y Kriol, la Comunidad Monkey Point y la Comunidad Negra Creole Ind\u00edgena de Bluefields acusan a Nicaragua de violar sus derechos al realizar la concesi\u00f3n del mega proyecto \u00abGran Canal Interoce\u00e1nico\u00bb, que atraviesa sus tierras El pasado jueves 2 de febrero, el director cl\u00ednico del Centro Sira,&nbsp;Pau P\u00e9rez Sales, ejerci\u00f3 como perito [&hellip;]<\/p>\n","protected":false},"author":3,"featured_media":1058,"comment_status":"open","ping_status":"open","sticky":false,"template":"","format":"standard","meta":{"footnotes":""},"categories":[26,21,28],"tags":[],"class_list":["post-1056","post","type-post","status-publish","format-standard","has-post-thumbnail","hentry","category-entornos-torturantes","category-periciales","category-tribunales-internacionales"],"yoast_head":"<!-- This site is optimized with the Yoast SEO plugin v27.4 - https:\/\/yoast.com\/product\/yoast-seo-wordpress\/ -->\n<title>Sira perita a las Comunidades ind\u00edgenas y afro que denuncian a Nicaragua ante la Corte Interamericana - Centro Sira<\/title>\n<meta name=\"robots\" content=\"index, follow, max-snippet:-1, max-image-preview:large, max-video-preview:-1\" \/>\n<link rel=\"canonical\" href=\"https:\/\/centrosira.org\/fr\/sira-perita-a-las-comunidades-indigenas-y-afro-que-denuncian-a-nicaragua-ante-la-corte-interamericana\/\" \/>\n<meta property=\"og:locale\" content=\"fr_FR\" \/>\n<meta property=\"og:type\" content=\"article\" \/>\n<meta property=\"og:title\" content=\"Sira perita a las Comunidades ind\u00edgenas y afro que denuncian a Nicaragua ante la Corte Interamericana - Centro Sira\" \/>\n<meta property=\"og:description\" content=\"Los pueblos Rama y Kriol, la Comunidad Monkey Point y la Comunidad Negra Creole Ind\u00edgena de Bluefields acusan a Nicaragua de violar sus derechos al realizar la concesi\u00f3n del mega proyecto \u00abGran Canal Interoce\u00e1nico\u00bb, que atraviesa sus tierras El pasado jueves 2 de febrero, el director cl\u00ednico del Centro Sira,&nbsp;Pau P\u00e9rez Sales, ejerci\u00f3 como perito [&hellip;]\" \/>\n<meta property=\"og:url\" content=\"https:\/\/centrosira.org\/fr\/sira-perita-a-las-comunidades-indigenas-y-afro-que-denuncian-a-nicaragua-ante-la-corte-interamericana\/\" \/>\n<meta property=\"og:site_name\" content=\"Centro Sira\" \/>\n<meta property=\"article:publisher\" content=\"https:\/\/www.facebook.com\/siracentro\" \/>\n<meta property=\"article:published_time\" content=\"2026-03-09T10:20:17+00:00\" \/>\n<meta property=\"og:image\" content=\"https:\/\/centrosira.org\/wp-content\/uploads\/2026\/03\/foto_conclusion_1.webp\" \/>\n\t<meta property=\"og:image:width\" content=\"2000\" \/>\n\t<meta property=\"og:image:height\" content=\"1504\" \/>\n\t<meta property=\"og:image:type\" content=\"image\/webp\" \/>\n<meta name=\"author\" content=\"Israel V\" \/>\n<meta name=\"twitter:card\" content=\"summary_large_image\" \/>\n<meta name=\"twitter:creator\" content=\"@sira_centro\" \/>\n<meta name=\"twitter:site\" content=\"@sira_centro\" \/>\n<meta name=\"twitter:label1\" content=\"\u00c9crit par\" \/>\n\t<meta name=\"twitter:data1\" content=\"Israel V\" \/>\n\t<meta name=\"twitter:label2\" content=\"Dur\u00e9e de lecture estim\u00e9e\" \/>\n\t<meta name=\"twitter:data2\" content=\"6 minutes\" \/>\n<script type=\"application\/ld+json\" class=\"yoast-schema-graph\">{\"@context\":\"https:\\\/\\\/schema.org\",\"@graph\":[{\"@type\":\"Article\",\"@id\":\"https:\\\/\\\/centrosira.org\\\/sira-perita-a-las-comunidades-indigenas-y-afro-que-denuncian-a-nicaragua-ante-la-corte-interamericana\\\/#article\",\"isPartOf\":{\"@id\":\"https:\\\/\\\/centrosira.org\\\/sira-perita-a-las-comunidades-indigenas-y-afro-que-denuncian-a-nicaragua-ante-la-corte-interamericana\\\/\"},\"author\":{\"name\":\"Israel V\",\"@id\":\"https:\\\/\\\/centrosira.org\\\/#\\\/schema\\\/person\\\/9815ff63267f2e2957c81988f684c7ba\"},\"headline\":\"Sira perita a las Comunidades ind\u00edgenas y afro que denuncian a Nicaragua ante la Corte Interamericana\",\"datePublished\":\"2026-03-09T10:20:17+00:00\",\"mainEntityOfPage\":{\"@id\":\"https:\\\/\\\/centrosira.org\\\/sira-perita-a-las-comunidades-indigenas-y-afro-que-denuncian-a-nicaragua-ante-la-corte-interamericana\\\/\"},\"wordCount\":1219,\"commentCount\":0,\"publisher\":{\"@id\":\"https:\\\/\\\/centrosira.org\\\/#organization\"},\"image\":{\"@id\":\"https:\\\/\\\/centrosira.org\\\/sira-perita-a-las-comunidades-indigenas-y-afro-que-denuncian-a-nicaragua-ante-la-corte-interamericana\\\/#primaryimage\"},\"thumbnailUrl\":\"https:\\\/\\\/centrosira.org\\\/wp-content\\\/uploads\\\/2026\\\/03\\\/foto_conclusion_1.webp\",\"articleSection\":[\"Entornos Torturantes\",\"Periciales\",\"Tribunales Internacionales\"],\"inLanguage\":\"fr-FR\",\"potentialAction\":[{\"@type\":\"CommentAction\",\"name\":\"Comment\",\"target\":[\"https:\\\/\\\/centrosira.org\\\/sira-perita-a-las-comunidades-indigenas-y-afro-que-denuncian-a-nicaragua-ante-la-corte-interamericana\\\/#respond\"]}]},{\"@type\":\"WebPage\",\"@id\":\"https:\\\/\\\/centrosira.org\\\/sira-perita-a-las-comunidades-indigenas-y-afro-que-denuncian-a-nicaragua-ante-la-corte-interamericana\\\/\",\"url\":\"https:\\\/\\\/centrosira.org\\\/sira-perita-a-las-comunidades-indigenas-y-afro-que-denuncian-a-nicaragua-ante-la-corte-interamericana\\\/\",\"name\":\"Sira perita a las Comunidades ind\u00edgenas y afro que denuncian a Nicaragua ante la Corte Interamericana - Centro Sira\",\"isPartOf\":{\"@id\":\"https:\\\/\\\/centrosira.org\\\/#website\"},\"primaryImageOfPage\":{\"@id\":\"https:\\\/\\\/centrosira.org\\\/sira-perita-a-las-comunidades-indigenas-y-afro-que-denuncian-a-nicaragua-ante-la-corte-interamericana\\\/#primaryimage\"},\"image\":{\"@id\":\"https:\\\/\\\/centrosira.org\\\/sira-perita-a-las-comunidades-indigenas-y-afro-que-denuncian-a-nicaragua-ante-la-corte-interamericana\\\/#primaryimage\"},\"thumbnailUrl\":\"https:\\\/\\\/centrosira.org\\\/wp-content\\\/uploads\\\/2026\\\/03\\\/foto_conclusion_1.webp\",\"datePublished\":\"2026-03-09T10:20:17+00:00\",\"breadcrumb\":{\"@id\":\"https:\\\/\\\/centrosira.org\\\/sira-perita-a-las-comunidades-indigenas-y-afro-que-denuncian-a-nicaragua-ante-la-corte-interamericana\\\/#breadcrumb\"},\"inLanguage\":\"fr-FR\",\"potentialAction\":[{\"@type\":\"ReadAction\",\"target\":[\"https:\\\/\\\/centrosira.org\\\/sira-perita-a-las-comunidades-indigenas-y-afro-que-denuncian-a-nicaragua-ante-la-corte-interamericana\\\/\"]}]},{\"@type\":\"ImageObject\",\"inLanguage\":\"fr-FR\",\"@id\":\"https:\\\/\\\/centrosira.org\\\/sira-perita-a-las-comunidades-indigenas-y-afro-que-denuncian-a-nicaragua-ante-la-corte-interamericana\\\/#primaryimage\",\"url\":\"https:\\\/\\\/centrosira.org\\\/wp-content\\\/uploads\\\/2026\\\/03\\\/foto_conclusion_1.webp\",\"contentUrl\":\"https:\\\/\\\/centrosira.org\\\/wp-content\\\/uploads\\\/2026\\\/03\\\/foto_conclusion_1.webp\",\"width\":2000,\"height\":1504},{\"@type\":\"BreadcrumbList\",\"@id\":\"https:\\\/\\\/centrosira.org\\\/sira-perita-a-las-comunidades-indigenas-y-afro-que-denuncian-a-nicaragua-ante-la-corte-interamericana\\\/#breadcrumb\",\"itemListElement\":[{\"@type\":\"ListItem\",\"position\":1,\"name\":\"Portada\",\"item\":\"https:\\\/\\\/centrosira.org\\\/\"},{\"@type\":\"ListItem\",\"position\":2,\"name\":\"Sira perita a las Comunidades ind\u00edgenas y afro que denuncian a Nicaragua ante la Corte Interamericana\"}]},{\"@type\":\"WebSite\",\"@id\":\"https:\\\/\\\/centrosira.org\\\/#website\",\"url\":\"https:\\\/\\\/centrosira.org\\\/\",\"name\":\"Centro Sira\",\"description\":\"\",\"publisher\":{\"@id\":\"https:\\\/\\\/centrosira.org\\\/#organization\"},\"alternateName\":\"Centro de Atenci\u00f3n a V\u00edctimas de Malos Tratos y Tortura\",\"potentialAction\":[{\"@type\":\"SearchAction\",\"target\":{\"@type\":\"EntryPoint\",\"urlTemplate\":\"https:\\\/\\\/centrosira.org\\\/?s={search_term_string}\"},\"query-input\":{\"@type\":\"PropertyValueSpecification\",\"valueRequired\":true,\"valueName\":\"search_term_string\"}}],\"inLanguage\":\"fr-FR\"},{\"@type\":\"Organization\",\"@id\":\"https:\\\/\\\/centrosira.org\\\/#organization\",\"name\":\"Centro Sira\",\"alternateName\":\"Sira\",\"url\":\"https:\\\/\\\/centrosira.org\\\/\",\"logo\":{\"@type\":\"ImageObject\",\"inLanguage\":\"fr-FR\",\"@id\":\"https:\\\/\\\/centrosira.org\\\/#\\\/schema\\\/logo\\\/image\\\/\",\"url\":null,\"contentUrl\":null,\"width\":null,\"height\":null,\"caption\":\"Centro Sira\"},\"image\":{\"@id\":\"https:\\\/\\\/centrosira.org\\\/#\\\/schema\\\/logo\\\/image\\\/\"},\"sameAs\":[\"https:\\\/\\\/www.facebook.com\\\/siracentro\",\"https:\\\/\\\/x.com\\\/sira_centro\",\"https:\\\/\\\/www.instagram.com\\\/sira_centro\\\/\",\"https:\\\/\\\/www.linkedin.com\\\/company\\\/sira-centro\\\/?originalSubdomain=es\",\"https:\\\/\\\/www.youtube.com\\\/@sira_centro\"]},{\"@type\":\"Person\",\"@id\":\"https:\\\/\\\/centrosira.org\\\/#\\\/schema\\\/person\\\/9815ff63267f2e2957c81988f684c7ba\",\"name\":\"Israel V\",\"image\":{\"@type\":\"ImageObject\",\"inLanguage\":\"fr-FR\",\"@id\":\"https:\\\/\\\/secure.gravatar.com\\\/avatar\\\/b835441d5f77c22b9bbc6c394fca699d2d7dfd928f4ff56c43763984e664c8f2?s=96&d=mm&r=g\",\"url\":\"https:\\\/\\\/secure.gravatar.com\\\/avatar\\\/b835441d5f77c22b9bbc6c394fca699d2d7dfd928f4ff56c43763984e664c8f2?s=96&d=mm&r=g\",\"contentUrl\":\"https:\\\/\\\/secure.gravatar.com\\\/avatar\\\/b835441d5f77c22b9bbc6c394fca699d2d7dfd928f4ff56c43763984e664c8f2?s=96&d=mm&r=g\",\"caption\":\"Israel V\"},\"url\":\"https:\\\/\\\/centrosira.org\\\/fr\\\/author\\\/contelob2892sira\\\/\"}]}<\/script>\n<!-- \/ Yoast SEO plugin. -->","yoast_head_json":{"title":"Sira perita a las Comunidades ind\u00edgenas y afro que denuncian a Nicaragua ante la Corte Interamericana - Centro Sira","robots":{"index":"index","follow":"follow","max-snippet":"max-snippet:-1","max-image-preview":"max-image-preview:large","max-video-preview":"max-video-preview:-1"},"canonical":"https:\/\/centrosira.org\/fr\/sira-perita-a-las-comunidades-indigenas-y-afro-que-denuncian-a-nicaragua-ante-la-corte-interamericana\/","og_locale":"fr_FR","og_type":"article","og_title":"Sira perita a las Comunidades ind\u00edgenas y afro que denuncian a Nicaragua ante la Corte Interamericana - Centro Sira","og_description":"Los pueblos Rama y Kriol, la Comunidad Monkey Point y la Comunidad Negra Creole Ind\u00edgena de Bluefields acusan a Nicaragua de violar sus derechos al realizar la concesi\u00f3n del mega proyecto \u00abGran Canal Interoce\u00e1nico\u00bb, que atraviesa sus tierras El pasado jueves 2 de febrero, el director cl\u00ednico del Centro Sira,&nbsp;Pau P\u00e9rez Sales, ejerci\u00f3 como perito [&hellip;]","og_url":"https:\/\/centrosira.org\/fr\/sira-perita-a-las-comunidades-indigenas-y-afro-que-denuncian-a-nicaragua-ante-la-corte-interamericana\/","og_site_name":"Centro Sira","article_publisher":"https:\/\/www.facebook.com\/siracentro","article_published_time":"2026-03-09T10:20:17+00:00","og_image":[{"width":2000,"height":1504,"url":"https:\/\/centrosira.org\/wp-content\/uploads\/2026\/03\/foto_conclusion_1.webp","type":"image\/webp"}],"author":"Israel V","twitter_card":"summary_large_image","twitter_creator":"@sira_centro","twitter_site":"@sira_centro","twitter_misc":{"\u00c9crit par":"Israel V","Dur\u00e9e de lecture estim\u00e9e":"6 minutes"},"schema":{"@context":"https:\/\/schema.org","@graph":[{"@type":"Article","@id":"https:\/\/centrosira.org\/sira-perita-a-las-comunidades-indigenas-y-afro-que-denuncian-a-nicaragua-ante-la-corte-interamericana\/#article","isPartOf":{"@id":"https:\/\/centrosira.org\/sira-perita-a-las-comunidades-indigenas-y-afro-que-denuncian-a-nicaragua-ante-la-corte-interamericana\/"},"author":{"name":"Israel V","@id":"https:\/\/centrosira.org\/#\/schema\/person\/9815ff63267f2e2957c81988f684c7ba"},"headline":"Sira perita a las Comunidades ind\u00edgenas y afro que denuncian a Nicaragua ante la Corte Interamericana","datePublished":"2026-03-09T10:20:17+00:00","mainEntityOfPage":{"@id":"https:\/\/centrosira.org\/sira-perita-a-las-comunidades-indigenas-y-afro-que-denuncian-a-nicaragua-ante-la-corte-interamericana\/"},"wordCount":1219,"commentCount":0,"publisher":{"@id":"https:\/\/centrosira.org\/#organization"},"image":{"@id":"https:\/\/centrosira.org\/sira-perita-a-las-comunidades-indigenas-y-afro-que-denuncian-a-nicaragua-ante-la-corte-interamericana\/#primaryimage"},"thumbnailUrl":"https:\/\/centrosira.org\/wp-content\/uploads\/2026\/03\/foto_conclusion_1.webp","articleSection":["Entornos Torturantes","Periciales","Tribunales Internacionales"],"inLanguage":"fr-FR","potentialAction":[{"@type":"CommentAction","name":"Comment","target":["https:\/\/centrosira.org\/sira-perita-a-las-comunidades-indigenas-y-afro-que-denuncian-a-nicaragua-ante-la-corte-interamericana\/#respond"]}]},{"@type":"WebPage","@id":"https:\/\/centrosira.org\/sira-perita-a-las-comunidades-indigenas-y-afro-que-denuncian-a-nicaragua-ante-la-corte-interamericana\/","url":"https:\/\/centrosira.org\/sira-perita-a-las-comunidades-indigenas-y-afro-que-denuncian-a-nicaragua-ante-la-corte-interamericana\/","name":"Sira perita a las Comunidades ind\u00edgenas y afro que denuncian a Nicaragua ante la Corte Interamericana - Centro Sira","isPartOf":{"@id":"https:\/\/centrosira.org\/#website"},"primaryImageOfPage":{"@id":"https:\/\/centrosira.org\/sira-perita-a-las-comunidades-indigenas-y-afro-que-denuncian-a-nicaragua-ante-la-corte-interamericana\/#primaryimage"},"image":{"@id":"https:\/\/centrosira.org\/sira-perita-a-las-comunidades-indigenas-y-afro-que-denuncian-a-nicaragua-ante-la-corte-interamericana\/#primaryimage"},"thumbnailUrl":"https:\/\/centrosira.org\/wp-content\/uploads\/2026\/03\/foto_conclusion_1.webp","datePublished":"2026-03-09T10:20:17+00:00","breadcrumb":{"@id":"https:\/\/centrosira.org\/sira-perita-a-las-comunidades-indigenas-y-afro-que-denuncian-a-nicaragua-ante-la-corte-interamericana\/#breadcrumb"},"inLanguage":"fr-FR","potentialAction":[{"@type":"ReadAction","target":["https:\/\/centrosira.org\/sira-perita-a-las-comunidades-indigenas-y-afro-que-denuncian-a-nicaragua-ante-la-corte-interamericana\/"]}]},{"@type":"ImageObject","inLanguage":"fr-FR","@id":"https:\/\/centrosira.org\/sira-perita-a-las-comunidades-indigenas-y-afro-que-denuncian-a-nicaragua-ante-la-corte-interamericana\/#primaryimage","url":"https:\/\/centrosira.org\/wp-content\/uploads\/2026\/03\/foto_conclusion_1.webp","contentUrl":"https:\/\/centrosira.org\/wp-content\/uploads\/2026\/03\/foto_conclusion_1.webp","width":2000,"height":1504},{"@type":"BreadcrumbList","@id":"https:\/\/centrosira.org\/sira-perita-a-las-comunidades-indigenas-y-afro-que-denuncian-a-nicaragua-ante-la-corte-interamericana\/#breadcrumb","itemListElement":[{"@type":"ListItem","position":1,"name":"Portada","item":"https:\/\/centrosira.org\/"},{"@type":"ListItem","position":2,"name":"Sira perita a las Comunidades ind\u00edgenas y afro que denuncian a Nicaragua ante la Corte Interamericana"}]},{"@type":"WebSite","@id":"https:\/\/centrosira.org\/#website","url":"https:\/\/centrosira.org\/","name":"Centre Sira","description":"","publisher":{"@id":"https:\/\/centrosira.org\/#organization"},"alternateName":"Centro de Atenci\u00f3n a V\u00edctimas de Malos Tratos y Tortura","potentialAction":[{"@type":"SearchAction","target":{"@type":"EntryPoint","urlTemplate":"https:\/\/centrosira.org\/?s={search_term_string}"},"query-input":{"@type":"PropertyValueSpecification","valueRequired":true,"valueName":"search_term_string"}}],"inLanguage":"fr-FR"},{"@type":"Organization","@id":"https:\/\/centrosira.org\/#organization","name":"Centre Sira","alternateName":"Sira","url":"https:\/\/centrosira.org\/","logo":{"@type":"ImageObject","inLanguage":"fr-FR","@id":"https:\/\/centrosira.org\/#\/schema\/logo\/image\/","url":null,"contentUrl":null,"width":null,"height":null,"caption":"Centro Sira"},"image":{"@id":"https:\/\/centrosira.org\/#\/schema\/logo\/image\/"},"sameAs":["https:\/\/www.facebook.com\/siracentro","https:\/\/x.com\/sira_centro","https:\/\/www.instagram.com\/sira_centro\/","https:\/\/www.linkedin.com\/company\/sira-centro\/?originalSubdomain=es","https:\/\/www.youtube.com\/@sira_centro"]},{"@type":"Person","@id":"https:\/\/centrosira.org\/#\/schema\/person\/9815ff63267f2e2957c81988f684c7ba","name":"Isra\u00ebl V","image":{"@type":"ImageObject","inLanguage":"fr-FR","@id":"https:\/\/secure.gravatar.com\/avatar\/b835441d5f77c22b9bbc6c394fca699d2d7dfd928f4ff56c43763984e664c8f2?s=96&d=mm&r=g","url":"https:\/\/secure.gravatar.com\/avatar\/b835441d5f77c22b9bbc6c394fca699d2d7dfd928f4ff56c43763984e664c8f2?s=96&d=mm&r=g","contentUrl":"https:\/\/secure.gravatar.com\/avatar\/b835441d5f77c22b9bbc6c394fca699d2d7dfd928f4ff56c43763984e664c8f2?s=96&d=mm&r=g","caption":"Israel V"},"url":"https:\/\/centrosira.org\/fr\/author\/contelob2892sira\/"}]}},"_links":{"self":[{"href":"https:\/\/centrosira.org\/fr\/wp-json\/wp\/v2\/posts\/1056","targetHints":{"allow":["GET"]}}],"collection":[{"href":"https:\/\/centrosira.org\/fr\/wp-json\/wp\/v2\/posts"}],"about":[{"href":"https:\/\/centrosira.org\/fr\/wp-json\/wp\/v2\/types\/post"}],"author":[{"embeddable":true,"href":"https:\/\/centrosira.org\/fr\/wp-json\/wp\/v2\/users\/3"}],"replies":[{"embeddable":true,"href":"https:\/\/centrosira.org\/fr\/wp-json\/wp\/v2\/comments?post=1056"}],"version-history":[{"count":1,"href":"https:\/\/centrosira.org\/fr\/wp-json\/wp\/v2\/posts\/1056\/revisions"}],"predecessor-version":[{"id":1061,"href":"https:\/\/centrosira.org\/fr\/wp-json\/wp\/v2\/posts\/1056\/revisions\/1061"}],"wp:featuredmedia":[{"embeddable":true,"href":"https:\/\/centrosira.org\/fr\/wp-json\/wp\/v2\/media\/1058"}],"wp:attachment":[{"href":"https:\/\/centrosira.org\/fr\/wp-json\/wp\/v2\/media?parent=1056"}],"wp:term":[{"taxonomy":"category","embeddable":true,"href":"https:\/\/centrosira.org\/fr\/wp-json\/wp\/v2\/categories?post=1056"},{"taxonomy":"post_tag","embeddable":true,"href":"https:\/\/centrosira.org\/fr\/wp-json\/wp\/v2\/tags?post=1056"}],"curies":[{"name":"wp","href":"https:\/\/api.w.org\/{rel}","templated":true}]}}