{"id":1052,"date":"2026-03-09T11:16:40","date_gmt":"2026-03-09T10:16:40","guid":{"rendered":"https:\/\/centrosira.org\/?p=1052"},"modified":"2026-03-09T11:16:57","modified_gmt":"2026-03-09T10:16:57","slug":"matrimonio-inocente-encarcelado-por-yihadismo-indemnizacion","status":"publish","type":"post","link":"https:\/\/centrosira.org\/fr\/matrimonio-inocente-encarcelado-por-yihadismo-indemnizacion\/","title":{"rendered":"Le t\u00e9moignage d&#039;expert de Sira a \u00e9t\u00e9 d\u00e9terminant dans la d\u00e9cision qui a indemnis\u00e9 un couple emprisonn\u00e9 pour \u201c djihadisme \u201d, malgr\u00e9 leur innocence."},"content":{"rendered":"<h3 class=\"wp-block-heading\">L&#039;homme a pass\u00e9 jusqu&#039;\u00e0 trois ans en d\u00e9tention provisoire, tandis que sa partenaire y a pass\u00e9 un peu moins d&#039;un an. En 2019, la Cour supr\u00eame les a acquitt\u00e9s apr\u00e8s un nouveau proc\u00e8s.<\/h3>\n\n\n\n<p>Pendant pr\u00e8s de 4 ans, le&nbsp;<strong>Centre de soins pour les victimes d'abus et de torture, Sira<\/strong>, a assur\u00e9 le soutien th\u00e9rapeutique d&#039;un couple innocent emprisonn\u00e9 pour djihadisme pour des crimes pr\u00e9sum\u00e9s li\u00e9s au terrorisme en 2016. Il est rest\u00e9 jusqu&#039;\u00e0 3 ans en d\u00e9tention provisoire au premier degr\u00e9 et sous le r\u00e9gime FIES 3, l&#039;un des plus s\u00e9v\u00e8res, dans lequel l&#039;isolement ou la d\u00e9tention cellulaire est autoris\u00e9 ; tandis qu&#039;elle, a \u00e9t\u00e9 un peu moins d&#039;un an en prison, sous ce m\u00eame r\u00e9gime.&nbsp;<\/p>\n\n\n\n<p>Suite \u00e0 leur acquittement, tous deux ont \u00e9t\u00e9 orient\u00e9s vers le Centre Sira en raison de la gravit\u00e9 de leur stress post-traumatique, qui n\u00e9cessitait une prise en charge multidisciplinaire et psychoth\u00e9rapeutique difficilement accessible par un centre de sant\u00e9 mentale. Outre le soutien th\u00e9rapeutique qu&#039;il leur a apport\u00e9, l&#039;organisation a simultan\u00e9ment \u00e9tudi\u00e9 et document\u00e9 les cons\u00e9quences m\u00e9dicales et psychologiques de cette situation.&nbsp;<\/p>\n\n\n\n<p>La coop\u00e9rative des avocats,&nbsp;<a href=\"https:\/\/red-juridica.com\/\"><strong>R\u00e9seau juridique<\/strong><\/a>, a command\u00e9 le&nbsp;<a href=\"https:\/\/laolabuenadev.com\/centrosira\/conocenos\/el-equipo\/\">\u00e9quipement<\/a>&nbsp;La performance de Sira de diverses&nbsp;<strong>rapports d&#039;experts<\/strong>&nbsp;qui permettrait d&#039;\u00e9valuer l&#039;impact que le&nbsp;<strong>d\u00e9tention provisoire ill\u00e9gale<\/strong>&nbsp;dans cette famille.&nbsp;<strong>\u00c9ric Sanz,<\/strong>&nbsp;L&#039;avocat de Red Jur\u00eddica en charge du dossier souligne l&#039;exhaustivit\u00e9, la vari\u00e9t\u00e9 et la complexit\u00e9 des rapports, qu&#039;il consid\u00e8re comme fondamentaux pour prouver les dommages subis par le couple innocent emprisonn\u00e9 pour djihadisme et, par cons\u00e9quent, essentiels pour estimer le montant de l&#039;indemnisation.&nbsp;<\/p>\n\n\n\n<p>Sira a r\u00e9dig\u00e9 deux rapports m\u00e9dico-psychologiques d&#039;experts d\u00e9taillant le v\u00e9cu des deux personnes et les cons\u00e9quences de leur incarc\u00e9ration. Ces rapports font \u00e9tat de graves s\u00e9quelles psychiatriques, de atteintes irr\u00e9versibles \u00e0 leur personnalit\u00e9 et d&#039;un pr\u00e9judice irr\u00e9parable \u00e0 leur identit\u00e9 et \u00e0 leurs projets de vie.&nbsp;<\/p>\n\n\n\n<figure class=\"wp-block-image size-large\"><img fetchpriority=\"high\" decoding=\"async\" width=\"1024\" height=\"576\" src=\"https:\/\/centrosira.org\/wp-content\/uploads\/2026\/03\/sede_audiencia_nacional_1-1-1024x576.webp\" alt=\"\" class=\"wp-image-1054\" srcset=\"https:\/\/centrosira.org\/wp-content\/uploads\/2026\/03\/sede_audiencia_nacional_1-1-1024x576.webp 1024w, https:\/\/centrosira.org\/wp-content\/uploads\/2026\/03\/sede_audiencia_nacional_1-1-300x169.webp 300w, https:\/\/centrosira.org\/wp-content\/uploads\/2026\/03\/sede_audiencia_nacional_1-1-768x432.webp 768w, https:\/\/centrosira.org\/wp-content\/uploads\/2026\/03\/sede_audiencia_nacional_1-1-18x10.webp 18w, https:\/\/centrosira.org\/wp-content\/uploads\/2026\/03\/sede_audiencia_nacional_1-1.webp 1200w\" sizes=\"(max-width: 1024px) 100vw, 1024px\" \/><\/figure>\n\n\n\n<h2 class=\"wp-block-heading\">Les impacts du r\u00e9gime FIES<\/h2>\n\n\n\n<p><strong>Pau P\u00e9rez Ventes<\/strong>, psychiatre et directeur clinique de&nbsp;<strong>Centre Sira,&nbsp;<\/strong>Ce document souligne que l&#039;isolement entra\u00eene des changements permanents chez les individus, tels que des troubles de l&#039;attention, de l&#039;irritabilit\u00e9 ou une d\u00e9connexion avec leur environnement. Fr\u00e9quemment, cela se traduit par des comportements d&#039;automutilation et, dans certains cas, par la cr\u00e9ation de mondes personnels o\u00f9 se r\u00e9fugier, qui peuvent souvent \u00e9voluer vers des constructions psychotiques ou d\u00e9lirantes.<\/p>\n\n\n\n<p>Le directeur de Sira souligne que le cerveau humain a besoin de stimulations, quelle qu&#039;en soit la source, qu&#039;elles proviennent de ses activit\u00e9s ou de ses interactions avec autrui\u00a0: \u201c\u00a0Si l&#039;on supprime toute stimulation du cerveau, en le laissant dans un espace clos, il finira par se bloquer ou tenter de compenser en g\u00e9n\u00e9rant ses propres stimuli, et c&#039;est l\u00e0 la base des troubles dissociatifs ou psychotiques\u00a0\u201d, ajoute-t-il.&nbsp;<strong>&nbsp;<\/strong><\/p>\n\n\n\n<p>Le r\u00e9gime d&#039;isolement en Espagne varie consid\u00e9rablement d&#039;une prison \u00e0 l&#039;autre. Certaines prisons autorisent les d\u00e9tenus soumis au r\u00e9gime FIES \u00e0 passer jusqu&#039;\u00e0 trois ou quatre heures dans la cour, voire \u00e0 s&#039;y trouver en petits groupes\u00a0; d&#039;autres, plus s\u00e9v\u00e8res, n&#039;accordent aux prisonniers qu&#039;une heure maximum hors de leur cellule d&#039;isolement. Dans le cas de l&#039;individu examin\u00e9, il a pass\u00e9 de tr\u00e8s longues p\u00e9riodes sous le r\u00e9gime le plus strict.<\/p>\n\n\n\n<p>Les R\u00e8gles Nelson Mandela et les recommandations du Rapporteur sp\u00e9cial sur la torture stipulent sans \u00e9quivoque que l&#039;isolement pendant plus de 15 jours constitue un acte de torture. Or, cette exigence est souvent contourn\u00e9e par des d\u00e9tentions de 14 jours, suivies d&#039;un retour en cellule pendant 2 ou 3 jours, puis d&#039;un nouveau placement en isolement cellulaire. Dans d&#039;autres cas, des am\u00e9nagements mineurs sont apport\u00e9s au r\u00e9gime afin d&#039;\u00e9viter de se conformer \u00e0 la d\u00e9finition stricte de l&#039;isolement, qui consiste \u00e0 rester en cellule pendant 23 \u00e0 24 heures.<\/p>\n\n\n\n<blockquote class=\"wp-block-quote is-layout-flow wp-block-quote-is-layout-flow\">\n<p>\u201d Le processus d\u2019expertise a non seulement un objectif juridique, mais aussi th\u00e9rapeutique. Il vise \u00e0 aider la personne \u00e0 trouver des r\u00e9ponses et un sens \u00e0 son exp\u00e9rience. \u00bb<\/p>\n<\/blockquote>\n\n\n\n<h2 class=\"wp-block-heading\">L&#039;importance du travail des experts<\/h2>\n\n\n\n<p><strong>De Sira&nbsp;<\/strong>Ils comprennent que le processus d&#039;expertise a non seulement un objectif juridique, mais aussi th\u00e9rapeutique. Il vise \u00e0 permettre \u00e0 la personne de trouver des r\u00e9ponses et un sens \u00e0 son exp\u00e9rience, ainsi que de se remobiliser et de d\u00e9velopper des strat\u00e9gies d&#039;adaptation individuelles et collectives pour faire face \u00e0 la situation. L&#039;organisation affirme que le processus de signalement lui-m\u00eame contribue \u00e0 restaurer la dignit\u00e9 des victimes.&nbsp;<\/p>\n\n\n\n<p><strong>Gabriela L\u00f3pez, psychologue et coordinatrice du Centre Sira,&nbsp;<\/strong>Elle estime \u00e9galement que, dans ce cas pr\u00e9cis, le soutien mutuel au sein de la famille a \u00e9t\u00e9 fondamental. Elle souligne leur sens de la justice et leur d\u00e9termination \u00e0 exiger que l&#039;\u00c9tat r\u00e9ponde de ses actes r\u00e9pr\u00e9hensibles comme des \u00e9l\u00e9ments cl\u00e9s qui ont permis aux membres de la famille de pers\u00e9v\u00e9rer tout au long de ce long processus. Parall\u00e8lement, la coordinatrice consid\u00e8re que cette r\u00e9solution met un terme au combat de cette famille et ouvre la voie \u00e0 la justice pour de nombreuses autres victimes de violences institutionnelles.<\/p>","protected":false},"excerpt":{"rendered":"<p>El hombre permaneci\u00f3 hasta 3 a\u00f1os en prisi\u00f3n preventiva, mientras que su pareja pas\u00f3 algo menos de un a\u00f1o. En 2019 el Tribunal Supremo los absolvi\u00f3 tras repetir el caso Durante casi 4 a\u00f1os, el&nbsp;Centro de Atenci\u00f3n a V\u00edctimas de Malos Tratos y Tortura, Sira, ha llevado a cabo el acompa\u00f1amiento terap\u00e9utico de un matrimonio [&hellip;]<\/p>\n","protected":false},"author":3,"featured_media":1053,"comment_status":"open","ping_status":"open","sticky":false,"template":"","format":"standard","meta":{"footnotes":""},"categories":[21],"tags":[],"class_list":["post-1052","post","type-post","status-publish","format-standard","has-post-thumbnail","hentry","category-periciales"],"yoast_head":"<!-- This site is optimized with the Yoast SEO plugin v27.4 - https:\/\/yoast.com\/product\/yoast-seo-wordpress\/ -->\n<title>La pericial de Sira, clave en la sentencia que indemniza a un matrimonio encarcelado por \u201cyihadismo\u201d, pese a ser inocentes - Centro Sira<\/title>\n<meta name=\"robots\" content=\"index, follow, max-snippet:-1, max-image-preview:large, max-video-preview:-1\" \/>\n<link rel=\"canonical\" href=\"https:\/\/centrosira.org\/fr\/matrimonio-inocente-encarcelado-por-yihadismo-indemnizacion\/\" \/>\n<meta property=\"og:locale\" content=\"fr_FR\" \/>\n<meta property=\"og:type\" content=\"article\" \/>\n<meta property=\"og:title\" content=\"La pericial de Sira, clave en la sentencia que indemniza a un matrimonio encarcelado por \u201cyihadismo\u201d, pese a ser inocentes - Centro Sira\" \/>\n<meta property=\"og:description\" content=\"El hombre permaneci\u00f3 hasta 3 a\u00f1os en prisi\u00f3n preventiva, mientras que su pareja pas\u00f3 algo menos de un a\u00f1o. En 2019 el Tribunal Supremo los absolvi\u00f3 tras repetir el caso Durante casi 4 a\u00f1os, el&nbsp;Centro de Atenci\u00f3n a V\u00edctimas de Malos Tratos y Tortura, Sira, ha llevado a cabo el acompa\u00f1amiento terap\u00e9utico de un matrimonio [&hellip;]\" \/>\n<meta property=\"og:url\" content=\"https:\/\/centrosira.org\/fr\/matrimonio-inocente-encarcelado-por-yihadismo-indemnizacion\/\" \/>\n<meta property=\"og:site_name\" content=\"Centro Sira\" \/>\n<meta property=\"article:publisher\" content=\"https:\/\/www.facebook.com\/siracentro\" \/>\n<meta property=\"article:published_time\" content=\"2026-03-09T10:16:40+00:00\" \/>\n<meta property=\"article:modified_time\" content=\"2026-03-09T10:16:57+00:00\" \/>\n<meta property=\"og:image\" content=\"https:\/\/centrosira.org\/wp-content\/uploads\/2026\/03\/sede_audiencia_nacional_1.webp\" \/>\n\t<meta property=\"og:image:width\" content=\"1200\" \/>\n\t<meta property=\"og:image:height\" content=\"675\" \/>\n\t<meta property=\"og:image:type\" content=\"image\/webp\" \/>\n<meta name=\"author\" content=\"Israel V\" \/>\n<meta name=\"twitter:card\" content=\"summary_large_image\" \/>\n<meta name=\"twitter:creator\" content=\"@sira_centro\" \/>\n<meta name=\"twitter:site\" content=\"@sira_centro\" \/>\n<meta name=\"twitter:label1\" content=\"\u00c9crit par\" \/>\n\t<meta name=\"twitter:data1\" content=\"Israel V\" \/>\n\t<meta name=\"twitter:label2\" content=\"Dur\u00e9e de lecture estim\u00e9e\" \/>\n\t<meta name=\"twitter:data2\" content=\"5 minutes\" \/>\n<script type=\"application\/ld+json\" class=\"yoast-schema-graph\">{\"@context\":\"https:\\\/\\\/schema.org\",\"@graph\":[{\"@type\":\"Article\",\"@id\":\"https:\\\/\\\/centrosira.org\\\/matrimonio-inocente-encarcelado-por-yihadismo-indemnizacion\\\/#article\",\"isPartOf\":{\"@id\":\"https:\\\/\\\/centrosira.org\\\/matrimonio-inocente-encarcelado-por-yihadismo-indemnizacion\\\/\"},\"author\":{\"name\":\"Israel V\",\"@id\":\"https:\\\/\\\/centrosira.org\\\/#\\\/schema\\\/person\\\/9815ff63267f2e2957c81988f684c7ba\"},\"headline\":\"La pericial de Sira, clave en la sentencia que indemniza a un matrimonio encarcelado por \u201cyihadismo\u201d, pese a ser inocentes\",\"datePublished\":\"2026-03-09T10:16:40+00:00\",\"dateModified\":\"2026-03-09T10:16:57+00:00\",\"mainEntityOfPage\":{\"@id\":\"https:\\\/\\\/centrosira.org\\\/matrimonio-inocente-encarcelado-por-yihadismo-indemnizacion\\\/\"},\"wordCount\":951,\"commentCount\":0,\"publisher\":{\"@id\":\"https:\\\/\\\/centrosira.org\\\/#organization\"},\"image\":{\"@id\":\"https:\\\/\\\/centrosira.org\\\/matrimonio-inocente-encarcelado-por-yihadismo-indemnizacion\\\/#primaryimage\"},\"thumbnailUrl\":\"https:\\\/\\\/centrosira.org\\\/wp-content\\\/uploads\\\/2026\\\/03\\\/sede_audiencia_nacional_1.webp\",\"articleSection\":[\"Periciales\"],\"inLanguage\":\"fr-FR\",\"potentialAction\":[{\"@type\":\"CommentAction\",\"name\":\"Comment\",\"target\":[\"https:\\\/\\\/centrosira.org\\\/matrimonio-inocente-encarcelado-por-yihadismo-indemnizacion\\\/#respond\"]}]},{\"@type\":\"WebPage\",\"@id\":\"https:\\\/\\\/centrosira.org\\\/matrimonio-inocente-encarcelado-por-yihadismo-indemnizacion\\\/\",\"url\":\"https:\\\/\\\/centrosira.org\\\/matrimonio-inocente-encarcelado-por-yihadismo-indemnizacion\\\/\",\"name\":\"La pericial de Sira, clave en la sentencia que indemniza a un matrimonio encarcelado por \u201cyihadismo\u201d, pese a ser inocentes - Centro Sira\",\"isPartOf\":{\"@id\":\"https:\\\/\\\/centrosira.org\\\/#website\"},\"primaryImageOfPage\":{\"@id\":\"https:\\\/\\\/centrosira.org\\\/matrimonio-inocente-encarcelado-por-yihadismo-indemnizacion\\\/#primaryimage\"},\"image\":{\"@id\":\"https:\\\/\\\/centrosira.org\\\/matrimonio-inocente-encarcelado-por-yihadismo-indemnizacion\\\/#primaryimage\"},\"thumbnailUrl\":\"https:\\\/\\\/centrosira.org\\\/wp-content\\\/uploads\\\/2026\\\/03\\\/sede_audiencia_nacional_1.webp\",\"datePublished\":\"2026-03-09T10:16:40+00:00\",\"dateModified\":\"2026-03-09T10:16:57+00:00\",\"breadcrumb\":{\"@id\":\"https:\\\/\\\/centrosira.org\\\/matrimonio-inocente-encarcelado-por-yihadismo-indemnizacion\\\/#breadcrumb\"},\"inLanguage\":\"fr-FR\",\"potentialAction\":[{\"@type\":\"ReadAction\",\"target\":[\"https:\\\/\\\/centrosira.org\\\/matrimonio-inocente-encarcelado-por-yihadismo-indemnizacion\\\/\"]}]},{\"@type\":\"ImageObject\",\"inLanguage\":\"fr-FR\",\"@id\":\"https:\\\/\\\/centrosira.org\\\/matrimonio-inocente-encarcelado-por-yihadismo-indemnizacion\\\/#primaryimage\",\"url\":\"https:\\\/\\\/centrosira.org\\\/wp-content\\\/uploads\\\/2026\\\/03\\\/sede_audiencia_nacional_1.webp\",\"contentUrl\":\"https:\\\/\\\/centrosira.org\\\/wp-content\\\/uploads\\\/2026\\\/03\\\/sede_audiencia_nacional_1.webp\",\"width\":1200,\"height\":675},{\"@type\":\"BreadcrumbList\",\"@id\":\"https:\\\/\\\/centrosira.org\\\/matrimonio-inocente-encarcelado-por-yihadismo-indemnizacion\\\/#breadcrumb\",\"itemListElement\":[{\"@type\":\"ListItem\",\"position\":1,\"name\":\"Portada\",\"item\":\"https:\\\/\\\/centrosira.org\\\/\"},{\"@type\":\"ListItem\",\"position\":2,\"name\":\"La pericial de Sira, clave en la sentencia que indemniza a un matrimonio encarcelado por \u201cyihadismo\u201d, pese a ser inocentes\"}]},{\"@type\":\"WebSite\",\"@id\":\"https:\\\/\\\/centrosira.org\\\/#website\",\"url\":\"https:\\\/\\\/centrosira.org\\\/\",\"name\":\"Centro Sira\",\"description\":\"\",\"publisher\":{\"@id\":\"https:\\\/\\\/centrosira.org\\\/#organization\"},\"alternateName\":\"Centro de Atenci\u00f3n a V\u00edctimas de Malos Tratos y Tortura\",\"potentialAction\":[{\"@type\":\"SearchAction\",\"target\":{\"@type\":\"EntryPoint\",\"urlTemplate\":\"https:\\\/\\\/centrosira.org\\\/?s={search_term_string}\"},\"query-input\":{\"@type\":\"PropertyValueSpecification\",\"valueRequired\":true,\"valueName\":\"search_term_string\"}}],\"inLanguage\":\"fr-FR\"},{\"@type\":\"Organization\",\"@id\":\"https:\\\/\\\/centrosira.org\\\/#organization\",\"name\":\"Centro Sira\",\"alternateName\":\"Sira\",\"url\":\"https:\\\/\\\/centrosira.org\\\/\",\"logo\":{\"@type\":\"ImageObject\",\"inLanguage\":\"fr-FR\",\"@id\":\"https:\\\/\\\/centrosira.org\\\/#\\\/schema\\\/logo\\\/image\\\/\",\"url\":null,\"contentUrl\":null,\"width\":null,\"height\":null,\"caption\":\"Centro Sira\"},\"image\":{\"@id\":\"https:\\\/\\\/centrosira.org\\\/#\\\/schema\\\/logo\\\/image\\\/\"},\"sameAs\":[\"https:\\\/\\\/www.facebook.com\\\/siracentro\",\"https:\\\/\\\/x.com\\\/sira_centro\",\"https:\\\/\\\/www.instagram.com\\\/sira_centro\\\/\",\"https:\\\/\\\/www.linkedin.com\\\/company\\\/sira-centro\\\/?originalSubdomain=es\",\"https:\\\/\\\/www.youtube.com\\\/@sira_centro\"]},{\"@type\":\"Person\",\"@id\":\"https:\\\/\\\/centrosira.org\\\/#\\\/schema\\\/person\\\/9815ff63267f2e2957c81988f684c7ba\",\"name\":\"Israel V\",\"image\":{\"@type\":\"ImageObject\",\"inLanguage\":\"fr-FR\",\"@id\":\"https:\\\/\\\/secure.gravatar.com\\\/avatar\\\/b835441d5f77c22b9bbc6c394fca699d2d7dfd928f4ff56c43763984e664c8f2?s=96&d=mm&r=g\",\"url\":\"https:\\\/\\\/secure.gravatar.com\\\/avatar\\\/b835441d5f77c22b9bbc6c394fca699d2d7dfd928f4ff56c43763984e664c8f2?s=96&d=mm&r=g\",\"contentUrl\":\"https:\\\/\\\/secure.gravatar.com\\\/avatar\\\/b835441d5f77c22b9bbc6c394fca699d2d7dfd928f4ff56c43763984e664c8f2?s=96&d=mm&r=g\",\"caption\":\"Israel V\"},\"url\":\"https:\\\/\\\/centrosira.org\\\/fr\\\/author\\\/contelob2892sira\\\/\"}]}<\/script>\n<!-- \/ Yoast SEO plugin. -->","yoast_head_json":{"title":"La pericial de Sira, clave en la sentencia que indemniza a un matrimonio encarcelado por \u201cyihadismo\u201d, pese a ser inocentes - Centro Sira","robots":{"index":"index","follow":"follow","max-snippet":"max-snippet:-1","max-image-preview":"max-image-preview:large","max-video-preview":"max-video-preview:-1"},"canonical":"https:\/\/centrosira.org\/fr\/matrimonio-inocente-encarcelado-por-yihadismo-indemnizacion\/","og_locale":"fr_FR","og_type":"article","og_title":"La pericial de Sira, clave en la sentencia que indemniza a un matrimonio encarcelado por \u201cyihadismo\u201d, pese a ser inocentes - Centro Sira","og_description":"El hombre permaneci\u00f3 hasta 3 a\u00f1os en prisi\u00f3n preventiva, mientras que su pareja pas\u00f3 algo menos de un a\u00f1o. En 2019 el Tribunal Supremo los absolvi\u00f3 tras repetir el caso Durante casi 4 a\u00f1os, el&nbsp;Centro de Atenci\u00f3n a V\u00edctimas de Malos Tratos y Tortura, Sira, ha llevado a cabo el acompa\u00f1amiento terap\u00e9utico de un matrimonio [&hellip;]","og_url":"https:\/\/centrosira.org\/fr\/matrimonio-inocente-encarcelado-por-yihadismo-indemnizacion\/","og_site_name":"Centro Sira","article_publisher":"https:\/\/www.facebook.com\/siracentro","article_published_time":"2026-03-09T10:16:40+00:00","article_modified_time":"2026-03-09T10:16:57+00:00","og_image":[{"width":1200,"height":675,"url":"https:\/\/centrosira.org\/wp-content\/uploads\/2026\/03\/sede_audiencia_nacional_1.webp","type":"image\/webp"}],"author":"Israel V","twitter_card":"summary_large_image","twitter_creator":"@sira_centro","twitter_site":"@sira_centro","twitter_misc":{"\u00c9crit par":"Israel V","Dur\u00e9e de lecture estim\u00e9e":"5 minutes"},"schema":{"@context":"https:\/\/schema.org","@graph":[{"@type":"Article","@id":"https:\/\/centrosira.org\/matrimonio-inocente-encarcelado-por-yihadismo-indemnizacion\/#article","isPartOf":{"@id":"https:\/\/centrosira.org\/matrimonio-inocente-encarcelado-por-yihadismo-indemnizacion\/"},"author":{"name":"Israel V","@id":"https:\/\/centrosira.org\/#\/schema\/person\/9815ff63267f2e2957c81988f684c7ba"},"headline":"La pericial de Sira, clave en la sentencia que indemniza a un matrimonio encarcelado por \u201cyihadismo\u201d, pese a ser inocentes","datePublished":"2026-03-09T10:16:40+00:00","dateModified":"2026-03-09T10:16:57+00:00","mainEntityOfPage":{"@id":"https:\/\/centrosira.org\/matrimonio-inocente-encarcelado-por-yihadismo-indemnizacion\/"},"wordCount":951,"commentCount":0,"publisher":{"@id":"https:\/\/centrosira.org\/#organization"},"image":{"@id":"https:\/\/centrosira.org\/matrimonio-inocente-encarcelado-por-yihadismo-indemnizacion\/#primaryimage"},"thumbnailUrl":"https:\/\/centrosira.org\/wp-content\/uploads\/2026\/03\/sede_audiencia_nacional_1.webp","articleSection":["Periciales"],"inLanguage":"fr-FR","potentialAction":[{"@type":"CommentAction","name":"Comment","target":["https:\/\/centrosira.org\/matrimonio-inocente-encarcelado-por-yihadismo-indemnizacion\/#respond"]}]},{"@type":"WebPage","@id":"https:\/\/centrosira.org\/matrimonio-inocente-encarcelado-por-yihadismo-indemnizacion\/","url":"https:\/\/centrosira.org\/matrimonio-inocente-encarcelado-por-yihadismo-indemnizacion\/","name":"La pericial de Sira, clave en la sentencia que indemniza a un matrimonio encarcelado por \u201cyihadismo\u201d, pese a ser inocentes - Centro Sira","isPartOf":{"@id":"https:\/\/centrosira.org\/#website"},"primaryImageOfPage":{"@id":"https:\/\/centrosira.org\/matrimonio-inocente-encarcelado-por-yihadismo-indemnizacion\/#primaryimage"},"image":{"@id":"https:\/\/centrosira.org\/matrimonio-inocente-encarcelado-por-yihadismo-indemnizacion\/#primaryimage"},"thumbnailUrl":"https:\/\/centrosira.org\/wp-content\/uploads\/2026\/03\/sede_audiencia_nacional_1.webp","datePublished":"2026-03-09T10:16:40+00:00","dateModified":"2026-03-09T10:16:57+00:00","breadcrumb":{"@id":"https:\/\/centrosira.org\/matrimonio-inocente-encarcelado-por-yihadismo-indemnizacion\/#breadcrumb"},"inLanguage":"fr-FR","potentialAction":[{"@type":"ReadAction","target":["https:\/\/centrosira.org\/matrimonio-inocente-encarcelado-por-yihadismo-indemnizacion\/"]}]},{"@type":"ImageObject","inLanguage":"fr-FR","@id":"https:\/\/centrosira.org\/matrimonio-inocente-encarcelado-por-yihadismo-indemnizacion\/#primaryimage","url":"https:\/\/centrosira.org\/wp-content\/uploads\/2026\/03\/sede_audiencia_nacional_1.webp","contentUrl":"https:\/\/centrosira.org\/wp-content\/uploads\/2026\/03\/sede_audiencia_nacional_1.webp","width":1200,"height":675},{"@type":"BreadcrumbList","@id":"https:\/\/centrosira.org\/matrimonio-inocente-encarcelado-por-yihadismo-indemnizacion\/#breadcrumb","itemListElement":[{"@type":"ListItem","position":1,"name":"Portada","item":"https:\/\/centrosira.org\/"},{"@type":"ListItem","position":2,"name":"La pericial de Sira, clave en la sentencia que indemniza a un matrimonio encarcelado por \u201cyihadismo\u201d, pese a ser inocentes"}]},{"@type":"WebSite","@id":"https:\/\/centrosira.org\/#website","url":"https:\/\/centrosira.org\/","name":"Centre Sira","description":"","publisher":{"@id":"https:\/\/centrosira.org\/#organization"},"alternateName":"Centro de Atenci\u00f3n a V\u00edctimas de Malos Tratos y Tortura","potentialAction":[{"@type":"SearchAction","target":{"@type":"EntryPoint","urlTemplate":"https:\/\/centrosira.org\/?s={search_term_string}"},"query-input":{"@type":"PropertyValueSpecification","valueRequired":true,"valueName":"search_term_string"}}],"inLanguage":"fr-FR"},{"@type":"Organization","@id":"https:\/\/centrosira.org\/#organization","name":"Centre Sira","alternateName":"Sira","url":"https:\/\/centrosira.org\/","logo":{"@type":"ImageObject","inLanguage":"fr-FR","@id":"https:\/\/centrosira.org\/#\/schema\/logo\/image\/","url":null,"contentUrl":null,"width":null,"height":null,"caption":"Centro Sira"},"image":{"@id":"https:\/\/centrosira.org\/#\/schema\/logo\/image\/"},"sameAs":["https:\/\/www.facebook.com\/siracentro","https:\/\/x.com\/sira_centro","https:\/\/www.instagram.com\/sira_centro\/","https:\/\/www.linkedin.com\/company\/sira-centro\/?originalSubdomain=es","https:\/\/www.youtube.com\/@sira_centro"]},{"@type":"Person","@id":"https:\/\/centrosira.org\/#\/schema\/person\/9815ff63267f2e2957c81988f684c7ba","name":"Isra\u00ebl V","image":{"@type":"ImageObject","inLanguage":"fr-FR","@id":"https:\/\/secure.gravatar.com\/avatar\/b835441d5f77c22b9bbc6c394fca699d2d7dfd928f4ff56c43763984e664c8f2?s=96&d=mm&r=g","url":"https:\/\/secure.gravatar.com\/avatar\/b835441d5f77c22b9bbc6c394fca699d2d7dfd928f4ff56c43763984e664c8f2?s=96&d=mm&r=g","contentUrl":"https:\/\/secure.gravatar.com\/avatar\/b835441d5f77c22b9bbc6c394fca699d2d7dfd928f4ff56c43763984e664c8f2?s=96&d=mm&r=g","caption":"Israel V"},"url":"https:\/\/centrosira.org\/fr\/author\/contelob2892sira\/"}]}},"_links":{"self":[{"href":"https:\/\/centrosira.org\/fr\/wp-json\/wp\/v2\/posts\/1052","targetHints":{"allow":["GET"]}}],"collection":[{"href":"https:\/\/centrosira.org\/fr\/wp-json\/wp\/v2\/posts"}],"about":[{"href":"https:\/\/centrosira.org\/fr\/wp-json\/wp\/v2\/types\/post"}],"author":[{"embeddable":true,"href":"https:\/\/centrosira.org\/fr\/wp-json\/wp\/v2\/users\/3"}],"replies":[{"embeddable":true,"href":"https:\/\/centrosira.org\/fr\/wp-json\/wp\/v2\/comments?post=1052"}],"version-history":[{"count":1,"href":"https:\/\/centrosira.org\/fr\/wp-json\/wp\/v2\/posts\/1052\/revisions"}],"predecessor-version":[{"id":1055,"href":"https:\/\/centrosira.org\/fr\/wp-json\/wp\/v2\/posts\/1052\/revisions\/1055"}],"wp:featuredmedia":[{"embeddable":true,"href":"https:\/\/centrosira.org\/fr\/wp-json\/wp\/v2\/media\/1053"}],"wp:attachment":[{"href":"https:\/\/centrosira.org\/fr\/wp-json\/wp\/v2\/media?parent=1052"}],"wp:term":[{"taxonomy":"category","embeddable":true,"href":"https:\/\/centrosira.org\/fr\/wp-json\/wp\/v2\/categories?post=1052"},{"taxonomy":"post_tag","embeddable":true,"href":"https:\/\/centrosira.org\/fr\/wp-json\/wp\/v2\/tags?post=1052"}],"curies":[{"name":"wp","href":"https:\/\/api.w.org\/{rel}","templated":true}]}}