{"id":1049,"date":"2026-03-09T11:14:45","date_gmt":"2026-03-09T10:14:45","guid":{"rendered":"https:\/\/centrosira.org\/?p=1049"},"modified":"2026-03-09T11:14:45","modified_gmt":"2026-03-09T10:14:45","slug":"franquismo-querellas-memoria-historia","status":"publish","type":"post","link":"https:\/\/centrosira.org\/fr\/franquismo-querellas-memoria-historia\/","title":{"rendered":"Sira est t\u00e9moin expert pour l&#039;un des quatre nouveaux plaignants qui d\u00e9noncent la torture pratiqu\u00e9e sous la dictature."},"content":{"rendered":"\n<h3 class=\"wp-block-heading\">Con estas, ya son cinco las querellas presentadas por represaliados durante la dictadura, tras la aprobaci\u00f3n de la nueva Ley de Memoria Democr\u00e1tica<\/h3>\n\n\n\n<p>La Coordinadora Estatal de Apoyo a la Querella Argentina (<a href=\"https:\/\/www.ceaqua.org\/\">CEAQUA<\/a>) present\u00f3 ayer, 21 de febrero, cuatro nuevas denuncias de tortura a manos de agentes policiales durante el franquismo, entre los a\u00f1os 1972 y 1975. Las querellantes denuncian el asesinato de Moncho Reboiras en 1975, en Galicia, a manos de la polic\u00eda, y torturas a Vicent Alminyana en Valencia, en 1972, y a Julio Pacheco, en 1975, en Madrid. Asimismo, se denuncian delitos de torturas y violencia sexual a Concepci\u00f3n Edo en 1973, en Pamplona.&nbsp;<\/p>\n\n\n\n<p>Desde el Centro Sir[a], aportamos a la causa un informe pericial en el que documentamos los impactos del querellante Julio Pacheco Yepes, que fue torturado en el edificio de la Direcci\u00f3n General de Seguridad (DGS), el la Puerta del Sol, y posteriormente trasladado a prisi\u00f3n. Julio fue arrestado con 19 a\u00f1os en su domicilio, siendo militante del Partido Comunista y miembro del FRAP (Frente Revolucionario Antifascista y Patriota) y sufri\u00f3 torturas durante 7 d\u00edas consecutivos por parte de la Brigada Pol\u00edtico Social. Entre los polic\u00edas que participaron en estas vejaciones, el querellante identifica al excomisario del Cuerpo Nacional de Polic\u00eda, Jos\u00e9 Manuel Villarejo, y recuerda haber estado bajo los interrogatorios de Juan Antonio Gonz\u00e1lez Pacheco, alias \u201cBilly el Ni\u00f1o\u201d. Su testimonio, que recuperamos casi 50 a\u00f1os despu\u00e9s de los hechos, da cuenta de c\u00f3mo la tortura deja un huella imborrable entre quienes la sufren.&nbsp;<\/p>\n\n\n\n<h3 class=\"wp-block-heading\">El edificio de la Direcci\u00f3n General de Seguridad, que hoy alberga la sede del gobierno de la Comunidad de Madrid, fue utilizado durante la dictadura como un centro de detenci\u00f3n y tortura.<\/h3>\n\n\n\n<h4 class=\"wp-block-heading\">Ya son 5 denuncias tras la aprobaci\u00f3n de la Ley de Memoria Hist\u00f3rica<\/h4>\n\n\n\n<p>Estas cuatro nuevas denuncias, se unen a la interpuesta en Barcelona por el ex sindicalista Carles Vallejo, que supuso la primera querella en Espa\u00f1a por cr\u00edmenes franquistas, tras la puesta en marcha de la nueva Ley de Memoria Democr\u00e1tica. Carles,<a href=\"https:\/\/laolabuenadev.com\/centrosira\/sira-memoria-historica-carles-vallejo-ley-sindicalismo-tortura\/\">&nbsp;cuya pericial tambi\u00e9n fue realizada por el Centro Sir[a]<\/a>, se\u00f1al\u00f3 a seis polic\u00edas franquistas como los responsables de los delitos de tortura que sufri\u00f3 durante la dictadura.&nbsp;<\/p>\n\n\n\n<p>Sin contar ninguna de estas nuevas denuncias, CEAQUA cifra en m\u00e1s de 80 las querellas presentadas hasta ahora por torturas durante el franquismo, todas archivadas. Desde las entidades vinculadas a la lucha por la memoria, se espera que la nueva Ley sirva para frenar esta tendencia y se de una repuesta acorde a los derechos de las personas afectadas, que frene la impunidad del franquismo y que garantice la verdad, la justicia, la reparaci\u00f3n y el derecho a la no repetici\u00f3n para las v\u00edctimas.&nbsp;<\/p>\n","protected":false},"excerpt":{"rendered":"<p>Con estas, ya son cinco las querellas presentadas por represaliados durante la dictadura, tras la aprobaci\u00f3n de la nueva Ley de Memoria Democr\u00e1tica La Coordinadora Estatal de Apoyo a la Querella Argentina (CEAQUA) present\u00f3 ayer, 21 de febrero, cuatro nuevas denuncias de tortura a manos de agentes policiales durante el franquismo, entre los a\u00f1os 1972 [&hellip;]<\/p>\n","protected":false},"author":3,"featured_media":1050,"comment_status":"open","ping_status":"open","sticky":false,"template":"","format":"standard","meta":{"footnotes":""},"categories":[15,21],"tags":[],"class_list":["post-1049","post","type-post","status-publish","format-standard","has-post-thumbnail","hentry","category-memoria-historica","category-periciales"],"yoast_head":"<!-- This site is optimized with the Yoast SEO plugin v27.4 - https:\/\/yoast.com\/product\/yoast-seo-wordpress\/ -->\n<title>Sira perita a uno de los cuatro nuevos querellantes que denuncian torturas durante la dictadura - Centro Sira<\/title>\n<meta name=\"robots\" content=\"index, follow, max-snippet:-1, max-image-preview:large, max-video-preview:-1\" \/>\n<link rel=\"canonical\" href=\"https:\/\/centrosira.org\/fr\/franquismo-querellas-memoria-historia\/\" \/>\n<meta property=\"og:locale\" content=\"fr_FR\" \/>\n<meta property=\"og:type\" content=\"article\" \/>\n<meta property=\"og:title\" content=\"Sira perita a uno de los cuatro nuevos querellantes que denuncian torturas durante la dictadura - Centro Sira\" \/>\n<meta property=\"og:description\" content=\"Con estas, ya son cinco las querellas presentadas por represaliados durante la dictadura, tras la aprobaci\u00f3n de la nueva Ley de Memoria Democr\u00e1tica La Coordinadora Estatal de Apoyo a la Querella Argentina (CEAQUA) present\u00f3 ayer, 21 de febrero, cuatro nuevas denuncias de tortura a manos de agentes policiales durante el franquismo, entre los a\u00f1os 1972 [&hellip;]\" \/>\n<meta property=\"og:url\" content=\"https:\/\/centrosira.org\/fr\/franquismo-querellas-memoria-historia\/\" \/>\n<meta property=\"og:site_name\" content=\"Centro Sira\" \/>\n<meta property=\"article:publisher\" content=\"https:\/\/www.facebook.com\/siracentro\" \/>\n<meta property=\"article:published_time\" content=\"2026-03-09T10:14:45+00:00\" \/>\n<meta property=\"og:image\" content=\"https:\/\/centrosira.org\/wp-content\/uploads\/2026\/03\/puerta_del_sol_1.webp\" \/>\n\t<meta property=\"og:image:width\" content=\"1856\" \/>\n\t<meta property=\"og:image:height\" content=\"1392\" \/>\n\t<meta property=\"og:image:type\" content=\"image\/webp\" \/>\n<meta name=\"author\" content=\"Israel V\" \/>\n<meta name=\"twitter:card\" content=\"summary_large_image\" \/>\n<meta name=\"twitter:creator\" content=\"@sira_centro\" \/>\n<meta name=\"twitter:site\" content=\"@sira_centro\" \/>\n<meta name=\"twitter:label1\" content=\"\u00c9crit par\" \/>\n\t<meta name=\"twitter:data1\" content=\"Israel V\" \/>\n\t<meta name=\"twitter:label2\" content=\"Dur\u00e9e de lecture estim\u00e9e\" \/>\n\t<meta name=\"twitter:data2\" content=\"3 minutes\" \/>\n<script type=\"application\/ld+json\" class=\"yoast-schema-graph\">{\"@context\":\"https:\\\/\\\/schema.org\",\"@graph\":[{\"@type\":\"Article\",\"@id\":\"https:\\\/\\\/centrosira.org\\\/franquismo-querellas-memoria-historia\\\/#article\",\"isPartOf\":{\"@id\":\"https:\\\/\\\/centrosira.org\\\/franquismo-querellas-memoria-historia\\\/\"},\"author\":{\"name\":\"Israel V\",\"@id\":\"https:\\\/\\\/centrosira.org\\\/#\\\/schema\\\/person\\\/9815ff63267f2e2957c81988f684c7ba\"},\"headline\":\"Sira perita a uno de los cuatro nuevos querellantes que denuncian torturas durante la dictadura\",\"datePublished\":\"2026-03-09T10:14:45+00:00\",\"mainEntityOfPage\":{\"@id\":\"https:\\\/\\\/centrosira.org\\\/franquismo-querellas-memoria-historia\\\/\"},\"wordCount\":488,\"commentCount\":0,\"publisher\":{\"@id\":\"https:\\\/\\\/centrosira.org\\\/#organization\"},\"image\":{\"@id\":\"https:\\\/\\\/centrosira.org\\\/franquismo-querellas-memoria-historia\\\/#primaryimage\"},\"thumbnailUrl\":\"https:\\\/\\\/centrosira.org\\\/wp-content\\\/uploads\\\/2026\\\/03\\\/puerta_del_sol_1.webp\",\"articleSection\":[\"Memoria hist\u00f3rica\",\"Periciales\"],\"inLanguage\":\"fr-FR\",\"potentialAction\":[{\"@type\":\"CommentAction\",\"name\":\"Comment\",\"target\":[\"https:\\\/\\\/centrosira.org\\\/franquismo-querellas-memoria-historia\\\/#respond\"]}]},{\"@type\":\"WebPage\",\"@id\":\"https:\\\/\\\/centrosira.org\\\/franquismo-querellas-memoria-historia\\\/\",\"url\":\"https:\\\/\\\/centrosira.org\\\/franquismo-querellas-memoria-historia\\\/\",\"name\":\"Sira perita a uno de los cuatro nuevos querellantes que denuncian torturas durante la dictadura - Centro Sira\",\"isPartOf\":{\"@id\":\"https:\\\/\\\/centrosira.org\\\/#website\"},\"primaryImageOfPage\":{\"@id\":\"https:\\\/\\\/centrosira.org\\\/franquismo-querellas-memoria-historia\\\/#primaryimage\"},\"image\":{\"@id\":\"https:\\\/\\\/centrosira.org\\\/franquismo-querellas-memoria-historia\\\/#primaryimage\"},\"thumbnailUrl\":\"https:\\\/\\\/centrosira.org\\\/wp-content\\\/uploads\\\/2026\\\/03\\\/puerta_del_sol_1.webp\",\"datePublished\":\"2026-03-09T10:14:45+00:00\",\"breadcrumb\":{\"@id\":\"https:\\\/\\\/centrosira.org\\\/franquismo-querellas-memoria-historia\\\/#breadcrumb\"},\"inLanguage\":\"fr-FR\",\"potentialAction\":[{\"@type\":\"ReadAction\",\"target\":[\"https:\\\/\\\/centrosira.org\\\/franquismo-querellas-memoria-historia\\\/\"]}]},{\"@type\":\"ImageObject\",\"inLanguage\":\"fr-FR\",\"@id\":\"https:\\\/\\\/centrosira.org\\\/franquismo-querellas-memoria-historia\\\/#primaryimage\",\"url\":\"https:\\\/\\\/centrosira.org\\\/wp-content\\\/uploads\\\/2026\\\/03\\\/puerta_del_sol_1.webp\",\"contentUrl\":\"https:\\\/\\\/centrosira.org\\\/wp-content\\\/uploads\\\/2026\\\/03\\\/puerta_del_sol_1.webp\",\"width\":1856,\"height\":1392},{\"@type\":\"BreadcrumbList\",\"@id\":\"https:\\\/\\\/centrosira.org\\\/franquismo-querellas-memoria-historia\\\/#breadcrumb\",\"itemListElement\":[{\"@type\":\"ListItem\",\"position\":1,\"name\":\"Portada\",\"item\":\"https:\\\/\\\/centrosira.org\\\/\"},{\"@type\":\"ListItem\",\"position\":2,\"name\":\"Sira perita a uno de los cuatro nuevos querellantes que denuncian torturas durante la dictadura\"}]},{\"@type\":\"WebSite\",\"@id\":\"https:\\\/\\\/centrosira.org\\\/#website\",\"url\":\"https:\\\/\\\/centrosira.org\\\/\",\"name\":\"Centro Sira\",\"description\":\"\",\"publisher\":{\"@id\":\"https:\\\/\\\/centrosira.org\\\/#organization\"},\"alternateName\":\"Centro de Atenci\u00f3n a V\u00edctimas de Malos Tratos y Tortura\",\"potentialAction\":[{\"@type\":\"SearchAction\",\"target\":{\"@type\":\"EntryPoint\",\"urlTemplate\":\"https:\\\/\\\/centrosira.org\\\/?s={search_term_string}\"},\"query-input\":{\"@type\":\"PropertyValueSpecification\",\"valueRequired\":true,\"valueName\":\"search_term_string\"}}],\"inLanguage\":\"fr-FR\"},{\"@type\":\"Organization\",\"@id\":\"https:\\\/\\\/centrosira.org\\\/#organization\",\"name\":\"Centro Sira\",\"alternateName\":\"Sira\",\"url\":\"https:\\\/\\\/centrosira.org\\\/\",\"logo\":{\"@type\":\"ImageObject\",\"inLanguage\":\"fr-FR\",\"@id\":\"https:\\\/\\\/centrosira.org\\\/#\\\/schema\\\/logo\\\/image\\\/\",\"url\":null,\"contentUrl\":null,\"width\":null,\"height\":null,\"caption\":\"Centro Sira\"},\"image\":{\"@id\":\"https:\\\/\\\/centrosira.org\\\/#\\\/schema\\\/logo\\\/image\\\/\"},\"sameAs\":[\"https:\\\/\\\/www.facebook.com\\\/siracentro\",\"https:\\\/\\\/x.com\\\/sira_centro\",\"https:\\\/\\\/www.instagram.com\\\/sira_centro\\\/\",\"https:\\\/\\\/www.linkedin.com\\\/company\\\/sira-centro\\\/?originalSubdomain=es\",\"https:\\\/\\\/www.youtube.com\\\/@sira_centro\"]},{\"@type\":\"Person\",\"@id\":\"https:\\\/\\\/centrosira.org\\\/#\\\/schema\\\/person\\\/9815ff63267f2e2957c81988f684c7ba\",\"name\":\"Israel V\",\"image\":{\"@type\":\"ImageObject\",\"inLanguage\":\"fr-FR\",\"@id\":\"https:\\\/\\\/secure.gravatar.com\\\/avatar\\\/b835441d5f77c22b9bbc6c394fca699d2d7dfd928f4ff56c43763984e664c8f2?s=96&d=mm&r=g\",\"url\":\"https:\\\/\\\/secure.gravatar.com\\\/avatar\\\/b835441d5f77c22b9bbc6c394fca699d2d7dfd928f4ff56c43763984e664c8f2?s=96&d=mm&r=g\",\"contentUrl\":\"https:\\\/\\\/secure.gravatar.com\\\/avatar\\\/b835441d5f77c22b9bbc6c394fca699d2d7dfd928f4ff56c43763984e664c8f2?s=96&d=mm&r=g\",\"caption\":\"Israel V\"},\"url\":\"https:\\\/\\\/centrosira.org\\\/fr\\\/author\\\/contelob2892sira\\\/\"}]}<\/script>\n<!-- \/ Yoast SEO plugin. -->","yoast_head_json":{"title":"Sira perita a uno de los cuatro nuevos querellantes que denuncian torturas durante la dictadura - Centro Sira","robots":{"index":"index","follow":"follow","max-snippet":"max-snippet:-1","max-image-preview":"max-image-preview:large","max-video-preview":"max-video-preview:-1"},"canonical":"https:\/\/centrosira.org\/fr\/franquismo-querellas-memoria-historia\/","og_locale":"fr_FR","og_type":"article","og_title":"Sira perita a uno de los cuatro nuevos querellantes que denuncian torturas durante la dictadura - Centro Sira","og_description":"Con estas, ya son cinco las querellas presentadas por represaliados durante la dictadura, tras la aprobaci\u00f3n de la nueva Ley de Memoria Democr\u00e1tica La Coordinadora Estatal de Apoyo a la Querella Argentina (CEAQUA) present\u00f3 ayer, 21 de febrero, cuatro nuevas denuncias de tortura a manos de agentes policiales durante el franquismo, entre los a\u00f1os 1972 [&hellip;]","og_url":"https:\/\/centrosira.org\/fr\/franquismo-querellas-memoria-historia\/","og_site_name":"Centro Sira","article_publisher":"https:\/\/www.facebook.com\/siracentro","article_published_time":"2026-03-09T10:14:45+00:00","og_image":[{"width":1856,"height":1392,"url":"https:\/\/centrosira.org\/wp-content\/uploads\/2026\/03\/puerta_del_sol_1.webp","type":"image\/webp"}],"author":"Israel V","twitter_card":"summary_large_image","twitter_creator":"@sira_centro","twitter_site":"@sira_centro","twitter_misc":{"\u00c9crit par":"Israel V","Dur\u00e9e de lecture estim\u00e9e":"3 minutes"},"schema":{"@context":"https:\/\/schema.org","@graph":[{"@type":"Article","@id":"https:\/\/centrosira.org\/franquismo-querellas-memoria-historia\/#article","isPartOf":{"@id":"https:\/\/centrosira.org\/franquismo-querellas-memoria-historia\/"},"author":{"name":"Israel V","@id":"https:\/\/centrosira.org\/#\/schema\/person\/9815ff63267f2e2957c81988f684c7ba"},"headline":"Sira perita a uno de los cuatro nuevos querellantes que denuncian torturas durante la dictadura","datePublished":"2026-03-09T10:14:45+00:00","mainEntityOfPage":{"@id":"https:\/\/centrosira.org\/franquismo-querellas-memoria-historia\/"},"wordCount":488,"commentCount":0,"publisher":{"@id":"https:\/\/centrosira.org\/#organization"},"image":{"@id":"https:\/\/centrosira.org\/franquismo-querellas-memoria-historia\/#primaryimage"},"thumbnailUrl":"https:\/\/centrosira.org\/wp-content\/uploads\/2026\/03\/puerta_del_sol_1.webp","articleSection":["Memoria hist\u00f3rica","Periciales"],"inLanguage":"fr-FR","potentialAction":[{"@type":"CommentAction","name":"Comment","target":["https:\/\/centrosira.org\/franquismo-querellas-memoria-historia\/#respond"]}]},{"@type":"WebPage","@id":"https:\/\/centrosira.org\/franquismo-querellas-memoria-historia\/","url":"https:\/\/centrosira.org\/franquismo-querellas-memoria-historia\/","name":"Sira perita a uno de los cuatro nuevos querellantes que denuncian torturas durante la dictadura - Centro Sira","isPartOf":{"@id":"https:\/\/centrosira.org\/#website"},"primaryImageOfPage":{"@id":"https:\/\/centrosira.org\/franquismo-querellas-memoria-historia\/#primaryimage"},"image":{"@id":"https:\/\/centrosira.org\/franquismo-querellas-memoria-historia\/#primaryimage"},"thumbnailUrl":"https:\/\/centrosira.org\/wp-content\/uploads\/2026\/03\/puerta_del_sol_1.webp","datePublished":"2026-03-09T10:14:45+00:00","breadcrumb":{"@id":"https:\/\/centrosira.org\/franquismo-querellas-memoria-historia\/#breadcrumb"},"inLanguage":"fr-FR","potentialAction":[{"@type":"ReadAction","target":["https:\/\/centrosira.org\/franquismo-querellas-memoria-historia\/"]}]},{"@type":"ImageObject","inLanguage":"fr-FR","@id":"https:\/\/centrosira.org\/franquismo-querellas-memoria-historia\/#primaryimage","url":"https:\/\/centrosira.org\/wp-content\/uploads\/2026\/03\/puerta_del_sol_1.webp","contentUrl":"https:\/\/centrosira.org\/wp-content\/uploads\/2026\/03\/puerta_del_sol_1.webp","width":1856,"height":1392},{"@type":"BreadcrumbList","@id":"https:\/\/centrosira.org\/franquismo-querellas-memoria-historia\/#breadcrumb","itemListElement":[{"@type":"ListItem","position":1,"name":"Portada","item":"https:\/\/centrosira.org\/"},{"@type":"ListItem","position":2,"name":"Sira perita a uno de los cuatro nuevos querellantes que denuncian torturas durante la dictadura"}]},{"@type":"WebSite","@id":"https:\/\/centrosira.org\/#website","url":"https:\/\/centrosira.org\/","name":"Centre Sira","description":"","publisher":{"@id":"https:\/\/centrosira.org\/#organization"},"alternateName":"Centro de Atenci\u00f3n a V\u00edctimas de Malos Tratos y Tortura","potentialAction":[{"@type":"SearchAction","target":{"@type":"EntryPoint","urlTemplate":"https:\/\/centrosira.org\/?s={search_term_string}"},"query-input":{"@type":"PropertyValueSpecification","valueRequired":true,"valueName":"search_term_string"}}],"inLanguage":"fr-FR"},{"@type":"Organization","@id":"https:\/\/centrosira.org\/#organization","name":"Centre Sira","alternateName":"Sira","url":"https:\/\/centrosira.org\/","logo":{"@type":"ImageObject","inLanguage":"fr-FR","@id":"https:\/\/centrosira.org\/#\/schema\/logo\/image\/","url":null,"contentUrl":null,"width":null,"height":null,"caption":"Centro Sira"},"image":{"@id":"https:\/\/centrosira.org\/#\/schema\/logo\/image\/"},"sameAs":["https:\/\/www.facebook.com\/siracentro","https:\/\/x.com\/sira_centro","https:\/\/www.instagram.com\/sira_centro\/","https:\/\/www.linkedin.com\/company\/sira-centro\/?originalSubdomain=es","https:\/\/www.youtube.com\/@sira_centro"]},{"@type":"Person","@id":"https:\/\/centrosira.org\/#\/schema\/person\/9815ff63267f2e2957c81988f684c7ba","name":"Isra\u00ebl V","image":{"@type":"ImageObject","inLanguage":"fr-FR","@id":"https:\/\/secure.gravatar.com\/avatar\/b835441d5f77c22b9bbc6c394fca699d2d7dfd928f4ff56c43763984e664c8f2?s=96&d=mm&r=g","url":"https:\/\/secure.gravatar.com\/avatar\/b835441d5f77c22b9bbc6c394fca699d2d7dfd928f4ff56c43763984e664c8f2?s=96&d=mm&r=g","contentUrl":"https:\/\/secure.gravatar.com\/avatar\/b835441d5f77c22b9bbc6c394fca699d2d7dfd928f4ff56c43763984e664c8f2?s=96&d=mm&r=g","caption":"Israel V"},"url":"https:\/\/centrosira.org\/fr\/author\/contelob2892sira\/"}]}},"_links":{"self":[{"href":"https:\/\/centrosira.org\/fr\/wp-json\/wp\/v2\/posts\/1049","targetHints":{"allow":["GET"]}}],"collection":[{"href":"https:\/\/centrosira.org\/fr\/wp-json\/wp\/v2\/posts"}],"about":[{"href":"https:\/\/centrosira.org\/fr\/wp-json\/wp\/v2\/types\/post"}],"author":[{"embeddable":true,"href":"https:\/\/centrosira.org\/fr\/wp-json\/wp\/v2\/users\/3"}],"replies":[{"embeddable":true,"href":"https:\/\/centrosira.org\/fr\/wp-json\/wp\/v2\/comments?post=1049"}],"version-history":[{"count":1,"href":"https:\/\/centrosira.org\/fr\/wp-json\/wp\/v2\/posts\/1049\/revisions"}],"predecessor-version":[{"id":1051,"href":"https:\/\/centrosira.org\/fr\/wp-json\/wp\/v2\/posts\/1049\/revisions\/1051"}],"wp:featuredmedia":[{"embeddable":true,"href":"https:\/\/centrosira.org\/fr\/wp-json\/wp\/v2\/media\/1050"}],"wp:attachment":[{"href":"https:\/\/centrosira.org\/fr\/wp-json\/wp\/v2\/media?parent=1049"}],"wp:term":[{"taxonomy":"category","embeddable":true,"href":"https:\/\/centrosira.org\/fr\/wp-json\/wp\/v2\/categories?post=1049"},{"taxonomy":"post_tag","embeddable":true,"href":"https:\/\/centrosira.org\/fr\/wp-json\/wp\/v2\/tags?post=1049"}],"curies":[{"name":"wp","href":"https:\/\/api.w.org\/{rel}","templated":true}]}}