{"id":825,"date":"2026-03-06T09:40:45","date_gmt":"2026-03-06T08:40:45","guid":{"rendered":"https:\/\/centrosira.org\/?p=825"},"modified":"2026-03-09T11:46:39","modified_gmt":"2026-03-09T10:46:39","slug":"primera-declaracion-de-una-victima-de-torturas-del-franquismo-julio-pacheco","status":"publish","type":"post","link":"https:\/\/centrosira.org\/en\/primera-declaracion-de-una-victima-de-torturas-del-franquismo-julio-pacheco\/","title":{"rendered":"First breach in the wall of impunity for the crimes of Franco's regime"},"content":{"rendered":"<h3 class=\"wp-block-heading\">After 6 years of fighting in the Spanish courts and 100 lawsuits filed, the first statement of a victim of torture under Franco&#039;s regime is made in a Spanish court.<\/h3>\n\n\n\n<h3 class=\"wp-block-heading\">Social organizations urge public authorities and political parties to adopt all necessary measures to ensure that this exceptional event ceases to be so and that there can be truth, justice, and reparation for the victims.<\/h3>\n\n\n\n<p><strong>For the first time in history<\/strong>, A Spanish court has taken a statement from a victim of torture during the Franco dictatorship. Following the suspension of testimonies on July 14, today the Court of Instruction number 50 in Madrid took a statement from Julio Pacheco Yepes regarding the torture he suffered in August 1975 at the General Directorate of Security in Madrid, in which various members of the Political-Social Brigade, the political police during the dictatorship, participated. A statement was also taken from...&nbsp;<strong>Rosa Garc\u00eda<\/strong>, in his capacity as a witness and in relation to the torture suffered by Julio Pacheco.<\/p>\n\n\n\n<p>On May 12, 2023, the presiding judge of the Court of Instruction number 50 of Madrid, Ms. Ana Mar\u00eda Igu\u00e1cel P\u00e9rez, admitted the criminal complaint filed by Julio Pacheco and set July 14 as the date to take statements from the complainant and the witness. On that day, at the moment when the statements were to be taken, the substitute judge assigned to the Court, Mr. Fernando Mu\u00f1oz Leal, decided&nbsp;<strong>suspend<\/strong>&nbsp;These statements were made without prior notice, offering as the only explanation that it was necessary&nbsp;<strong>re-examine<\/strong>&nbsp;the cause.<\/p>\n\n\n\n<p>Today, the depositions proceeded normally for two hours, with the deponents providing details and information about the events that were the subject of the complaint filed with the Court. The legal team has assessed&nbsp;<strong>positively<\/strong>&nbsp;that \u201call the questions have been aimed at clarifying the facts and continuing the investigation.\u201d The presiding judge of the 50th Investigating Court and the public prosecutor were present during the statement, as well as a prosecutor assigned to the Democratic Memory Chamber, who attended in support of the former.,&nbsp;<strong>Mrs. Virginia Garc\u00eda Aller<\/strong>.<\/p>\n\n\n\n<p class=\"has-text-align-center\">\u00ab&quot;The fact that we have spoken out today means that there can be more and that we can, finally, have justice here in the Spanish State.&quot;.<\/p>\n\n\n\n<p class=\"has-text-align-center\">Julio Pacheco<\/p>\n\n\n\n<p class=\"has-text-align-center\">Complainant<\/p>\n\n\n\n<figure class=\"wp-block-image size-full\"><img fetchpriority=\"high\" decoding=\"async\" width=\"1920\" height=\"1080\" src=\"https:\/\/centrosira.org\/wp-content\/uploads\/2026\/03\/rosa_julio_franquismo_1-1.webp\" class=\"wp-image-827\" srcset=\"https:\/\/centrosira.org\/wp-content\/uploads\/2026\/03\/rosa_julio_franquismo_1-1.webp 1920w, https:\/\/centrosira.org\/wp-content\/uploads\/2026\/03\/rosa_julio_franquismo_1-1-300x169.webp 300w, https:\/\/centrosira.org\/wp-content\/uploads\/2026\/03\/rosa_julio_franquismo_1-1-1024x576.webp 1024w, https:\/\/centrosira.org\/wp-content\/uploads\/2026\/03\/rosa_julio_franquismo_1-1-768x432.webp 768w, https:\/\/centrosira.org\/wp-content\/uploads\/2026\/03\/rosa_julio_franquismo_1-1-1536x864.webp 1536w, https:\/\/centrosira.org\/wp-content\/uploads\/2026\/03\/rosa_julio_franquismo_1-1-18x10.webp 18w\" sizes=\"(max-width: 1920px) 100vw, 1920px\" \/><\/figure>\n\n\n\n<h5 class=\"wp-block-heading has-text-align-right\">Julio Pacheco and Rosa Garc\u00eda at the exit of the Courts. Sira Centre<\/h5>\n\n\n\n<p><br>The plaintiff, Julio Pacheco, is very pleased with his testimony, emphasizing the significance of a court finally taking a statement, within the framework of a criminal proceeding, from someone who suffered serious and punishable human rights violations during the Franco dictatorship. The plaintiff described the judge&#039;s treatment as &quot;very kind and receptive, very good; I felt very comfortable and at ease.&quot; He also stated: &quot;The process continues, and I believe it will continue. It&#039;s the beginning of breaking down this wall of silence and impunity that we have, and our testimony today means that there can be more, and that we can finally have justice here in Spain.&quot;\u201c<\/p>\n\n\n\n<p>From&nbsp;<a href=\"https:\/\/www.ceaqua.org\/\">CEAQUA<\/a>,&nbsp;<a href=\"https:\/\/www.es.amnesty.org\/\">Amnesty International<\/a>,&nbsp;<a href=\"https:\/\/iridia.cat\/\">Iridia<\/a>&nbsp;And Sira, we want to emphasize that this is the&nbsp;<strong>first time<\/strong>&nbsp;that a Spanish court takes a statement from a victim of torture during the Franco regime, in a context of crimes against humanity, this fact being as important as it is exceptional.<\/p>\n\n\n\n<p>We must remember that more than one hundred lawsuits denouncing crimes against humanity, Francoist crimes, have been filed, some of them after the current Democratic Memory Law was enacted.<\/p>\n\n\n\n<p>The Spanish State currently, even taking into account the progress and dynamics that the admission for processing of the complaint that Julio Pacheco once filed may generate in this area, maintains a framework of general impunity that continues to prevent the judicial investigation of Francoist crimes.<\/p>\n\n\n\n<p>Therefore, we, from human rights organizations, want to challenge&nbsp;<strong>to the judiciary, the legislature, the executive branch, and the public prosecutor&#039;s office<\/strong>&nbsp;so that they adopt all the necessary and essential measures to make this exceptional event a regular occurrence, ultimately, to reverse once and for all the policies of impunity maintained to date.<\/p>\n\n\n\n<p>Furthermore, we remind political parties that the legislative measures adopted to date do not fully and effectively guarantee the right to truth, justice, reparation, and guarantees of non-repetition for the victims of Francoist crimes. Appropriate, rigorous, and far more ambitious legislative measures are needed, always in accordance with the demands of the<strong>&nbsp;United Nations Human Rights Council<\/strong>, to reverse the policies of forgetting and impunity maintained since the Spanish Constitution was enacted almost 45 years ago.<\/p>\n\n\n\n<p>We will continue to file lawsuits in Spanish courts and tribunals and demand the right to truth, justice, reparation and guarantees of non-repetition until we break the wall of impunity that prevents the investigation of Francoist crimes.<\/p>\n\n\n\n<p><\/p>","protected":false},"excerpt":{"rendered":"<p>Tras 6 a\u00f1os de lucha en los juzgados espa\u00f1oles y 100 querellas presentadas, se produce la primera declaraci\u00f3n de una v\u00edctima de torturas del franquismo en un Juzgado espa\u00f1ol Las organizaciones sociales instan a los poderes p\u00fablicos y a los partidos pol\u00edticos a adoptar todas las medidas necesarias para que este hecho excepcional deje de [&hellip;]<\/p>\n","protected":false},"author":3,"featured_media":826,"comment_status":"open","ping_status":"open","sticky":false,"template":"","format":"standard","meta":{"footnotes":""},"categories":[13,15],"tags":[],"class_list":["post-825","post","type-post","status-publish","format-standard","has-post-thumbnail","hentry","category-actualidad","category-memoria-historica"],"yoast_head":"<!-- This site is optimized with the Yoast SEO plugin v27.4 - https:\/\/yoast.com\/product\/yoast-seo-wordpress\/ -->\n<title>Primera brecha en el muro de impunidad de los cr\u00edmenes del franquismo - Centro Sira<\/title>\n<meta name=\"robots\" content=\"index, follow, max-snippet:-1, max-image-preview:large, max-video-preview:-1\" \/>\n<link rel=\"canonical\" href=\"https:\/\/centrosira.org\/en\/primera-declaracion-de-una-victima-de-torturas-del-franquismo-julio-pacheco\/\" \/>\n<meta property=\"og:locale\" content=\"en_GB\" \/>\n<meta property=\"og:type\" content=\"article\" \/>\n<meta property=\"og:title\" content=\"Primera brecha en el muro de impunidad de los cr\u00edmenes del franquismo - Centro Sira\" \/>\n<meta property=\"og:description\" content=\"Tras 6 a\u00f1os de lucha en los juzgados espa\u00f1oles y 100 querellas presentadas, se produce la primera declaraci\u00f3n de una v\u00edctima de torturas del franquismo en un Juzgado espa\u00f1ol Las organizaciones sociales instan a los poderes p\u00fablicos y a los partidos pol\u00edticos a adoptar todas las medidas necesarias para que este hecho excepcional deje de [&hellip;]\" \/>\n<meta property=\"og:url\" content=\"https:\/\/centrosira.org\/en\/primera-declaracion-de-una-victima-de-torturas-del-franquismo-julio-pacheco\/\" \/>\n<meta property=\"og:site_name\" content=\"Centro Sira\" \/>\n<meta property=\"article:publisher\" content=\"https:\/\/www.facebook.com\/siracentro\" \/>\n<meta property=\"article:published_time\" content=\"2026-03-06T08:40:45+00:00\" \/>\n<meta property=\"article:modified_time\" content=\"2026-03-09T10:46:39+00:00\" \/>\n<meta property=\"og:image\" content=\"https:\/\/centrosira.org\/wp-content\/uploads\/2026\/03\/rosa_julio_franquismo_1.webp\" \/>\n\t<meta property=\"og:image:width\" content=\"1920\" \/>\n\t<meta property=\"og:image:height\" content=\"1080\" \/>\n\t<meta property=\"og:image:type\" content=\"image\/webp\" \/>\n<meta name=\"author\" content=\"Israel V\" \/>\n<meta name=\"twitter:card\" content=\"summary_large_image\" \/>\n<meta name=\"twitter:creator\" content=\"@sira_centro\" \/>\n<meta name=\"twitter:site\" content=\"@sira_centro\" \/>\n<meta name=\"twitter:label1\" content=\"Written by\" \/>\n\t<meta name=\"twitter:data1\" content=\"Israel V\" \/>\n\t<meta name=\"twitter:label2\" content=\"Estimated reading time\" \/>\n\t<meta name=\"twitter:data2\" content=\"5 minutes\" \/>\n<script type=\"application\/ld+json\" class=\"yoast-schema-graph\">{\"@context\":\"https:\\\/\\\/schema.org\",\"@graph\":[{\"@type\":\"Article\",\"@id\":\"https:\\\/\\\/centrosira.org\\\/primera-declaracion-de-una-victima-de-torturas-del-franquismo-julio-pacheco\\\/#article\",\"isPartOf\":{\"@id\":\"https:\\\/\\\/centrosira.org\\\/primera-declaracion-de-una-victima-de-torturas-del-franquismo-julio-pacheco\\\/\"},\"author\":{\"name\":\"Israel V\",\"@id\":\"https:\\\/\\\/centrosira.org\\\/#\\\/schema\\\/person\\\/9815ff63267f2e2957c81988f684c7ba\"},\"headline\":\"Primera brecha en el muro de impunidad de los cr\u00edmenes del franquismo\",\"datePublished\":\"2026-03-06T08:40:45+00:00\",\"dateModified\":\"2026-03-09T10:46:39+00:00\",\"mainEntityOfPage\":{\"@id\":\"https:\\\/\\\/centrosira.org\\\/primera-declaracion-de-una-victima-de-torturas-del-franquismo-julio-pacheco\\\/\"},\"wordCount\":960,\"commentCount\":0,\"publisher\":{\"@id\":\"https:\\\/\\\/centrosira.org\\\/#organization\"},\"image\":{\"@id\":\"https:\\\/\\\/centrosira.org\\\/primera-declaracion-de-una-victima-de-torturas-del-franquismo-julio-pacheco\\\/#primaryimage\"},\"thumbnailUrl\":\"https:\\\/\\\/centrosira.org\\\/wp-content\\\/uploads\\\/2026\\\/03\\\/rosa_julio_franquismo_1.webp\",\"articleSection\":[\"Actualidad\",\"Memoria hist\u00f3rica\"],\"inLanguage\":\"en-GB\",\"potentialAction\":[{\"@type\":\"CommentAction\",\"name\":\"Comment\",\"target\":[\"https:\\\/\\\/centrosira.org\\\/primera-declaracion-de-una-victima-de-torturas-del-franquismo-julio-pacheco\\\/#respond\"]}]},{\"@type\":\"WebPage\",\"@id\":\"https:\\\/\\\/centrosira.org\\\/primera-declaracion-de-una-victima-de-torturas-del-franquismo-julio-pacheco\\\/\",\"url\":\"https:\\\/\\\/centrosira.org\\\/primera-declaracion-de-una-victima-de-torturas-del-franquismo-julio-pacheco\\\/\",\"name\":\"Primera brecha en el muro de impunidad de los cr\u00edmenes del franquismo - Centro Sira\",\"isPartOf\":{\"@id\":\"https:\\\/\\\/centrosira.org\\\/#website\"},\"primaryImageOfPage\":{\"@id\":\"https:\\\/\\\/centrosira.org\\\/primera-declaracion-de-una-victima-de-torturas-del-franquismo-julio-pacheco\\\/#primaryimage\"},\"image\":{\"@id\":\"https:\\\/\\\/centrosira.org\\\/primera-declaracion-de-una-victima-de-torturas-del-franquismo-julio-pacheco\\\/#primaryimage\"},\"thumbnailUrl\":\"https:\\\/\\\/centrosira.org\\\/wp-content\\\/uploads\\\/2026\\\/03\\\/rosa_julio_franquismo_1.webp\",\"datePublished\":\"2026-03-06T08:40:45+00:00\",\"dateModified\":\"2026-03-09T10:46:39+00:00\",\"breadcrumb\":{\"@id\":\"https:\\\/\\\/centrosira.org\\\/primera-declaracion-de-una-victima-de-torturas-del-franquismo-julio-pacheco\\\/#breadcrumb\"},\"inLanguage\":\"en-GB\",\"potentialAction\":[{\"@type\":\"ReadAction\",\"target\":[\"https:\\\/\\\/centrosira.org\\\/primera-declaracion-de-una-victima-de-torturas-del-franquismo-julio-pacheco\\\/\"]}]},{\"@type\":\"ImageObject\",\"inLanguage\":\"en-GB\",\"@id\":\"https:\\\/\\\/centrosira.org\\\/primera-declaracion-de-una-victima-de-torturas-del-franquismo-julio-pacheco\\\/#primaryimage\",\"url\":\"https:\\\/\\\/centrosira.org\\\/wp-content\\\/uploads\\\/2026\\\/03\\\/rosa_julio_franquismo_1.webp\",\"contentUrl\":\"https:\\\/\\\/centrosira.org\\\/wp-content\\\/uploads\\\/2026\\\/03\\\/rosa_julio_franquismo_1.webp\",\"width\":1920,\"height\":1080},{\"@type\":\"BreadcrumbList\",\"@id\":\"https:\\\/\\\/centrosira.org\\\/primera-declaracion-de-una-victima-de-torturas-del-franquismo-julio-pacheco\\\/#breadcrumb\",\"itemListElement\":[{\"@type\":\"ListItem\",\"position\":1,\"name\":\"Portada\",\"item\":\"https:\\\/\\\/centrosira.org\\\/\"},{\"@type\":\"ListItem\",\"position\":2,\"name\":\"Primera brecha en el muro de impunidad de los cr\u00edmenes del franquismo\"}]},{\"@type\":\"WebSite\",\"@id\":\"https:\\\/\\\/centrosira.org\\\/#website\",\"url\":\"https:\\\/\\\/centrosira.org\\\/\",\"name\":\"Centro Sira\",\"description\":\"\",\"publisher\":{\"@id\":\"https:\\\/\\\/centrosira.org\\\/#organization\"},\"alternateName\":\"Centro de Atenci\u00f3n a V\u00edctimas de Malos Tratos y Tortura\",\"potentialAction\":[{\"@type\":\"SearchAction\",\"target\":{\"@type\":\"EntryPoint\",\"urlTemplate\":\"https:\\\/\\\/centrosira.org\\\/?s={search_term_string}\"},\"query-input\":{\"@type\":\"PropertyValueSpecification\",\"valueRequired\":true,\"valueName\":\"search_term_string\"}}],\"inLanguage\":\"en-GB\"},{\"@type\":\"Organization\",\"@id\":\"https:\\\/\\\/centrosira.org\\\/#organization\",\"name\":\"Centro Sira\",\"alternateName\":\"Sira\",\"url\":\"https:\\\/\\\/centrosira.org\\\/\",\"logo\":{\"@type\":\"ImageObject\",\"inLanguage\":\"en-GB\",\"@id\":\"https:\\\/\\\/centrosira.org\\\/#\\\/schema\\\/logo\\\/image\\\/\",\"url\":null,\"contentUrl\":null,\"width\":null,\"height\":null,\"caption\":\"Centro Sira\"},\"image\":{\"@id\":\"https:\\\/\\\/centrosira.org\\\/#\\\/schema\\\/logo\\\/image\\\/\"},\"sameAs\":[\"https:\\\/\\\/www.facebook.com\\\/siracentro\",\"https:\\\/\\\/x.com\\\/sira_centro\",\"https:\\\/\\\/www.instagram.com\\\/sira_centro\\\/\",\"https:\\\/\\\/www.linkedin.com\\\/company\\\/sira-centro\\\/?originalSubdomain=es\",\"https:\\\/\\\/www.youtube.com\\\/@sira_centro\"]},{\"@type\":\"Person\",\"@id\":\"https:\\\/\\\/centrosira.org\\\/#\\\/schema\\\/person\\\/9815ff63267f2e2957c81988f684c7ba\",\"name\":\"Israel V\",\"image\":{\"@type\":\"ImageObject\",\"inLanguage\":\"en-GB\",\"@id\":\"https:\\\/\\\/secure.gravatar.com\\\/avatar\\\/b835441d5f77c22b9bbc6c394fca699d2d7dfd928f4ff56c43763984e664c8f2?s=96&d=mm&r=g\",\"url\":\"https:\\\/\\\/secure.gravatar.com\\\/avatar\\\/b835441d5f77c22b9bbc6c394fca699d2d7dfd928f4ff56c43763984e664c8f2?s=96&d=mm&r=g\",\"contentUrl\":\"https:\\\/\\\/secure.gravatar.com\\\/avatar\\\/b835441d5f77c22b9bbc6c394fca699d2d7dfd928f4ff56c43763984e664c8f2?s=96&d=mm&r=g\",\"caption\":\"Israel V\"},\"url\":\"https:\\\/\\\/centrosira.org\\\/en\\\/author\\\/contelob2892sira\\\/\"}]}<\/script>\n<!-- \/ Yoast SEO plugin. -->","yoast_head_json":{"title":"Primera brecha en el muro de impunidad de los cr\u00edmenes del franquismo - Centro Sira","robots":{"index":"index","follow":"follow","max-snippet":"max-snippet:-1","max-image-preview":"max-image-preview:large","max-video-preview":"max-video-preview:-1"},"canonical":"https:\/\/centrosira.org\/en\/primera-declaracion-de-una-victima-de-torturas-del-franquismo-julio-pacheco\/","og_locale":"en_GB","og_type":"article","og_title":"Primera brecha en el muro de impunidad de los cr\u00edmenes del franquismo - Centro Sira","og_description":"Tras 6 a\u00f1os de lucha en los juzgados espa\u00f1oles y 100 querellas presentadas, se produce la primera declaraci\u00f3n de una v\u00edctima de torturas del franquismo en un Juzgado espa\u00f1ol Las organizaciones sociales instan a los poderes p\u00fablicos y a los partidos pol\u00edticos a adoptar todas las medidas necesarias para que este hecho excepcional deje de [&hellip;]","og_url":"https:\/\/centrosira.org\/en\/primera-declaracion-de-una-victima-de-torturas-del-franquismo-julio-pacheco\/","og_site_name":"Centro Sira","article_publisher":"https:\/\/www.facebook.com\/siracentro","article_published_time":"2026-03-06T08:40:45+00:00","article_modified_time":"2026-03-09T10:46:39+00:00","og_image":[{"width":1920,"height":1080,"url":"https:\/\/centrosira.org\/wp-content\/uploads\/2026\/03\/rosa_julio_franquismo_1.webp","type":"image\/webp"}],"author":"Israel V","twitter_card":"summary_large_image","twitter_creator":"@sira_centro","twitter_site":"@sira_centro","twitter_misc":{"Written by":"Israel V","Estimated reading time":"5 minutes"},"schema":{"@context":"https:\/\/schema.org","@graph":[{"@type":"Article","@id":"https:\/\/centrosira.org\/primera-declaracion-de-una-victima-de-torturas-del-franquismo-julio-pacheco\/#article","isPartOf":{"@id":"https:\/\/centrosira.org\/primera-declaracion-de-una-victima-de-torturas-del-franquismo-julio-pacheco\/"},"author":{"name":"Israel V","@id":"https:\/\/centrosira.org\/#\/schema\/person\/9815ff63267f2e2957c81988f684c7ba"},"headline":"Primera brecha en el muro de impunidad de los cr\u00edmenes del franquismo","datePublished":"2026-03-06T08:40:45+00:00","dateModified":"2026-03-09T10:46:39+00:00","mainEntityOfPage":{"@id":"https:\/\/centrosira.org\/primera-declaracion-de-una-victima-de-torturas-del-franquismo-julio-pacheco\/"},"wordCount":960,"commentCount":0,"publisher":{"@id":"https:\/\/centrosira.org\/#organization"},"image":{"@id":"https:\/\/centrosira.org\/primera-declaracion-de-una-victima-de-torturas-del-franquismo-julio-pacheco\/#primaryimage"},"thumbnailUrl":"https:\/\/centrosira.org\/wp-content\/uploads\/2026\/03\/rosa_julio_franquismo_1.webp","articleSection":["Actualidad","Memoria hist\u00f3rica"],"inLanguage":"en-GB","potentialAction":[{"@type":"CommentAction","name":"Comment","target":["https:\/\/centrosira.org\/primera-declaracion-de-una-victima-de-torturas-del-franquismo-julio-pacheco\/#respond"]}]},{"@type":"WebPage","@id":"https:\/\/centrosira.org\/primera-declaracion-de-una-victima-de-torturas-del-franquismo-julio-pacheco\/","url":"https:\/\/centrosira.org\/primera-declaracion-de-una-victima-de-torturas-del-franquismo-julio-pacheco\/","name":"Primera brecha en el muro de impunidad de los cr\u00edmenes del franquismo - Centro Sira","isPartOf":{"@id":"https:\/\/centrosira.org\/#website"},"primaryImageOfPage":{"@id":"https:\/\/centrosira.org\/primera-declaracion-de-una-victima-de-torturas-del-franquismo-julio-pacheco\/#primaryimage"},"image":{"@id":"https:\/\/centrosira.org\/primera-declaracion-de-una-victima-de-torturas-del-franquismo-julio-pacheco\/#primaryimage"},"thumbnailUrl":"https:\/\/centrosira.org\/wp-content\/uploads\/2026\/03\/rosa_julio_franquismo_1.webp","datePublished":"2026-03-06T08:40:45+00:00","dateModified":"2026-03-09T10:46:39+00:00","breadcrumb":{"@id":"https:\/\/centrosira.org\/primera-declaracion-de-una-victima-de-torturas-del-franquismo-julio-pacheco\/#breadcrumb"},"inLanguage":"en-GB","potentialAction":[{"@type":"ReadAction","target":["https:\/\/centrosira.org\/primera-declaracion-de-una-victima-de-torturas-del-franquismo-julio-pacheco\/"]}]},{"@type":"ImageObject","inLanguage":"en-GB","@id":"https:\/\/centrosira.org\/primera-declaracion-de-una-victima-de-torturas-del-franquismo-julio-pacheco\/#primaryimage","url":"https:\/\/centrosira.org\/wp-content\/uploads\/2026\/03\/rosa_julio_franquismo_1.webp","contentUrl":"https:\/\/centrosira.org\/wp-content\/uploads\/2026\/03\/rosa_julio_franquismo_1.webp","width":1920,"height":1080},{"@type":"BreadcrumbList","@id":"https:\/\/centrosira.org\/primera-declaracion-de-una-victima-de-torturas-del-franquismo-julio-pacheco\/#breadcrumb","itemListElement":[{"@type":"ListItem","position":1,"name":"Portada","item":"https:\/\/centrosira.org\/"},{"@type":"ListItem","position":2,"name":"Primera brecha en el muro de impunidad de los cr\u00edmenes del franquismo"}]},{"@type":"WebSite","@id":"https:\/\/centrosira.org\/#website","url":"https:\/\/centrosira.org\/","name":"Sira Centre","description":"","publisher":{"@id":"https:\/\/centrosira.org\/#organization"},"alternateName":"Centro de Atenci\u00f3n a V\u00edctimas de Malos Tratos y Tortura","potentialAction":[{"@type":"SearchAction","target":{"@type":"EntryPoint","urlTemplate":"https:\/\/centrosira.org\/?s={search_term_string}"},"query-input":{"@type":"PropertyValueSpecification","valueRequired":true,"valueName":"search_term_string"}}],"inLanguage":"en-GB"},{"@type":"Organization","@id":"https:\/\/centrosira.org\/#organization","name":"Sira Centre","alternateName":"Sira","url":"https:\/\/centrosira.org\/","logo":{"@type":"ImageObject","inLanguage":"en-GB","@id":"https:\/\/centrosira.org\/#\/schema\/logo\/image\/","url":null,"contentUrl":null,"width":null,"height":null,"caption":"Centro Sira"},"image":{"@id":"https:\/\/centrosira.org\/#\/schema\/logo\/image\/"},"sameAs":["https:\/\/www.facebook.com\/siracentro","https:\/\/x.com\/sira_centro","https:\/\/www.instagram.com\/sira_centro\/","https:\/\/www.linkedin.com\/company\/sira-centro\/?originalSubdomain=es","https:\/\/www.youtube.com\/@sira_centro"]},{"@type":"Person","@id":"https:\/\/centrosira.org\/#\/schema\/person\/9815ff63267f2e2957c81988f684c7ba","name":"Israel V","image":{"@type":"ImageObject","inLanguage":"en-GB","@id":"https:\/\/secure.gravatar.com\/avatar\/b835441d5f77c22b9bbc6c394fca699d2d7dfd928f4ff56c43763984e664c8f2?s=96&d=mm&r=g","url":"https:\/\/secure.gravatar.com\/avatar\/b835441d5f77c22b9bbc6c394fca699d2d7dfd928f4ff56c43763984e664c8f2?s=96&d=mm&r=g","contentUrl":"https:\/\/secure.gravatar.com\/avatar\/b835441d5f77c22b9bbc6c394fca699d2d7dfd928f4ff56c43763984e664c8f2?s=96&d=mm&r=g","caption":"Israel V"},"url":"https:\/\/centrosira.org\/en\/author\/contelob2892sira\/"}]}},"_links":{"self":[{"href":"https:\/\/centrosira.org\/en\/wp-json\/wp\/v2\/posts\/825","targetHints":{"allow":["GET"]}}],"collection":[{"href":"https:\/\/centrosira.org\/en\/wp-json\/wp\/v2\/posts"}],"about":[{"href":"https:\/\/centrosira.org\/en\/wp-json\/wp\/v2\/types\/post"}],"author":[{"embeddable":true,"href":"https:\/\/centrosira.org\/en\/wp-json\/wp\/v2\/users\/3"}],"replies":[{"embeddable":true,"href":"https:\/\/centrosira.org\/en\/wp-json\/wp\/v2\/comments?post=825"}],"version-history":[{"count":3,"href":"https:\/\/centrosira.org\/en\/wp-json\/wp\/v2\/posts\/825\/revisions"}],"predecessor-version":[{"id":1023,"href":"https:\/\/centrosira.org\/en\/wp-json\/wp\/v2\/posts\/825\/revisions\/1023"}],"wp:featuredmedia":[{"embeddable":true,"href":"https:\/\/centrosira.org\/en\/wp-json\/wp\/v2\/media\/826"}],"wp:attachment":[{"href":"https:\/\/centrosira.org\/en\/wp-json\/wp\/v2\/media?parent=825"}],"wp:term":[{"taxonomy":"category","embeddable":true,"href":"https:\/\/centrosira.org\/en\/wp-json\/wp\/v2\/categories?post=825"},{"taxonomy":"post_tag","embeddable":true,"href":"https:\/\/centrosira.org\/en\/wp-json\/wp\/v2\/tags?post=825"}],"curies":[{"name":"wp","href":"https:\/\/api.w.org\/{rel}","templated":true}]}}