{"id":818,"date":"2026-03-06T09:22:07","date_gmt":"2026-03-06T08:22:07","guid":{"rendered":"https:\/\/centrosira.org\/?p=818"},"modified":"2026-03-09T11:47:24","modified_gmt":"2026-03-09T10:47:24","slug":"se-admite-el-informe-pericial-elaborado-silvia-mujer-migrante-agredida-por-agentes-de-la-ertzaintza","status":"publish","type":"post","link":"https:\/\/centrosira.org\/en\/se-admite-el-informe-pericial-elaborado-silvia-mujer-migrante-agredida-por-agentes-de-la-ertzaintza\/","title":{"rendered":"The expert report on Silvia, a migrant woman assaulted by Ertzaintza police officers, is accepted."},"content":{"rendered":"\n<h3 class=\"wp-block-heading\">Salt\u00e1ndose los principios de la \u201cConvenci\u00f3n contra la Tortura\u201d de Naciones Unidas, a Silvia se le hab\u00eda impedido aportar a su defensa el Protocolo de Estambul elaborado por el Centro Sir[a], que acredita los abusos<\/h3>\n\n\n\n<p>La&nbsp;<strong>Audiencia Provincial<\/strong>&nbsp;admiti\u00f3 ayer finalmente durante el juicio, el informe pericial elaborado por el Centro Sir[a] a Silvia. Vecina de Getxo,&nbsp; que fue agredida en comisar\u00eda por la policia. Su juicio ha sido&nbsp;<a href=\"https:\/\/www.tercerainformacion.es\/articulo\/actualidad\/euskal-herria\/04\/10\/2023\/se-admite-como-prueba-el-protocolo-de-estambul-a-favor-de-silvia-victima-racializada-de-abusos-policiales\/\">aplazado<\/a>&nbsp;hasta que la prueba sea revisada.<\/p>\n\n\n\n<p>Silvia fue detenida tras&nbsp;<strong>increpar<\/strong>&nbsp;a dos funcionarios de la Ertzaintza que trataban de forma vejatoria a una persona que ejerc\u00eda mendicidad en la puerta de un supermercado. M\u00e1s tarde, en la dependencia policial, tras reclamar su carta de derechos, fue golpeada por parte de los agentes, y recibi\u00f3 pu\u00f1etazos y empujones. A pesar de que la agresi\u00f3n qued\u00f3 registrada en&nbsp;<a href=\"https:\/\/youtu.be\/4jXYqwE3Z38\">v\u00eddeo<\/a>, los agentes presentaron una denuncia contra Silvia por posibles delitos de \u201catentado\u201d, \u201cresistencia\u201d y \u201clesiones\u201d. A esto, se se sum\u00f3 una denuncia del Gobierno Vasco, que se person\u00f3 en la causa, pidiendo&nbsp;<a href=\"https:\/\/www.elsaltodiario.com\/opinion\/caso-silvia-discriminacion-racismo-tortura-cinco-anos-despues\"><strong>7 a\u00f1os de c\u00e1rcel<\/strong><\/a>&nbsp;para ella por resistencia y atentado a la autoridad.<\/p>\n\n\n\n<p>En un rev\u00e9s&nbsp;<strong>ins\u00f3lito<\/strong>, y sin respetar los est\u00e1ndares internacionales que marca el&nbsp;<a href=\"https:\/\/www.ohchr.org\/es\/treaty-bodies\/cat\">Comit\u00e9 Contra la Tortura<\/a>&nbsp;de Naciones Unidas, el juzgado hab\u00eda rechazado como prueba el informe pericial basado en el&nbsp;<a href=\"https:\/\/www.instagram.com\/p\/CnpHhXTjFcK\/?utm_source=ig_web_copy_link&amp;igshid=MzRlODBiNWFlZA==\">Protocolo de Estambul<\/a>&nbsp;que elaboramos desde el&nbsp;<strong>Centro Sir[a]<\/strong>, a petici\u00f3n de la defensa.<\/p>\n\n\n\n<p>Este informe no solo confirma la consistencia del relato de Silvia, sino que refleja otros impactos como sintomatolog\u00eda depresiva grave, estr\u00e9s postraum\u00e1tico, quiebres en la visi\u00f3n del mundo como un lugar seguro, o profundizaci\u00f3n de la desconfianza en el ser humano, entre otras.&nbsp;<\/p>\n\n\n\n<h4 class=\"wp-block-heading\">El Protocolo de Estambul en Espa\u00f1a&nbsp;<\/h4>\n\n\n\n<p>Si bien la rectificaci\u00f3n del juzgado es motivo de celebraci\u00f3n, la negativa a admitir la prueba en primera instancia vuelve a poner en cuesti\u00f3n el&nbsp;<strong>compromiso<\/strong>&nbsp;del Estado con el cumplimiento y la defensa de los Derechos Humanos. En este sentido, tal y como recogemos en el&nbsp;informe&nbsp;que remitimos al Comit\u00e9 Contra la Tortura en junio de este a\u00f1o, el Tribunal Europeo de Derechos Humanos ha condenado hasta en 12 ocasiones al Estado espa\u00f1ol por la no investigaci\u00f3n de alegaciones de tortura en el pa\u00eds. De hecho, en sus sentencias no solo destacan la falta de voluntad pol\u00edtica, sino la nula o deficiente documentaci\u00f3n forense de estas situaciones.<\/p>\n\n\n\n<p>Desde el Centro Sir[a] continuaremos defendiendo la necesidad de que el Estado reconozca oficialmente el&nbsp;<strong>Protocolo de Estambul<\/strong>&nbsp;como manual de referencia a la hora de documentar e investigar las alegaciones de&nbsp;<strong>tortura<\/strong>; as\u00ed como que garantice que todo el personal pertinente reciba una formaci\u00f3n acerca de c\u00f3mo&nbsp;<strong>investigar<\/strong>&nbsp;y&nbsp;<strong>documentar<\/strong>&nbsp;este tipo de actuaciones.<\/p>\n","protected":false},"excerpt":{"rendered":"<p>Salt\u00e1ndose los principios de la \u201cConvenci\u00f3n contra la Tortura\u201d de Naciones Unidas, a Silvia se le hab\u00eda impedido aportar a su defensa el Protocolo de Estambul elaborado por el Centro Sir[a], que acredita los abusos La&nbsp;Audiencia Provincial&nbsp;admiti\u00f3 ayer finalmente durante el juicio, el informe pericial elaborado por el Centro Sir[a] a Silvia. Vecina de Getxo,&nbsp; [&hellip;]<\/p>\n","protected":false},"author":3,"featured_media":819,"comment_status":"open","ping_status":"open","sticky":false,"template":"","format":"standard","meta":{"footnotes":""},"categories":[13,21],"tags":[],"class_list":["post-818","post","type-post","status-publish","format-standard","has-post-thumbnail","hentry","category-actualidad","category-periciales"],"yoast_head":"<!-- This site is optimized with the Yoast SEO plugin v27.4 - https:\/\/yoast.com\/product\/yoast-seo-wordpress\/ -->\n<title>Se admite el informe pericial elaborado a Silvia, mujer migrante agredida por agentes de la Ertzaintza - Centro Sira<\/title>\n<meta name=\"robots\" content=\"index, follow, max-snippet:-1, max-image-preview:large, max-video-preview:-1\" \/>\n<link rel=\"canonical\" href=\"https:\/\/centrosira.org\/en\/se-admite-el-informe-pericial-elaborado-silvia-mujer-migrante-agredida-por-agentes-de-la-ertzaintza\/\" \/>\n<meta property=\"og:locale\" content=\"en_GB\" \/>\n<meta property=\"og:type\" content=\"article\" \/>\n<meta property=\"og:title\" content=\"Se admite el informe pericial elaborado a Silvia, mujer migrante agredida por agentes de la Ertzaintza - Centro Sira\" \/>\n<meta property=\"og:description\" content=\"Salt\u00e1ndose los principios de la \u201cConvenci\u00f3n contra la Tortura\u201d de Naciones Unidas, a Silvia se le hab\u00eda impedido aportar a su defensa el Protocolo de Estambul elaborado por el Centro Sir[a], que acredita los abusos La&nbsp;Audiencia Provincial&nbsp;admiti\u00f3 ayer finalmente durante el juicio, el informe pericial elaborado por el Centro Sir[a] a Silvia. Vecina de Getxo,&nbsp; [&hellip;]\" \/>\n<meta property=\"og:url\" content=\"https:\/\/centrosira.org\/en\/se-admite-el-informe-pericial-elaborado-silvia-mujer-migrante-agredida-por-agentes-de-la-ertzaintza\/\" \/>\n<meta property=\"og:site_name\" content=\"Centro Sira\" \/>\n<meta property=\"article:publisher\" content=\"https:\/\/www.facebook.com\/siracentro\" \/>\n<meta property=\"article:published_time\" content=\"2026-03-06T08:22:07+00:00\" \/>\n<meta property=\"article:modified_time\" content=\"2026-03-09T10:47:24+00:00\" \/>\n<meta property=\"og:image\" content=\"https:\/\/centrosira.org\/wp-content\/uploads\/2026\/03\/portada_web_silvia_getxo_1.webp\" \/>\n\t<meta property=\"og:image:width\" content=\"1920\" \/>\n\t<meta property=\"og:image:height\" content=\"1080\" \/>\n\t<meta property=\"og:image:type\" content=\"image\/webp\" \/>\n<meta name=\"author\" content=\"Israel V\" \/>\n<meta name=\"twitter:card\" content=\"summary_large_image\" \/>\n<meta name=\"twitter:creator\" content=\"@sira_centro\" \/>\n<meta name=\"twitter:site\" content=\"@sira_centro\" \/>\n<meta name=\"twitter:label1\" content=\"Written by\" \/>\n\t<meta name=\"twitter:data1\" content=\"Israel V\" \/>\n\t<meta name=\"twitter:label2\" content=\"Estimated reading time\" \/>\n\t<meta name=\"twitter:data2\" content=\"3 minutes\" \/>\n<script type=\"application\/ld+json\" class=\"yoast-schema-graph\">{\"@context\":\"https:\\\/\\\/schema.org\",\"@graph\":[{\"@type\":\"Article\",\"@id\":\"https:\\\/\\\/centrosira.org\\\/se-admite-el-informe-pericial-elaborado-silvia-mujer-migrante-agredida-por-agentes-de-la-ertzaintza\\\/#article\",\"isPartOf\":{\"@id\":\"https:\\\/\\\/centrosira.org\\\/se-admite-el-informe-pericial-elaborado-silvia-mujer-migrante-agredida-por-agentes-de-la-ertzaintza\\\/\"},\"author\":{\"name\":\"Israel V\",\"@id\":\"https:\\\/\\\/centrosira.org\\\/#\\\/schema\\\/person\\\/9815ff63267f2e2957c81988f684c7ba\"},\"headline\":\"Se admite el informe pericial elaborado a Silvia, mujer migrante agredida por agentes de la Ertzaintza\",\"datePublished\":\"2026-03-06T08:22:07+00:00\",\"dateModified\":\"2026-03-09T10:47:24+00:00\",\"mainEntityOfPage\":{\"@id\":\"https:\\\/\\\/centrosira.org\\\/se-admite-el-informe-pericial-elaborado-silvia-mujer-migrante-agredida-por-agentes-de-la-ertzaintza\\\/\"},\"wordCount\":522,\"commentCount\":0,\"publisher\":{\"@id\":\"https:\\\/\\\/centrosira.org\\\/#organization\"},\"image\":{\"@id\":\"https:\\\/\\\/centrosira.org\\\/se-admite-el-informe-pericial-elaborado-silvia-mujer-migrante-agredida-por-agentes-de-la-ertzaintza\\\/#primaryimage\"},\"thumbnailUrl\":\"https:\\\/\\\/centrosira.org\\\/wp-content\\\/uploads\\\/2026\\\/03\\\/portada_web_silvia_getxo_1.webp\",\"articleSection\":[\"Actualidad\",\"Periciales\"],\"inLanguage\":\"en-GB\",\"potentialAction\":[{\"@type\":\"CommentAction\",\"name\":\"Comment\",\"target\":[\"https:\\\/\\\/centrosira.org\\\/se-admite-el-informe-pericial-elaborado-silvia-mujer-migrante-agredida-por-agentes-de-la-ertzaintza\\\/#respond\"]}]},{\"@type\":\"WebPage\",\"@id\":\"https:\\\/\\\/centrosira.org\\\/se-admite-el-informe-pericial-elaborado-silvia-mujer-migrante-agredida-por-agentes-de-la-ertzaintza\\\/\",\"url\":\"https:\\\/\\\/centrosira.org\\\/se-admite-el-informe-pericial-elaborado-silvia-mujer-migrante-agredida-por-agentes-de-la-ertzaintza\\\/\",\"name\":\"Se admite el informe pericial elaborado a Silvia, mujer migrante agredida por agentes de la Ertzaintza - Centro Sira\",\"isPartOf\":{\"@id\":\"https:\\\/\\\/centrosira.org\\\/#website\"},\"primaryImageOfPage\":{\"@id\":\"https:\\\/\\\/centrosira.org\\\/se-admite-el-informe-pericial-elaborado-silvia-mujer-migrante-agredida-por-agentes-de-la-ertzaintza\\\/#primaryimage\"},\"image\":{\"@id\":\"https:\\\/\\\/centrosira.org\\\/se-admite-el-informe-pericial-elaborado-silvia-mujer-migrante-agredida-por-agentes-de-la-ertzaintza\\\/#primaryimage\"},\"thumbnailUrl\":\"https:\\\/\\\/centrosira.org\\\/wp-content\\\/uploads\\\/2026\\\/03\\\/portada_web_silvia_getxo_1.webp\",\"datePublished\":\"2026-03-06T08:22:07+00:00\",\"dateModified\":\"2026-03-09T10:47:24+00:00\",\"breadcrumb\":{\"@id\":\"https:\\\/\\\/centrosira.org\\\/se-admite-el-informe-pericial-elaborado-silvia-mujer-migrante-agredida-por-agentes-de-la-ertzaintza\\\/#breadcrumb\"},\"inLanguage\":\"en-GB\",\"potentialAction\":[{\"@type\":\"ReadAction\",\"target\":[\"https:\\\/\\\/centrosira.org\\\/se-admite-el-informe-pericial-elaborado-silvia-mujer-migrante-agredida-por-agentes-de-la-ertzaintza\\\/\"]}]},{\"@type\":\"ImageObject\",\"inLanguage\":\"en-GB\",\"@id\":\"https:\\\/\\\/centrosira.org\\\/se-admite-el-informe-pericial-elaborado-silvia-mujer-migrante-agredida-por-agentes-de-la-ertzaintza\\\/#primaryimage\",\"url\":\"https:\\\/\\\/centrosira.org\\\/wp-content\\\/uploads\\\/2026\\\/03\\\/portada_web_silvia_getxo_1.webp\",\"contentUrl\":\"https:\\\/\\\/centrosira.org\\\/wp-content\\\/uploads\\\/2026\\\/03\\\/portada_web_silvia_getxo_1.webp\",\"width\":1920,\"height\":1080},{\"@type\":\"BreadcrumbList\",\"@id\":\"https:\\\/\\\/centrosira.org\\\/se-admite-el-informe-pericial-elaborado-silvia-mujer-migrante-agredida-por-agentes-de-la-ertzaintza\\\/#breadcrumb\",\"itemListElement\":[{\"@type\":\"ListItem\",\"position\":1,\"name\":\"Portada\",\"item\":\"https:\\\/\\\/centrosira.org\\\/\"},{\"@type\":\"ListItem\",\"position\":2,\"name\":\"Se admite el informe pericial elaborado a Silvia, mujer migrante agredida por agentes de la Ertzaintza\"}]},{\"@type\":\"WebSite\",\"@id\":\"https:\\\/\\\/centrosira.org\\\/#website\",\"url\":\"https:\\\/\\\/centrosira.org\\\/\",\"name\":\"Centro Sira\",\"description\":\"\",\"publisher\":{\"@id\":\"https:\\\/\\\/centrosira.org\\\/#organization\"},\"alternateName\":\"Centro de Atenci\u00f3n a V\u00edctimas de Malos Tratos y Tortura\",\"potentialAction\":[{\"@type\":\"SearchAction\",\"target\":{\"@type\":\"EntryPoint\",\"urlTemplate\":\"https:\\\/\\\/centrosira.org\\\/?s={search_term_string}\"},\"query-input\":{\"@type\":\"PropertyValueSpecification\",\"valueRequired\":true,\"valueName\":\"search_term_string\"}}],\"inLanguage\":\"en-GB\"},{\"@type\":\"Organization\",\"@id\":\"https:\\\/\\\/centrosira.org\\\/#organization\",\"name\":\"Centro Sira\",\"alternateName\":\"Sira\",\"url\":\"https:\\\/\\\/centrosira.org\\\/\",\"logo\":{\"@type\":\"ImageObject\",\"inLanguage\":\"en-GB\",\"@id\":\"https:\\\/\\\/centrosira.org\\\/#\\\/schema\\\/logo\\\/image\\\/\",\"url\":null,\"contentUrl\":null,\"width\":null,\"height\":null,\"caption\":\"Centro Sira\"},\"image\":{\"@id\":\"https:\\\/\\\/centrosira.org\\\/#\\\/schema\\\/logo\\\/image\\\/\"},\"sameAs\":[\"https:\\\/\\\/www.facebook.com\\\/siracentro\",\"https:\\\/\\\/x.com\\\/sira_centro\",\"https:\\\/\\\/www.instagram.com\\\/sira_centro\\\/\",\"https:\\\/\\\/www.linkedin.com\\\/company\\\/sira-centro\\\/?originalSubdomain=es\",\"https:\\\/\\\/www.youtube.com\\\/@sira_centro\"]},{\"@type\":\"Person\",\"@id\":\"https:\\\/\\\/centrosira.org\\\/#\\\/schema\\\/person\\\/9815ff63267f2e2957c81988f684c7ba\",\"name\":\"Israel V\",\"image\":{\"@type\":\"ImageObject\",\"inLanguage\":\"en-GB\",\"@id\":\"https:\\\/\\\/secure.gravatar.com\\\/avatar\\\/b835441d5f77c22b9bbc6c394fca699d2d7dfd928f4ff56c43763984e664c8f2?s=96&d=mm&r=g\",\"url\":\"https:\\\/\\\/secure.gravatar.com\\\/avatar\\\/b835441d5f77c22b9bbc6c394fca699d2d7dfd928f4ff56c43763984e664c8f2?s=96&d=mm&r=g\",\"contentUrl\":\"https:\\\/\\\/secure.gravatar.com\\\/avatar\\\/b835441d5f77c22b9bbc6c394fca699d2d7dfd928f4ff56c43763984e664c8f2?s=96&d=mm&r=g\",\"caption\":\"Israel V\"},\"url\":\"https:\\\/\\\/centrosira.org\\\/en\\\/author\\\/contelob2892sira\\\/\"}]}<\/script>\n<!-- \/ Yoast SEO plugin. -->","yoast_head_json":{"title":"Se admite el informe pericial elaborado a Silvia, mujer migrante agredida por agentes de la Ertzaintza - Centro Sira","robots":{"index":"index","follow":"follow","max-snippet":"max-snippet:-1","max-image-preview":"max-image-preview:large","max-video-preview":"max-video-preview:-1"},"canonical":"https:\/\/centrosira.org\/en\/se-admite-el-informe-pericial-elaborado-silvia-mujer-migrante-agredida-por-agentes-de-la-ertzaintza\/","og_locale":"en_GB","og_type":"article","og_title":"Se admite el informe pericial elaborado a Silvia, mujer migrante agredida por agentes de la Ertzaintza - Centro Sira","og_description":"Salt\u00e1ndose los principios de la \u201cConvenci\u00f3n contra la Tortura\u201d de Naciones Unidas, a Silvia se le hab\u00eda impedido aportar a su defensa el Protocolo de Estambul elaborado por el Centro Sir[a], que acredita los abusos La&nbsp;Audiencia Provincial&nbsp;admiti\u00f3 ayer finalmente durante el juicio, el informe pericial elaborado por el Centro Sir[a] a Silvia. Vecina de Getxo,&nbsp; [&hellip;]","og_url":"https:\/\/centrosira.org\/en\/se-admite-el-informe-pericial-elaborado-silvia-mujer-migrante-agredida-por-agentes-de-la-ertzaintza\/","og_site_name":"Centro Sira","article_publisher":"https:\/\/www.facebook.com\/siracentro","article_published_time":"2026-03-06T08:22:07+00:00","article_modified_time":"2026-03-09T10:47:24+00:00","og_image":[{"width":1920,"height":1080,"url":"https:\/\/centrosira.org\/wp-content\/uploads\/2026\/03\/portada_web_silvia_getxo_1.webp","type":"image\/webp"}],"author":"Israel V","twitter_card":"summary_large_image","twitter_creator":"@sira_centro","twitter_site":"@sira_centro","twitter_misc":{"Written by":"Israel V","Estimated reading time":"3 minutes"},"schema":{"@context":"https:\/\/schema.org","@graph":[{"@type":"Article","@id":"https:\/\/centrosira.org\/se-admite-el-informe-pericial-elaborado-silvia-mujer-migrante-agredida-por-agentes-de-la-ertzaintza\/#article","isPartOf":{"@id":"https:\/\/centrosira.org\/se-admite-el-informe-pericial-elaborado-silvia-mujer-migrante-agredida-por-agentes-de-la-ertzaintza\/"},"author":{"name":"Israel V","@id":"https:\/\/centrosira.org\/#\/schema\/person\/9815ff63267f2e2957c81988f684c7ba"},"headline":"Se admite el informe pericial elaborado a Silvia, mujer migrante agredida por agentes de la Ertzaintza","datePublished":"2026-03-06T08:22:07+00:00","dateModified":"2026-03-09T10:47:24+00:00","mainEntityOfPage":{"@id":"https:\/\/centrosira.org\/se-admite-el-informe-pericial-elaborado-silvia-mujer-migrante-agredida-por-agentes-de-la-ertzaintza\/"},"wordCount":522,"commentCount":0,"publisher":{"@id":"https:\/\/centrosira.org\/#organization"},"image":{"@id":"https:\/\/centrosira.org\/se-admite-el-informe-pericial-elaborado-silvia-mujer-migrante-agredida-por-agentes-de-la-ertzaintza\/#primaryimage"},"thumbnailUrl":"https:\/\/centrosira.org\/wp-content\/uploads\/2026\/03\/portada_web_silvia_getxo_1.webp","articleSection":["Actualidad","Periciales"],"inLanguage":"en-GB","potentialAction":[{"@type":"CommentAction","name":"Comment","target":["https:\/\/centrosira.org\/se-admite-el-informe-pericial-elaborado-silvia-mujer-migrante-agredida-por-agentes-de-la-ertzaintza\/#respond"]}]},{"@type":"WebPage","@id":"https:\/\/centrosira.org\/se-admite-el-informe-pericial-elaborado-silvia-mujer-migrante-agredida-por-agentes-de-la-ertzaintza\/","url":"https:\/\/centrosira.org\/se-admite-el-informe-pericial-elaborado-silvia-mujer-migrante-agredida-por-agentes-de-la-ertzaintza\/","name":"Se admite el informe pericial elaborado a Silvia, mujer migrante agredida por agentes de la Ertzaintza - Centro Sira","isPartOf":{"@id":"https:\/\/centrosira.org\/#website"},"primaryImageOfPage":{"@id":"https:\/\/centrosira.org\/se-admite-el-informe-pericial-elaborado-silvia-mujer-migrante-agredida-por-agentes-de-la-ertzaintza\/#primaryimage"},"image":{"@id":"https:\/\/centrosira.org\/se-admite-el-informe-pericial-elaborado-silvia-mujer-migrante-agredida-por-agentes-de-la-ertzaintza\/#primaryimage"},"thumbnailUrl":"https:\/\/centrosira.org\/wp-content\/uploads\/2026\/03\/portada_web_silvia_getxo_1.webp","datePublished":"2026-03-06T08:22:07+00:00","dateModified":"2026-03-09T10:47:24+00:00","breadcrumb":{"@id":"https:\/\/centrosira.org\/se-admite-el-informe-pericial-elaborado-silvia-mujer-migrante-agredida-por-agentes-de-la-ertzaintza\/#breadcrumb"},"inLanguage":"en-GB","potentialAction":[{"@type":"ReadAction","target":["https:\/\/centrosira.org\/se-admite-el-informe-pericial-elaborado-silvia-mujer-migrante-agredida-por-agentes-de-la-ertzaintza\/"]}]},{"@type":"ImageObject","inLanguage":"en-GB","@id":"https:\/\/centrosira.org\/se-admite-el-informe-pericial-elaborado-silvia-mujer-migrante-agredida-por-agentes-de-la-ertzaintza\/#primaryimage","url":"https:\/\/centrosira.org\/wp-content\/uploads\/2026\/03\/portada_web_silvia_getxo_1.webp","contentUrl":"https:\/\/centrosira.org\/wp-content\/uploads\/2026\/03\/portada_web_silvia_getxo_1.webp","width":1920,"height":1080},{"@type":"BreadcrumbList","@id":"https:\/\/centrosira.org\/se-admite-el-informe-pericial-elaborado-silvia-mujer-migrante-agredida-por-agentes-de-la-ertzaintza\/#breadcrumb","itemListElement":[{"@type":"ListItem","position":1,"name":"Portada","item":"https:\/\/centrosira.org\/"},{"@type":"ListItem","position":2,"name":"Se admite el informe pericial elaborado a Silvia, mujer migrante agredida por agentes de la Ertzaintza"}]},{"@type":"WebSite","@id":"https:\/\/centrosira.org\/#website","url":"https:\/\/centrosira.org\/","name":"Sira Centre","description":"","publisher":{"@id":"https:\/\/centrosira.org\/#organization"},"alternateName":"Centro de Atenci\u00f3n a V\u00edctimas de Malos Tratos y Tortura","potentialAction":[{"@type":"SearchAction","target":{"@type":"EntryPoint","urlTemplate":"https:\/\/centrosira.org\/?s={search_term_string}"},"query-input":{"@type":"PropertyValueSpecification","valueRequired":true,"valueName":"search_term_string"}}],"inLanguage":"en-GB"},{"@type":"Organization","@id":"https:\/\/centrosira.org\/#organization","name":"Sira Centre","alternateName":"Sira","url":"https:\/\/centrosira.org\/","logo":{"@type":"ImageObject","inLanguage":"en-GB","@id":"https:\/\/centrosira.org\/#\/schema\/logo\/image\/","url":null,"contentUrl":null,"width":null,"height":null,"caption":"Centro Sira"},"image":{"@id":"https:\/\/centrosira.org\/#\/schema\/logo\/image\/"},"sameAs":["https:\/\/www.facebook.com\/siracentro","https:\/\/x.com\/sira_centro","https:\/\/www.instagram.com\/sira_centro\/","https:\/\/www.linkedin.com\/company\/sira-centro\/?originalSubdomain=es","https:\/\/www.youtube.com\/@sira_centro"]},{"@type":"Person","@id":"https:\/\/centrosira.org\/#\/schema\/person\/9815ff63267f2e2957c81988f684c7ba","name":"Israel V","image":{"@type":"ImageObject","inLanguage":"en-GB","@id":"https:\/\/secure.gravatar.com\/avatar\/b835441d5f77c22b9bbc6c394fca699d2d7dfd928f4ff56c43763984e664c8f2?s=96&d=mm&r=g","url":"https:\/\/secure.gravatar.com\/avatar\/b835441d5f77c22b9bbc6c394fca699d2d7dfd928f4ff56c43763984e664c8f2?s=96&d=mm&r=g","contentUrl":"https:\/\/secure.gravatar.com\/avatar\/b835441d5f77c22b9bbc6c394fca699d2d7dfd928f4ff56c43763984e664c8f2?s=96&d=mm&r=g","caption":"Israel V"},"url":"https:\/\/centrosira.org\/en\/author\/contelob2892sira\/"}]}},"_links":{"self":[{"href":"https:\/\/centrosira.org\/en\/wp-json\/wp\/v2\/posts\/818","targetHints":{"allow":["GET"]}}],"collection":[{"href":"https:\/\/centrosira.org\/en\/wp-json\/wp\/v2\/posts"}],"about":[{"href":"https:\/\/centrosira.org\/en\/wp-json\/wp\/v2\/types\/post"}],"author":[{"embeddable":true,"href":"https:\/\/centrosira.org\/en\/wp-json\/wp\/v2\/users\/3"}],"replies":[{"embeddable":true,"href":"https:\/\/centrosira.org\/en\/wp-json\/wp\/v2\/comments?post=818"}],"version-history":[{"count":2,"href":"https:\/\/centrosira.org\/en\/wp-json\/wp\/v2\/posts\/818\/revisions"}],"predecessor-version":[{"id":1019,"href":"https:\/\/centrosira.org\/en\/wp-json\/wp\/v2\/posts\/818\/revisions\/1019"}],"wp:featuredmedia":[{"embeddable":true,"href":"https:\/\/centrosira.org\/en\/wp-json\/wp\/v2\/media\/819"}],"wp:attachment":[{"href":"https:\/\/centrosira.org\/en\/wp-json\/wp\/v2\/media?parent=818"}],"wp:term":[{"taxonomy":"category","embeddable":true,"href":"https:\/\/centrosira.org\/en\/wp-json\/wp\/v2\/categories?post=818"},{"taxonomy":"post_tag","embeddable":true,"href":"https:\/\/centrosira.org\/en\/wp-json\/wp\/v2\/tags?post=818"}],"curies":[{"name":"wp","href":"https:\/\/api.w.org\/{rel}","templated":true}]}}