{"id":814,"date":"2026-03-05T15:17:37","date_gmt":"2026-03-05T14:17:37","guid":{"rendered":"https:\/\/centrosira.org\/?p=814"},"modified":"2026-03-09T11:48:30","modified_gmt":"2026-03-09T10:48:30","slug":"no-todo-esta-oscuro","status":"publish","type":"post","link":"https:\/\/centrosira.org\/en\/no-todo-esta-oscuro\/","title":{"rendered":"Not all is dark"},"content":{"rendered":"\n<h5 class=\"wp-block-heading\">ANDREA GAL\u00c1N SANTAMARINA<\/h5>\n\n\n\n<h5 class=\"wp-block-heading\">Psic\u00f3loga del Centro Sir[a]<\/h5>\n\n\n\n<hr class=\"wp-block-separator has-alpha-channel-opacity\"\/>\n\n\n\n<p>Hace un a\u00f1o que publicamos junto al&nbsp;<a href=\"https:\/\/www.psicosocial.net\/gac\/\">Grupo de Acci\u00f3n Comunitaria<\/a>&nbsp;el informe \u201c<a href=\"https:\/\/www.psicosocial.net\/investigacion\/wp-content\/uploads\/2022\/09\/informe_laberintos-de-tortura_gac_sira.pdf\">Laberintos de tortura. Violencias e impactos en el tr\u00e1nsito migratorio desde \u00c1frica a Espa\u00f1a<\/a>\u201d. Tras a\u00f1os atendiendo a personas supervivientes de esta ruta, desde el Centro Sir[a] decidimos recopilar sus voces para poder visibilizar las violencias y las vulneraciones de Derechos Humanos que sufren quienes emprenden este camino.&nbsp;<strong>Desde una mirada psicosocial<\/strong>, quisimos mostrar los&nbsp;<a href=\"https:\/\/twitter.com\/gac_psicosocial\/status\/1577600649189285889\" target=\"_blank\" rel=\"noreferrer noopener\">impactos f\u00edsicos y psicol\u00f3gicos&nbsp;<\/a>que estos abusos dejan en las personas. En muchas ocasiones, sufrimientos&nbsp;<strong>permanentes&nbsp;<\/strong>o intratables.<\/p>\n\n\n\n<p>A trav\u00e9s de este estudio, pudimos comprobar que la violencia<a href=\"http:\/\/www.psicosocial.net\/gac\/violencia-transito-migrantes-europa-africa\/\" target=\"_blank\" rel=\"noreferrer noopener\">&nbsp;se agudiza a medida que las personas se acercan a&nbsp;<strong>Europa<\/strong><\/a>, y constatar que esta act\u00faa como un elemento coercitivo que busca impedir que las personas migrantes emprendan o contin\u00faen con su viaje. Los Estados africanos y la Uni\u00f3n Europea en particular, a trav\u00e9s de sus pol\u00edticas de externalizaci\u00f3n de fronteras, y de condicionar su ayuda a los pa\u00edses m\u00e1s empobrecidos al cumplimiento de estas,&nbsp;<strong>son responsables<\/strong>&nbsp;del sufrimiento de quienes se ven obligadas a cruzar por v\u00edas clandestinas.<\/p>\n\n\n\n<blockquote class=\"wp-block-quote is-layout-flow wp-block-quote-is-layout-flow\">\n<p>\u201dEspa\u00f1a no ofrece l\u00edneas de apoyo espec\u00edficas a las entidades que trabajamos con supervivientes de malos tratos. De ah\u00ed, que tantas organizaciones tengamos que sostenernos a trav\u00e9s de la sociedad civil o el copago de las propias personas afectadas.<\/p>\n<\/blockquote>\n\n\n\n<p>La publicaci\u00f3n del informe sirvi\u00f3 para se\u00f1alar la necesidad urgente de modificar las pol\u00edticas migratorias europeas, pero tambi\u00e9n para remarcar&nbsp;<strong>la responsabilidad que tiene el Estado espa\u00f1ol&nbsp;<\/strong>como firmante de la Convenci\u00f3n Contra la Tortura de Naciones Unidas. Este tratado obliga a los estados miembros a garantizar que todas las personas que hayan sufrido tortura tengan acceso a reparaci\u00f3n. Es decir, a una rehabilitaci\u00f3n adecuada, que incluya medidas de protecci\u00f3n y acceso a derechos b\u00e1sicos. En julio de este a\u00f1o, m\u00e1s de 14 organizaciones de la sociedad civil&nbsp;<a href=\"https:\/\/www.elsaltodiario.com\/tortura\/espana-incumple-convencion-internacional-tortura-onu-segun-informe-sombra\" target=\"_blank\" rel=\"noreferrer noopener\">denunciamos ante la ONU<\/a>, en Ginebra, la necesidad urgente respetar los Derechos Humanos en la Frontera Sur, as\u00ed como la obligaci\u00f3n del estado de contar con servicios p\u00fablicos especializados en la&nbsp;rehabilitaci\u00f3n de v\u00edctimas de tortura. Actualmente,&nbsp;<strong>Espa\u00f1a no ofrece l\u00edneas de apoyo espec\u00edficas<\/strong>&nbsp;a las entidades que trabajamos con supervivientes de malos tratos. De ah\u00ed, que tantas entidades tengamos que sostenernos a trav\u00e9s de la sociedad civil o el copago de las propias personas afectadas.<\/p>\n\n\n\n<p>En medio de este panorama, a menudo nos olvidamos de las&nbsp;<strong>peque\u00f1as victorias<\/strong>&nbsp;y proyectos que nos ilusionan para seguir trabajando y que nos empujan para no resignarnos ante la injusticia. Hace escasamente dos semanas, en Sir[a] abrimos por primera vez las puertas del \u201cEspacio Tranquilo\u201d y volvimos a recuperar esa sensaci\u00f3n tan necesaria. Esta iniciativa busca consolidar una red de&nbsp;<strong>apoyo mutuo<\/strong>&nbsp;para las personas migrantes supervivientes de tortura y malos tratos, que contribuya a su bienestar psicol\u00f3gico y que responda a sus necesidades particulares.&nbsp; Pese al dolor que genera constatar cada d\u00eda que las situaciones de violencia extrema contin\u00faan y se recrudecen, echar la vista atr\u00e1s y comprobar todos los logros que desde la sociedad civil podemos ir construyendo para contener y minimizar el impacto, da luz y esperanza.&nbsp;<strong>Nos recuerda que no todo est\u00e1 oscuro<\/strong>.<\/p>\n\n\n\n<div class=\"wp-block-group is-nowrap is-layout-flex wp-container-core-group-is-layout-6c531013 wp-block-group-is-layout-flex\">\n<figure class=\"wp-block-image size-full\"><img fetchpriority=\"high\" decoding=\"async\" width=\"1080\" height=\"1080\" src=\"https:\/\/centrosira.org\/wp-content\/uploads\/2026\/03\/andrea_newsletter_tiny_1.webp\" class=\"wp-image-816\" srcset=\"https:\/\/centrosira.org\/wp-content\/uploads\/2026\/03\/andrea_newsletter_tiny_1.webp 1080w, https:\/\/centrosira.org\/wp-content\/uploads\/2026\/03\/andrea_newsletter_tiny_1-300x300.webp 300w, https:\/\/centrosira.org\/wp-content\/uploads\/2026\/03\/andrea_newsletter_tiny_1-1024x1024.webp 1024w, https:\/\/centrosira.org\/wp-content\/uploads\/2026\/03\/andrea_newsletter_tiny_1-150x150.webp 150w, https:\/\/centrosira.org\/wp-content\/uploads\/2026\/03\/andrea_newsletter_tiny_1-768x768.webp 768w, https:\/\/centrosira.org\/wp-content\/uploads\/2026\/03\/andrea_newsletter_tiny_1-12x12.webp 12w\" sizes=\"(max-width: 1080px) 100vw, 1080px\" \/><\/figure>\n\n\n\n<div class=\"wp-block-group is-vertical is-layout-flex wp-container-core-group-is-layout-fe9cc265 wp-block-group-is-layout-flex\">\n<p>\u201dPese al dolor que genera constatar cada d\u00eda que las situaciones de violencia extrema contin\u00faan y se recrudecen, echar la vista atr\u00e1s y comprobar todos los logros que desde la sociedad civil podemos ir construyendo para contener y minimizar el impacto, da luz y esperanza. Nos recuerda que no todo est\u00e1 oscuro.<\/p>\n\n\n\n<p>Andrea Gal\u00e1n<\/p>\n\n\n\n<p>Psic\u00f3loga del Centro Sir[a]<\/p>\n<\/div>\n<\/div>\n\n\n\n<p><\/p>\n","protected":false},"excerpt":{"rendered":"<p>ANDREA GAL\u00c1N SANTAMARINA Psic\u00f3loga del Centro Sir[a] Hace un a\u00f1o que publicamos junto al&nbsp;Grupo de Acci\u00f3n Comunitaria&nbsp;el informe \u201cLaberintos de tortura. Violencias e impactos en el tr\u00e1nsito migratorio desde \u00c1frica a Espa\u00f1a\u201d. Tras a\u00f1os atendiendo a personas supervivientes de esta ruta, desde el Centro Sir[a] decidimos recopilar sus voces para poder visibilizar las violencias y [&hellip;]<\/p>\n","protected":false},"author":3,"featured_media":815,"comment_status":"open","ping_status":"open","sticky":false,"template":"","format":"standard","meta":{"footnotes":""},"categories":[17,24,25],"tags":[],"class_list":["post-814","post","type-post","status-publish","format-standard","has-post-thumbnail","hentry","category-frontera-sur","category-otra-mirada","category-sira"],"yoast_head":"<!-- This site is optimized with the Yoast SEO plugin v27.4 - https:\/\/yoast.com\/product\/yoast-seo-wordpress\/ -->\n<title>No todo est\u00e1 oscuro - Centro Sira<\/title>\n<meta name=\"robots\" content=\"index, follow, max-snippet:-1, max-image-preview:large, max-video-preview:-1\" \/>\n<link rel=\"canonical\" href=\"https:\/\/centrosira.org\/en\/no-todo-esta-oscuro\/\" \/>\n<meta property=\"og:locale\" content=\"en_GB\" \/>\n<meta property=\"og:type\" content=\"article\" \/>\n<meta property=\"og:title\" content=\"No todo est\u00e1 oscuro - Centro Sira\" \/>\n<meta property=\"og:description\" content=\"ANDREA GAL\u00c1N SANTAMARINA Psic\u00f3loga del Centro Sir[a] Hace un a\u00f1o que publicamos junto al&nbsp;Grupo de Acci\u00f3n Comunitaria&nbsp;el informe \u201cLaberintos de tortura. Violencias e impactos en el tr\u00e1nsito migratorio desde \u00c1frica a Espa\u00f1a\u201d. Tras a\u00f1os atendiendo a personas supervivientes de esta ruta, desde el Centro Sir[a] decidimos recopilar sus voces para poder visibilizar las violencias y [&hellip;]\" \/>\n<meta property=\"og:url\" content=\"https:\/\/centrosira.org\/en\/no-todo-esta-oscuro\/\" \/>\n<meta property=\"og:site_name\" content=\"Centro Sira\" \/>\n<meta property=\"article:publisher\" content=\"https:\/\/www.facebook.com\/siracentro\" \/>\n<meta property=\"article:published_time\" content=\"2026-03-05T14:17:37+00:00\" \/>\n<meta property=\"article:modified_time\" content=\"2026-03-09T10:48:30+00:00\" \/>\n<meta property=\"og:image\" content=\"https:\/\/centrosira.org\/wp-content\/uploads\/2026\/03\/newsletter_3_foto_web_tiny_1.webp\" \/>\n\t<meta property=\"og:image:width\" content=\"1920\" \/>\n\t<meta property=\"og:image:height\" content=\"1080\" \/>\n\t<meta property=\"og:image:type\" content=\"image\/webp\" \/>\n<meta name=\"author\" content=\"Israel V\" \/>\n<meta name=\"twitter:card\" content=\"summary_large_image\" \/>\n<meta name=\"twitter:creator\" content=\"@sira_centro\" \/>\n<meta name=\"twitter:site\" content=\"@sira_centro\" \/>\n<meta name=\"twitter:label1\" content=\"Written by\" \/>\n\t<meta name=\"twitter:data1\" content=\"Israel V\" \/>\n\t<meta name=\"twitter:label2\" content=\"Estimated reading time\" \/>\n\t<meta name=\"twitter:data2\" content=\"3 minutes\" \/>\n<script type=\"application\/ld+json\" class=\"yoast-schema-graph\">{\"@context\":\"https:\\\/\\\/schema.org\",\"@graph\":[{\"@type\":\"Article\",\"@id\":\"https:\\\/\\\/centrosira.org\\\/no-todo-esta-oscuro\\\/#article\",\"isPartOf\":{\"@id\":\"https:\\\/\\\/centrosira.org\\\/no-todo-esta-oscuro\\\/\"},\"author\":{\"name\":\"Israel V\",\"@id\":\"https:\\\/\\\/centrosira.org\\\/#\\\/schema\\\/person\\\/9815ff63267f2e2957c81988f684c7ba\"},\"headline\":\"No todo est\u00e1 oscuro\",\"datePublished\":\"2026-03-05T14:17:37+00:00\",\"dateModified\":\"2026-03-09T10:48:30+00:00\",\"mainEntityOfPage\":{\"@id\":\"https:\\\/\\\/centrosira.org\\\/no-todo-esta-oscuro\\\/\"},\"wordCount\":665,\"commentCount\":0,\"publisher\":{\"@id\":\"https:\\\/\\\/centrosira.org\\\/#organization\"},\"image\":{\"@id\":\"https:\\\/\\\/centrosira.org\\\/no-todo-esta-oscuro\\\/#primaryimage\"},\"thumbnailUrl\":\"https:\\\/\\\/centrosira.org\\\/wp-content\\\/uploads\\\/2026\\\/03\\\/newsletter_3_foto_web_tiny_1.webp\",\"articleSection\":[\"Frontera Sur\",\"Otra mirada\",\"SIRA\"],\"inLanguage\":\"en-GB\",\"potentialAction\":[{\"@type\":\"CommentAction\",\"name\":\"Comment\",\"target\":[\"https:\\\/\\\/centrosira.org\\\/no-todo-esta-oscuro\\\/#respond\"]}]},{\"@type\":\"WebPage\",\"@id\":\"https:\\\/\\\/centrosira.org\\\/no-todo-esta-oscuro\\\/\",\"url\":\"https:\\\/\\\/centrosira.org\\\/no-todo-esta-oscuro\\\/\",\"name\":\"No todo est\u00e1 oscuro - Centro Sira\",\"isPartOf\":{\"@id\":\"https:\\\/\\\/centrosira.org\\\/#website\"},\"primaryImageOfPage\":{\"@id\":\"https:\\\/\\\/centrosira.org\\\/no-todo-esta-oscuro\\\/#primaryimage\"},\"image\":{\"@id\":\"https:\\\/\\\/centrosira.org\\\/no-todo-esta-oscuro\\\/#primaryimage\"},\"thumbnailUrl\":\"https:\\\/\\\/centrosira.org\\\/wp-content\\\/uploads\\\/2026\\\/03\\\/newsletter_3_foto_web_tiny_1.webp\",\"datePublished\":\"2026-03-05T14:17:37+00:00\",\"dateModified\":\"2026-03-09T10:48:30+00:00\",\"breadcrumb\":{\"@id\":\"https:\\\/\\\/centrosira.org\\\/no-todo-esta-oscuro\\\/#breadcrumb\"},\"inLanguage\":\"en-GB\",\"potentialAction\":[{\"@type\":\"ReadAction\",\"target\":[\"https:\\\/\\\/centrosira.org\\\/no-todo-esta-oscuro\\\/\"]}]},{\"@type\":\"ImageObject\",\"inLanguage\":\"en-GB\",\"@id\":\"https:\\\/\\\/centrosira.org\\\/no-todo-esta-oscuro\\\/#primaryimage\",\"url\":\"https:\\\/\\\/centrosira.org\\\/wp-content\\\/uploads\\\/2026\\\/03\\\/newsletter_3_foto_web_tiny_1.webp\",\"contentUrl\":\"https:\\\/\\\/centrosira.org\\\/wp-content\\\/uploads\\\/2026\\\/03\\\/newsletter_3_foto_web_tiny_1.webp\",\"width\":1920,\"height\":1080},{\"@type\":\"BreadcrumbList\",\"@id\":\"https:\\\/\\\/centrosira.org\\\/no-todo-esta-oscuro\\\/#breadcrumb\",\"itemListElement\":[{\"@type\":\"ListItem\",\"position\":1,\"name\":\"Portada\",\"item\":\"https:\\\/\\\/centrosira.org\\\/\"},{\"@type\":\"ListItem\",\"position\":2,\"name\":\"No todo est\u00e1 oscuro\"}]},{\"@type\":\"WebSite\",\"@id\":\"https:\\\/\\\/centrosira.org\\\/#website\",\"url\":\"https:\\\/\\\/centrosira.org\\\/\",\"name\":\"Centro Sira\",\"description\":\"\",\"publisher\":{\"@id\":\"https:\\\/\\\/centrosira.org\\\/#organization\"},\"alternateName\":\"Centro de Atenci\u00f3n a V\u00edctimas de Malos Tratos y Tortura\",\"potentialAction\":[{\"@type\":\"SearchAction\",\"target\":{\"@type\":\"EntryPoint\",\"urlTemplate\":\"https:\\\/\\\/centrosira.org\\\/?s={search_term_string}\"},\"query-input\":{\"@type\":\"PropertyValueSpecification\",\"valueRequired\":true,\"valueName\":\"search_term_string\"}}],\"inLanguage\":\"en-GB\"},{\"@type\":\"Organization\",\"@id\":\"https:\\\/\\\/centrosira.org\\\/#organization\",\"name\":\"Centro Sira\",\"alternateName\":\"Sira\",\"url\":\"https:\\\/\\\/centrosira.org\\\/\",\"logo\":{\"@type\":\"ImageObject\",\"inLanguage\":\"en-GB\",\"@id\":\"https:\\\/\\\/centrosira.org\\\/#\\\/schema\\\/logo\\\/image\\\/\",\"url\":null,\"contentUrl\":null,\"width\":null,\"height\":null,\"caption\":\"Centro Sira\"},\"image\":{\"@id\":\"https:\\\/\\\/centrosira.org\\\/#\\\/schema\\\/logo\\\/image\\\/\"},\"sameAs\":[\"https:\\\/\\\/www.facebook.com\\\/siracentro\",\"https:\\\/\\\/x.com\\\/sira_centro\",\"https:\\\/\\\/www.instagram.com\\\/sira_centro\\\/\",\"https:\\\/\\\/www.linkedin.com\\\/company\\\/sira-centro\\\/?originalSubdomain=es\",\"https:\\\/\\\/www.youtube.com\\\/@sira_centro\"]},{\"@type\":\"Person\",\"@id\":\"https:\\\/\\\/centrosira.org\\\/#\\\/schema\\\/person\\\/9815ff63267f2e2957c81988f684c7ba\",\"name\":\"Israel V\",\"image\":{\"@type\":\"ImageObject\",\"inLanguage\":\"en-GB\",\"@id\":\"https:\\\/\\\/secure.gravatar.com\\\/avatar\\\/b835441d5f77c22b9bbc6c394fca699d2d7dfd928f4ff56c43763984e664c8f2?s=96&d=mm&r=g\",\"url\":\"https:\\\/\\\/secure.gravatar.com\\\/avatar\\\/b835441d5f77c22b9bbc6c394fca699d2d7dfd928f4ff56c43763984e664c8f2?s=96&d=mm&r=g\",\"contentUrl\":\"https:\\\/\\\/secure.gravatar.com\\\/avatar\\\/b835441d5f77c22b9bbc6c394fca699d2d7dfd928f4ff56c43763984e664c8f2?s=96&d=mm&r=g\",\"caption\":\"Israel V\"},\"url\":\"https:\\\/\\\/centrosira.org\\\/en\\\/author\\\/contelob2892sira\\\/\"}]}<\/script>\n<!-- \/ Yoast SEO plugin. -->","yoast_head_json":{"title":"No todo est\u00e1 oscuro - Centro Sira","robots":{"index":"index","follow":"follow","max-snippet":"max-snippet:-1","max-image-preview":"max-image-preview:large","max-video-preview":"max-video-preview:-1"},"canonical":"https:\/\/centrosira.org\/en\/no-todo-esta-oscuro\/","og_locale":"en_GB","og_type":"article","og_title":"No todo est\u00e1 oscuro - Centro Sira","og_description":"ANDREA GAL\u00c1N SANTAMARINA Psic\u00f3loga del Centro Sir[a] Hace un a\u00f1o que publicamos junto al&nbsp;Grupo de Acci\u00f3n Comunitaria&nbsp;el informe \u201cLaberintos de tortura. Violencias e impactos en el tr\u00e1nsito migratorio desde \u00c1frica a Espa\u00f1a\u201d. Tras a\u00f1os atendiendo a personas supervivientes de esta ruta, desde el Centro Sir[a] decidimos recopilar sus voces para poder visibilizar las violencias y [&hellip;]","og_url":"https:\/\/centrosira.org\/en\/no-todo-esta-oscuro\/","og_site_name":"Centro Sira","article_publisher":"https:\/\/www.facebook.com\/siracentro","article_published_time":"2026-03-05T14:17:37+00:00","article_modified_time":"2026-03-09T10:48:30+00:00","og_image":[{"width":1920,"height":1080,"url":"https:\/\/centrosira.org\/wp-content\/uploads\/2026\/03\/newsletter_3_foto_web_tiny_1.webp","type":"image\/webp"}],"author":"Israel V","twitter_card":"summary_large_image","twitter_creator":"@sira_centro","twitter_site":"@sira_centro","twitter_misc":{"Written by":"Israel V","Estimated reading time":"3 minutes"},"schema":{"@context":"https:\/\/schema.org","@graph":[{"@type":"Article","@id":"https:\/\/centrosira.org\/no-todo-esta-oscuro\/#article","isPartOf":{"@id":"https:\/\/centrosira.org\/no-todo-esta-oscuro\/"},"author":{"name":"Israel V","@id":"https:\/\/centrosira.org\/#\/schema\/person\/9815ff63267f2e2957c81988f684c7ba"},"headline":"No todo est\u00e1 oscuro","datePublished":"2026-03-05T14:17:37+00:00","dateModified":"2026-03-09T10:48:30+00:00","mainEntityOfPage":{"@id":"https:\/\/centrosira.org\/no-todo-esta-oscuro\/"},"wordCount":665,"commentCount":0,"publisher":{"@id":"https:\/\/centrosira.org\/#organization"},"image":{"@id":"https:\/\/centrosira.org\/no-todo-esta-oscuro\/#primaryimage"},"thumbnailUrl":"https:\/\/centrosira.org\/wp-content\/uploads\/2026\/03\/newsletter_3_foto_web_tiny_1.webp","articleSection":["Frontera Sur","Otra mirada","SIRA"],"inLanguage":"en-GB","potentialAction":[{"@type":"CommentAction","name":"Comment","target":["https:\/\/centrosira.org\/no-todo-esta-oscuro\/#respond"]}]},{"@type":"WebPage","@id":"https:\/\/centrosira.org\/no-todo-esta-oscuro\/","url":"https:\/\/centrosira.org\/no-todo-esta-oscuro\/","name":"No todo est\u00e1 oscuro - Centro Sira","isPartOf":{"@id":"https:\/\/centrosira.org\/#website"},"primaryImageOfPage":{"@id":"https:\/\/centrosira.org\/no-todo-esta-oscuro\/#primaryimage"},"image":{"@id":"https:\/\/centrosira.org\/no-todo-esta-oscuro\/#primaryimage"},"thumbnailUrl":"https:\/\/centrosira.org\/wp-content\/uploads\/2026\/03\/newsletter_3_foto_web_tiny_1.webp","datePublished":"2026-03-05T14:17:37+00:00","dateModified":"2026-03-09T10:48:30+00:00","breadcrumb":{"@id":"https:\/\/centrosira.org\/no-todo-esta-oscuro\/#breadcrumb"},"inLanguage":"en-GB","potentialAction":[{"@type":"ReadAction","target":["https:\/\/centrosira.org\/no-todo-esta-oscuro\/"]}]},{"@type":"ImageObject","inLanguage":"en-GB","@id":"https:\/\/centrosira.org\/no-todo-esta-oscuro\/#primaryimage","url":"https:\/\/centrosira.org\/wp-content\/uploads\/2026\/03\/newsletter_3_foto_web_tiny_1.webp","contentUrl":"https:\/\/centrosira.org\/wp-content\/uploads\/2026\/03\/newsletter_3_foto_web_tiny_1.webp","width":1920,"height":1080},{"@type":"BreadcrumbList","@id":"https:\/\/centrosira.org\/no-todo-esta-oscuro\/#breadcrumb","itemListElement":[{"@type":"ListItem","position":1,"name":"Portada","item":"https:\/\/centrosira.org\/"},{"@type":"ListItem","position":2,"name":"No todo est\u00e1 oscuro"}]},{"@type":"WebSite","@id":"https:\/\/centrosira.org\/#website","url":"https:\/\/centrosira.org\/","name":"Sira Centre","description":"","publisher":{"@id":"https:\/\/centrosira.org\/#organization"},"alternateName":"Centro de Atenci\u00f3n a V\u00edctimas de Malos Tratos y Tortura","potentialAction":[{"@type":"SearchAction","target":{"@type":"EntryPoint","urlTemplate":"https:\/\/centrosira.org\/?s={search_term_string}"},"query-input":{"@type":"PropertyValueSpecification","valueRequired":true,"valueName":"search_term_string"}}],"inLanguage":"en-GB"},{"@type":"Organization","@id":"https:\/\/centrosira.org\/#organization","name":"Sira Centre","alternateName":"Sira","url":"https:\/\/centrosira.org\/","logo":{"@type":"ImageObject","inLanguage":"en-GB","@id":"https:\/\/centrosira.org\/#\/schema\/logo\/image\/","url":null,"contentUrl":null,"width":null,"height":null,"caption":"Centro Sira"},"image":{"@id":"https:\/\/centrosira.org\/#\/schema\/logo\/image\/"},"sameAs":["https:\/\/www.facebook.com\/siracentro","https:\/\/x.com\/sira_centro","https:\/\/www.instagram.com\/sira_centro\/","https:\/\/www.linkedin.com\/company\/sira-centro\/?originalSubdomain=es","https:\/\/www.youtube.com\/@sira_centro"]},{"@type":"Person","@id":"https:\/\/centrosira.org\/#\/schema\/person\/9815ff63267f2e2957c81988f684c7ba","name":"Israel V","image":{"@type":"ImageObject","inLanguage":"en-GB","@id":"https:\/\/secure.gravatar.com\/avatar\/b835441d5f77c22b9bbc6c394fca699d2d7dfd928f4ff56c43763984e664c8f2?s=96&d=mm&r=g","url":"https:\/\/secure.gravatar.com\/avatar\/b835441d5f77c22b9bbc6c394fca699d2d7dfd928f4ff56c43763984e664c8f2?s=96&d=mm&r=g","contentUrl":"https:\/\/secure.gravatar.com\/avatar\/b835441d5f77c22b9bbc6c394fca699d2d7dfd928f4ff56c43763984e664c8f2?s=96&d=mm&r=g","caption":"Israel V"},"url":"https:\/\/centrosira.org\/en\/author\/contelob2892sira\/"}]}},"_links":{"self":[{"href":"https:\/\/centrosira.org\/en\/wp-json\/wp\/v2\/posts\/814","targetHints":{"allow":["GET"]}}],"collection":[{"href":"https:\/\/centrosira.org\/en\/wp-json\/wp\/v2\/posts"}],"about":[{"href":"https:\/\/centrosira.org\/en\/wp-json\/wp\/v2\/types\/post"}],"author":[{"embeddable":true,"href":"https:\/\/centrosira.org\/en\/wp-json\/wp\/v2\/users\/3"}],"replies":[{"embeddable":true,"href":"https:\/\/centrosira.org\/en\/wp-json\/wp\/v2\/comments?post=814"}],"version-history":[{"count":2,"href":"https:\/\/centrosira.org\/en\/wp-json\/wp\/v2\/posts\/814\/revisions"}],"predecessor-version":[{"id":1016,"href":"https:\/\/centrosira.org\/en\/wp-json\/wp\/v2\/posts\/814\/revisions\/1016"}],"wp:featuredmedia":[{"embeddable":true,"href":"https:\/\/centrosira.org\/en\/wp-json\/wp\/v2\/media\/815"}],"wp:attachment":[{"href":"https:\/\/centrosira.org\/en\/wp-json\/wp\/v2\/media?parent=814"}],"wp:term":[{"taxonomy":"category","embeddable":true,"href":"https:\/\/centrosira.org\/en\/wp-json\/wp\/v2\/categories?post=814"},{"taxonomy":"post_tag","embeddable":true,"href":"https:\/\/centrosira.org\/en\/wp-json\/wp\/v2\/tags?post=814"}],"curies":[{"name":"wp","href":"https:\/\/api.w.org\/{rel}","templated":true}]}}