{"id":804,"date":"2026-03-05T14:10:37","date_gmt":"2026-03-05T13:10:37","guid":{"rendered":"https:\/\/centrosira.org\/?p=804"},"modified":"2026-03-09T11:49:17","modified_gmt":"2026-03-09T10:49:17","slug":"nahia-alkorta-violencia-obstetrica-espana-centro-sira","status":"publish","type":"post","link":"https:\/\/centrosira.org\/en\/nahia-alkorta-violencia-obstetrica-espana-centro-sira\/","title":{"rendered":"Sira provides expertise to a victim of obstetric violence in Spain, who brought her case to the UN"},"content":{"rendered":"<h3 class=\"wp-block-heading\">The UN Committee on the Elimination of Discrimination against Women agreed with her and urged Spain to adopt measures to eradicate obstetric violence.<\/h3>\n\n\n\n<h3 class=\"wp-block-heading\">We found post-traumatic symptoms, caused both by the experience of profound helplessness during childbirth, and by the lack of recognition from health and judicial institutions for more than 10 years<\/h3>\n\n\n\n<p>She and her lawyer began with a complaint against the Basque Country&#039;s health service, later moving on to the administrative courts, the High Court of Justice of the Basque Country, and the Constitutional Court. It was in 2022 that the&nbsp;<a href=\"https:\/\/www.ohchr.org\/es\/treaty-bodies\/cedaw\">CEDAW<\/a>&nbsp;The UN Committee on the Elimination of Discrimination against Women agrees with her and points out that throughout the process, the woman and her lawyer encountered \u201cgender stereotypes and discrimination\u201d.&nbsp;<\/p>\n\n\n\n<p>It was during this period that, in addition to the violence she suffered during childbirth, she also endured the impact of having demanded justice for over 10 years in Spain, without being heard or acknowledged. \u201cDuring the legal process in Spain, it was asserted that the doctor decided whether to perform a cesarean section and that the psychological damage she suffered was simply a matter of perception,\u201d says lawyer Francisca Fern\u00e1ndez Guill\u00e9n in an interview.&nbsp;<a href=\"https:\/\/www.eldiario.es\/sociedad\/mujer-detras-segunda-condena-espana-violencia-obstetrica-no-recuerdo-tres-meses-parto_1_9174030.html\">eldiario.es.&nbsp;<\/a><\/p>\n\n\n\n<p>As expert witnesses, and at the request of her lawyer, the Sira Center examined Nahia Alkorta&#039;s case to assess her current condition, her psychological and moral damages, and to determine the impact of the justice system&#039;s dysfunction on her life plans, within the context of her career in demanding accountability from the State. Currently, following a CEDAW request, Nahia is involved in a new legal process to seek redress from the Administration.&nbsp;&nbsp;<\/p>\n\n\n\n<h4 class=\"wp-block-heading\">Obstetric violence suffered during childbirth<\/h4>\n\n\n\n<p>During her first delivery, Nahia reports having suffered (1) excessive vaginal examinations during her dilation process; (2) her labor was induced without explanation; and (3) during labor, the doctors decided to perform a cesarean section without considering the couple&#039;s requests to wait for labor to progress naturally. According to her account, they were never informed about the risks of the intervention.<\/p>\n\n\n\n<p>The woman also alleges that her cesarean section was performed by (4) trainees, without any informed consent, and that once her son was born, he was (5) separated from her, even though there was no maternal or infant reason to justify it. (6) The baby is being bottle-fed, despite the family having expressed their intention to breastfeed. The mother&#039;s repeated requests to have her son released to her are ignored by the hospital staff.<\/p>\n\n\n\n<p><\/p>","protected":false},"excerpt":{"rendered":"<p>El Comit\u00e9 para la Eliminaci\u00f3n de la Discriminaci\u00f3n Contra la Mujer de la ONU le dio la raz\u00f3n e inst\u00f3 a Espa\u00f1a a adoptar medidas para erradicar la violencia obst\u00e9trica Encontramos sintomatolog\u00eda postraum\u00e1tica, provocada tanto por la vivencia de profunda indefensi\u00f3n durante el parto, como por la falta de reconocimiento por parte de las instituciones [&hellip;]<\/p>\n","protected":false},"author":3,"featured_media":805,"comment_status":"open","ping_status":"open","sticky":false,"template":"","format":"standard","meta":{"footnotes":""},"categories":[13,21,30],"tags":[],"class_list":["post-804","post","type-post","status-publish","format-standard","has-post-thumbnail","hentry","category-actualidad","category-periciales","category-violencia-de-genero"],"yoast_head":"<!-- This site is optimized with the Yoast SEO plugin v27.4 - https:\/\/yoast.com\/product\/yoast-seo-wordpress\/ -->\n<title>Sira perita a una v\u00edctima de violencia obst\u00e9trica en Espa\u00f1a, que elev\u00f3 su caso ante la ONU - Centro Sira<\/title>\n<meta name=\"robots\" content=\"index, follow, max-snippet:-1, max-image-preview:large, max-video-preview:-1\" \/>\n<link rel=\"canonical\" href=\"https:\/\/centrosira.org\/en\/nahia-alkorta-violencia-obstetrica-espana-centro-sira\/\" \/>\n<meta property=\"og:locale\" content=\"en_GB\" \/>\n<meta property=\"og:type\" content=\"article\" \/>\n<meta property=\"og:title\" content=\"Sira perita a una v\u00edctima de violencia obst\u00e9trica en Espa\u00f1a, que elev\u00f3 su caso ante la ONU - Centro Sira\" \/>\n<meta property=\"og:description\" content=\"El Comit\u00e9 para la Eliminaci\u00f3n de la Discriminaci\u00f3n Contra la Mujer de la ONU le dio la raz\u00f3n e inst\u00f3 a Espa\u00f1a a adoptar medidas para erradicar la violencia obst\u00e9trica Encontramos sintomatolog\u00eda postraum\u00e1tica, provocada tanto por la vivencia de profunda indefensi\u00f3n durante el parto, como por la falta de reconocimiento por parte de las instituciones [&hellip;]\" \/>\n<meta property=\"og:url\" content=\"https:\/\/centrosira.org\/en\/nahia-alkorta-violencia-obstetrica-espana-centro-sira\/\" \/>\n<meta property=\"og:site_name\" content=\"Centro Sira\" \/>\n<meta property=\"article:publisher\" content=\"https:\/\/www.facebook.com\/siracentro\" \/>\n<meta property=\"article:published_time\" content=\"2026-03-05T13:10:37+00:00\" \/>\n<meta property=\"article:modified_time\" content=\"2026-03-09T10:49:17+00:00\" \/>\n<meta property=\"og:image\" content=\"https:\/\/centrosira.org\/wp-content\/uploads\/2026\/03\/nahia_alkorta_centro_sira_peritaje_2_1.webp\" \/>\n\t<meta property=\"og:image:width\" content=\"1920\" \/>\n\t<meta property=\"og:image:height\" content=\"1080\" \/>\n\t<meta property=\"og:image:type\" content=\"image\/webp\" \/>\n<meta name=\"author\" content=\"Israel V\" \/>\n<meta name=\"twitter:card\" content=\"summary_large_image\" \/>\n<meta name=\"twitter:creator\" content=\"@sira_centro\" \/>\n<meta name=\"twitter:site\" content=\"@sira_centro\" \/>\n<meta name=\"twitter:label1\" content=\"Written by\" \/>\n\t<meta name=\"twitter:data1\" content=\"Israel V\" \/>\n\t<meta name=\"twitter:label2\" content=\"Estimated reading time\" \/>\n\t<meta name=\"twitter:data2\" content=\"3 minutes\" \/>\n<script type=\"application\/ld+json\" class=\"yoast-schema-graph\">{\"@context\":\"https:\\\/\\\/schema.org\",\"@graph\":[{\"@type\":\"Article\",\"@id\":\"https:\\\/\\\/centrosira.org\\\/nahia-alkorta-violencia-obstetrica-espana-centro-sira\\\/#article\",\"isPartOf\":{\"@id\":\"https:\\\/\\\/centrosira.org\\\/nahia-alkorta-violencia-obstetrica-espana-centro-sira\\\/\"},\"author\":{\"name\":\"Israel V\",\"@id\":\"https:\\\/\\\/centrosira.org\\\/#\\\/schema\\\/person\\\/9815ff63267f2e2957c81988f684c7ba\"},\"headline\":\"Sira perita a una v\u00edctima de violencia obst\u00e9trica en Espa\u00f1a, que elev\u00f3 su caso ante la ONU\",\"datePublished\":\"2026-03-05T13:10:37+00:00\",\"dateModified\":\"2026-03-09T10:49:17+00:00\",\"mainEntityOfPage\":{\"@id\":\"https:\\\/\\\/centrosira.org\\\/nahia-alkorta-violencia-obstetrica-espana-centro-sira\\\/\"},\"wordCount\":561,\"commentCount\":0,\"publisher\":{\"@id\":\"https:\\\/\\\/centrosira.org\\\/#organization\"},\"image\":{\"@id\":\"https:\\\/\\\/centrosira.org\\\/nahia-alkorta-violencia-obstetrica-espana-centro-sira\\\/#primaryimage\"},\"thumbnailUrl\":\"https:\\\/\\\/centrosira.org\\\/wp-content\\\/uploads\\\/2026\\\/03\\\/nahia_alkorta_centro_sira_peritaje_2_1.webp\",\"articleSection\":[\"Actualidad\",\"Periciales\",\"Violencia de g\u00e9nero\"],\"inLanguage\":\"en-GB\",\"potentialAction\":[{\"@type\":\"CommentAction\",\"name\":\"Comment\",\"target\":[\"https:\\\/\\\/centrosira.org\\\/nahia-alkorta-violencia-obstetrica-espana-centro-sira\\\/#respond\"]}]},{\"@type\":\"WebPage\",\"@id\":\"https:\\\/\\\/centrosira.org\\\/nahia-alkorta-violencia-obstetrica-espana-centro-sira\\\/\",\"url\":\"https:\\\/\\\/centrosira.org\\\/nahia-alkorta-violencia-obstetrica-espana-centro-sira\\\/\",\"name\":\"Sira perita a una v\u00edctima de violencia obst\u00e9trica en Espa\u00f1a, que elev\u00f3 su caso ante la ONU - Centro Sira\",\"isPartOf\":{\"@id\":\"https:\\\/\\\/centrosira.org\\\/#website\"},\"primaryImageOfPage\":{\"@id\":\"https:\\\/\\\/centrosira.org\\\/nahia-alkorta-violencia-obstetrica-espana-centro-sira\\\/#primaryimage\"},\"image\":{\"@id\":\"https:\\\/\\\/centrosira.org\\\/nahia-alkorta-violencia-obstetrica-espana-centro-sira\\\/#primaryimage\"},\"thumbnailUrl\":\"https:\\\/\\\/centrosira.org\\\/wp-content\\\/uploads\\\/2026\\\/03\\\/nahia_alkorta_centro_sira_peritaje_2_1.webp\",\"datePublished\":\"2026-03-05T13:10:37+00:00\",\"dateModified\":\"2026-03-09T10:49:17+00:00\",\"breadcrumb\":{\"@id\":\"https:\\\/\\\/centrosira.org\\\/nahia-alkorta-violencia-obstetrica-espana-centro-sira\\\/#breadcrumb\"},\"inLanguage\":\"en-GB\",\"potentialAction\":[{\"@type\":\"ReadAction\",\"target\":[\"https:\\\/\\\/centrosira.org\\\/nahia-alkorta-violencia-obstetrica-espana-centro-sira\\\/\"]}]},{\"@type\":\"ImageObject\",\"inLanguage\":\"en-GB\",\"@id\":\"https:\\\/\\\/centrosira.org\\\/nahia-alkorta-violencia-obstetrica-espana-centro-sira\\\/#primaryimage\",\"url\":\"https:\\\/\\\/centrosira.org\\\/wp-content\\\/uploads\\\/2026\\\/03\\\/nahia_alkorta_centro_sira_peritaje_2_1.webp\",\"contentUrl\":\"https:\\\/\\\/centrosira.org\\\/wp-content\\\/uploads\\\/2026\\\/03\\\/nahia_alkorta_centro_sira_peritaje_2_1.webp\",\"width\":1920,\"height\":1080},{\"@type\":\"BreadcrumbList\",\"@id\":\"https:\\\/\\\/centrosira.org\\\/nahia-alkorta-violencia-obstetrica-espana-centro-sira\\\/#breadcrumb\",\"itemListElement\":[{\"@type\":\"ListItem\",\"position\":1,\"name\":\"Portada\",\"item\":\"https:\\\/\\\/centrosira.org\\\/\"},{\"@type\":\"ListItem\",\"position\":2,\"name\":\"Sira perita a una v\u00edctima de violencia obst\u00e9trica en Espa\u00f1a, que elev\u00f3 su caso ante la ONU\"}]},{\"@type\":\"WebSite\",\"@id\":\"https:\\\/\\\/centrosira.org\\\/#website\",\"url\":\"https:\\\/\\\/centrosira.org\\\/\",\"name\":\"Centro Sira\",\"description\":\"\",\"publisher\":{\"@id\":\"https:\\\/\\\/centrosira.org\\\/#organization\"},\"alternateName\":\"Centro de Atenci\u00f3n a V\u00edctimas de Malos Tratos y Tortura\",\"potentialAction\":[{\"@type\":\"SearchAction\",\"target\":{\"@type\":\"EntryPoint\",\"urlTemplate\":\"https:\\\/\\\/centrosira.org\\\/?s={search_term_string}\"},\"query-input\":{\"@type\":\"PropertyValueSpecification\",\"valueRequired\":true,\"valueName\":\"search_term_string\"}}],\"inLanguage\":\"en-GB\"},{\"@type\":\"Organization\",\"@id\":\"https:\\\/\\\/centrosira.org\\\/#organization\",\"name\":\"Centro Sira\",\"alternateName\":\"Sira\",\"url\":\"https:\\\/\\\/centrosira.org\\\/\",\"logo\":{\"@type\":\"ImageObject\",\"inLanguage\":\"en-GB\",\"@id\":\"https:\\\/\\\/centrosira.org\\\/#\\\/schema\\\/logo\\\/image\\\/\",\"url\":null,\"contentUrl\":null,\"width\":null,\"height\":null,\"caption\":\"Centro Sira\"},\"image\":{\"@id\":\"https:\\\/\\\/centrosira.org\\\/#\\\/schema\\\/logo\\\/image\\\/\"},\"sameAs\":[\"https:\\\/\\\/www.facebook.com\\\/siracentro\",\"https:\\\/\\\/x.com\\\/sira_centro\",\"https:\\\/\\\/www.instagram.com\\\/sira_centro\\\/\",\"https:\\\/\\\/www.linkedin.com\\\/company\\\/sira-centro\\\/?originalSubdomain=es\",\"https:\\\/\\\/www.youtube.com\\\/@sira_centro\"]},{\"@type\":\"Person\",\"@id\":\"https:\\\/\\\/centrosira.org\\\/#\\\/schema\\\/person\\\/9815ff63267f2e2957c81988f684c7ba\",\"name\":\"Israel V\",\"image\":{\"@type\":\"ImageObject\",\"inLanguage\":\"en-GB\",\"@id\":\"https:\\\/\\\/secure.gravatar.com\\\/avatar\\\/b835441d5f77c22b9bbc6c394fca699d2d7dfd928f4ff56c43763984e664c8f2?s=96&d=mm&r=g\",\"url\":\"https:\\\/\\\/secure.gravatar.com\\\/avatar\\\/b835441d5f77c22b9bbc6c394fca699d2d7dfd928f4ff56c43763984e664c8f2?s=96&d=mm&r=g\",\"contentUrl\":\"https:\\\/\\\/secure.gravatar.com\\\/avatar\\\/b835441d5f77c22b9bbc6c394fca699d2d7dfd928f4ff56c43763984e664c8f2?s=96&d=mm&r=g\",\"caption\":\"Israel V\"},\"url\":\"https:\\\/\\\/centrosira.org\\\/en\\\/author\\\/contelob2892sira\\\/\"}]}<\/script>\n<!-- \/ Yoast SEO plugin. -->","yoast_head_json":{"title":"Sira perita a una v\u00edctima de violencia obst\u00e9trica en Espa\u00f1a, que elev\u00f3 su caso ante la ONU - Centro Sira","robots":{"index":"index","follow":"follow","max-snippet":"max-snippet:-1","max-image-preview":"max-image-preview:large","max-video-preview":"max-video-preview:-1"},"canonical":"https:\/\/centrosira.org\/en\/nahia-alkorta-violencia-obstetrica-espana-centro-sira\/","og_locale":"en_GB","og_type":"article","og_title":"Sira perita a una v\u00edctima de violencia obst\u00e9trica en Espa\u00f1a, que elev\u00f3 su caso ante la ONU - Centro Sira","og_description":"El Comit\u00e9 para la Eliminaci\u00f3n de la Discriminaci\u00f3n Contra la Mujer de la ONU le dio la raz\u00f3n e inst\u00f3 a Espa\u00f1a a adoptar medidas para erradicar la violencia obst\u00e9trica Encontramos sintomatolog\u00eda postraum\u00e1tica, provocada tanto por la vivencia de profunda indefensi\u00f3n durante el parto, como por la falta de reconocimiento por parte de las instituciones [&hellip;]","og_url":"https:\/\/centrosira.org\/en\/nahia-alkorta-violencia-obstetrica-espana-centro-sira\/","og_site_name":"Centro Sira","article_publisher":"https:\/\/www.facebook.com\/siracentro","article_published_time":"2026-03-05T13:10:37+00:00","article_modified_time":"2026-03-09T10:49:17+00:00","og_image":[{"width":1920,"height":1080,"url":"https:\/\/centrosira.org\/wp-content\/uploads\/2026\/03\/nahia_alkorta_centro_sira_peritaje_2_1.webp","type":"image\/webp"}],"author":"Israel V","twitter_card":"summary_large_image","twitter_creator":"@sira_centro","twitter_site":"@sira_centro","twitter_misc":{"Written by":"Israel V","Estimated reading time":"3 minutes"},"schema":{"@context":"https:\/\/schema.org","@graph":[{"@type":"Article","@id":"https:\/\/centrosira.org\/nahia-alkorta-violencia-obstetrica-espana-centro-sira\/#article","isPartOf":{"@id":"https:\/\/centrosira.org\/nahia-alkorta-violencia-obstetrica-espana-centro-sira\/"},"author":{"name":"Israel V","@id":"https:\/\/centrosira.org\/#\/schema\/person\/9815ff63267f2e2957c81988f684c7ba"},"headline":"Sira perita a una v\u00edctima de violencia obst\u00e9trica en Espa\u00f1a, que elev\u00f3 su caso ante la ONU","datePublished":"2026-03-05T13:10:37+00:00","dateModified":"2026-03-09T10:49:17+00:00","mainEntityOfPage":{"@id":"https:\/\/centrosira.org\/nahia-alkorta-violencia-obstetrica-espana-centro-sira\/"},"wordCount":561,"commentCount":0,"publisher":{"@id":"https:\/\/centrosira.org\/#organization"},"image":{"@id":"https:\/\/centrosira.org\/nahia-alkorta-violencia-obstetrica-espana-centro-sira\/#primaryimage"},"thumbnailUrl":"https:\/\/centrosira.org\/wp-content\/uploads\/2026\/03\/nahia_alkorta_centro_sira_peritaje_2_1.webp","articleSection":["Actualidad","Periciales","Violencia de g\u00e9nero"],"inLanguage":"en-GB","potentialAction":[{"@type":"CommentAction","name":"Comment","target":["https:\/\/centrosira.org\/nahia-alkorta-violencia-obstetrica-espana-centro-sira\/#respond"]}]},{"@type":"WebPage","@id":"https:\/\/centrosira.org\/nahia-alkorta-violencia-obstetrica-espana-centro-sira\/","url":"https:\/\/centrosira.org\/nahia-alkorta-violencia-obstetrica-espana-centro-sira\/","name":"Sira perita a una v\u00edctima de violencia obst\u00e9trica en Espa\u00f1a, que elev\u00f3 su caso ante la ONU - Centro Sira","isPartOf":{"@id":"https:\/\/centrosira.org\/#website"},"primaryImageOfPage":{"@id":"https:\/\/centrosira.org\/nahia-alkorta-violencia-obstetrica-espana-centro-sira\/#primaryimage"},"image":{"@id":"https:\/\/centrosira.org\/nahia-alkorta-violencia-obstetrica-espana-centro-sira\/#primaryimage"},"thumbnailUrl":"https:\/\/centrosira.org\/wp-content\/uploads\/2026\/03\/nahia_alkorta_centro_sira_peritaje_2_1.webp","datePublished":"2026-03-05T13:10:37+00:00","dateModified":"2026-03-09T10:49:17+00:00","breadcrumb":{"@id":"https:\/\/centrosira.org\/nahia-alkorta-violencia-obstetrica-espana-centro-sira\/#breadcrumb"},"inLanguage":"en-GB","potentialAction":[{"@type":"ReadAction","target":["https:\/\/centrosira.org\/nahia-alkorta-violencia-obstetrica-espana-centro-sira\/"]}]},{"@type":"ImageObject","inLanguage":"en-GB","@id":"https:\/\/centrosira.org\/nahia-alkorta-violencia-obstetrica-espana-centro-sira\/#primaryimage","url":"https:\/\/centrosira.org\/wp-content\/uploads\/2026\/03\/nahia_alkorta_centro_sira_peritaje_2_1.webp","contentUrl":"https:\/\/centrosira.org\/wp-content\/uploads\/2026\/03\/nahia_alkorta_centro_sira_peritaje_2_1.webp","width":1920,"height":1080},{"@type":"BreadcrumbList","@id":"https:\/\/centrosira.org\/nahia-alkorta-violencia-obstetrica-espana-centro-sira\/#breadcrumb","itemListElement":[{"@type":"ListItem","position":1,"name":"Portada","item":"https:\/\/centrosira.org\/"},{"@type":"ListItem","position":2,"name":"Sira perita a una v\u00edctima de violencia obst\u00e9trica en Espa\u00f1a, que elev\u00f3 su caso ante la ONU"}]},{"@type":"WebSite","@id":"https:\/\/centrosira.org\/#website","url":"https:\/\/centrosira.org\/","name":"Sira Centre","description":"","publisher":{"@id":"https:\/\/centrosira.org\/#organization"},"alternateName":"Centro de Atenci\u00f3n a V\u00edctimas de Malos Tratos y Tortura","potentialAction":[{"@type":"SearchAction","target":{"@type":"EntryPoint","urlTemplate":"https:\/\/centrosira.org\/?s={search_term_string}"},"query-input":{"@type":"PropertyValueSpecification","valueRequired":true,"valueName":"search_term_string"}}],"inLanguage":"en-GB"},{"@type":"Organization","@id":"https:\/\/centrosira.org\/#organization","name":"Sira Centre","alternateName":"Sira","url":"https:\/\/centrosira.org\/","logo":{"@type":"ImageObject","inLanguage":"en-GB","@id":"https:\/\/centrosira.org\/#\/schema\/logo\/image\/","url":null,"contentUrl":null,"width":null,"height":null,"caption":"Centro Sira"},"image":{"@id":"https:\/\/centrosira.org\/#\/schema\/logo\/image\/"},"sameAs":["https:\/\/www.facebook.com\/siracentro","https:\/\/x.com\/sira_centro","https:\/\/www.instagram.com\/sira_centro\/","https:\/\/www.linkedin.com\/company\/sira-centro\/?originalSubdomain=es","https:\/\/www.youtube.com\/@sira_centro"]},{"@type":"Person","@id":"https:\/\/centrosira.org\/#\/schema\/person\/9815ff63267f2e2957c81988f684c7ba","name":"Israel V","image":{"@type":"ImageObject","inLanguage":"en-GB","@id":"https:\/\/secure.gravatar.com\/avatar\/b835441d5f77c22b9bbc6c394fca699d2d7dfd928f4ff56c43763984e664c8f2?s=96&d=mm&r=g","url":"https:\/\/secure.gravatar.com\/avatar\/b835441d5f77c22b9bbc6c394fca699d2d7dfd928f4ff56c43763984e664c8f2?s=96&d=mm&r=g","contentUrl":"https:\/\/secure.gravatar.com\/avatar\/b835441d5f77c22b9bbc6c394fca699d2d7dfd928f4ff56c43763984e664c8f2?s=96&d=mm&r=g","caption":"Israel V"},"url":"https:\/\/centrosira.org\/en\/author\/contelob2892sira\/"}]}},"_links":{"self":[{"href":"https:\/\/centrosira.org\/en\/wp-json\/wp\/v2\/posts\/804","targetHints":{"allow":["GET"]}}],"collection":[{"href":"https:\/\/centrosira.org\/en\/wp-json\/wp\/v2\/posts"}],"about":[{"href":"https:\/\/centrosira.org\/en\/wp-json\/wp\/v2\/types\/post"}],"author":[{"embeddable":true,"href":"https:\/\/centrosira.org\/en\/wp-json\/wp\/v2\/users\/3"}],"replies":[{"embeddable":true,"href":"https:\/\/centrosira.org\/en\/wp-json\/wp\/v2\/comments?post=804"}],"version-history":[{"count":2,"href":"https:\/\/centrosira.org\/en\/wp-json\/wp\/v2\/posts\/804\/revisions"}],"predecessor-version":[{"id":1010,"href":"https:\/\/centrosira.org\/en\/wp-json\/wp\/v2\/posts\/804\/revisions\/1010"}],"wp:featuredmedia":[{"embeddable":true,"href":"https:\/\/centrosira.org\/en\/wp-json\/wp\/v2\/media\/805"}],"wp:attachment":[{"href":"https:\/\/centrosira.org\/en\/wp-json\/wp\/v2\/media?parent=804"}],"wp:term":[{"taxonomy":"category","embeddable":true,"href":"https:\/\/centrosira.org\/en\/wp-json\/wp\/v2\/categories?post=804"},{"taxonomy":"post_tag","embeddable":true,"href":"https:\/\/centrosira.org\/en\/wp-json\/wp\/v2\/tags?post=804"}],"curies":[{"name":"wp","href":"https:\/\/api.w.org\/{rel}","templated":true}]}}