{"id":748,"date":"2026-03-05T11:57:10","date_gmt":"2026-03-05T10:57:10","guid":{"rendered":"https:\/\/centrosira.org\/?p=748"},"modified":"2026-03-09T11:54:28","modified_gmt":"2026-03-09T10:54:28","slug":"infancias-migrantes-asilo-migraciones-acogida","status":"publish","type":"post","link":"https:\/\/centrosira.org\/en\/infancias-migrantes-asilo-migraciones-acogida\/","title":{"rendered":"Gabriela L\u00f3pez: \u201cDebemos desarrollar estrategias que reduzcan la incertidumbre de las infancias migrantes no acompa\u00f1adas\u201d"},"content":{"rendered":"<h3 class=\"wp-block-heading\">La coordinadora del Centro Sira participa en una jornada dedicada a la atenci\u00f3n de las infancias migrantes no acompa\u00f1adas y separadas, con necesidad de protecci\u00f3n internacional en Espa\u00f1a.<\/h3>\n\n\n\n<h3 class=\"wp-block-heading\">El evento, organizado por el Centro de Innovaci\u00f3n del Derecho (CID \u2013 ICADE) de la Universidad Pontificia Comillas, gir\u00f3 en torno a la presentaci\u00f3n del libro \u201cEstudio jur\u00eddico sobre infancia no acompa\u00f1ada y separada con necesidad de protecci\u00f3n internacional en Espa\u00f1a\u201d.<\/h3>\n\n\n\n<p>La infraestructura migratoria se construye entre la confusi\u00f3n y el cambio constante, y esto afecta especialmente a las infancias migrantes no acompa\u00f1adas que, en su camino como solicitantes de protecci\u00f3n internacional, se enfrentan a obst\u00e1culos que no corresponden a su edad. Lo explica&nbsp;<strong>Gabriela L\u00f3pez Neyra<\/strong>, coordinadora del Centro Sira, en una jornada organizada por la&nbsp;<a href=\"https:\/\/www.comillas.edu\/\">Universidad Pontificia Comillas<\/a>. Entre sus intervenciones, la psic\u00f3loga destac\u00f3 que es imprescindible que los equipos t\u00e9cnicos desarrollen estrategias que sirvan para reducir y gestionar la&nbsp;<strong>uncertainty<\/strong>. \u201cAcompa\u00f1ar a las infancias migrantes no acompa\u00f1adas conlleva asumir nuestra responsabilidad como personas adultas\u201d, se\u00f1ala.<\/p>\n\n\n\n<p>Para L\u00f3pez, en tanto que adultos, los esfuerzos en la atenci\u00f3n deben ir dirigidos a alivianar&nbsp;la carga&nbsp;que se deposita sobre las ni\u00f1as, ni\u00f1os y adolescentes. Esto implica, entre otras acciones, acompa\u00f1arles en la toma de decisiones sin restarles agencia; adaptar herramientas que faciliten los procesos burocr\u00e1ticos; y, sobre todo, respetar la individualidad y el contexto de cada joven, dependiendo de su etapa vital y madurativa.<\/p>\n\n\n\n<figure class=\"wp-block-image size-large\" style=\"margin-top:50px;margin-bottom:50px\"><img fetchpriority=\"high\" decoding=\"async\" width=\"1024\" height=\"576\" src=\"https:\/\/centrosira.org\/wp-content\/uploads\/2026\/03\/gabriela_lopez_infancias_migrantes_no_acompanadas_1-1-1024x576.webp\" alt=\"\" class=\"wp-image-750\" srcset=\"https:\/\/centrosira.org\/wp-content\/uploads\/2026\/03\/gabriela_lopez_infancias_migrantes_no_acompanadas_1-1-1024x576.webp 1024w, https:\/\/centrosira.org\/wp-content\/uploads\/2026\/03\/gabriela_lopez_infancias_migrantes_no_acompanadas_1-1-300x169.webp 300w, https:\/\/centrosira.org\/wp-content\/uploads\/2026\/03\/gabriela_lopez_infancias_migrantes_no_acompanadas_1-1-768x432.webp 768w, https:\/\/centrosira.org\/wp-content\/uploads\/2026\/03\/gabriela_lopez_infancias_migrantes_no_acompanadas_1-1-1536x864.webp 1536w, https:\/\/centrosira.org\/wp-content\/uploads\/2026\/03\/gabriela_lopez_infancias_migrantes_no_acompanadas_1-1-18x10.webp 18w, https:\/\/centrosira.org\/wp-content\/uploads\/2026\/03\/gabriela_lopez_infancias_migrantes_no_acompanadas_1-1.webp 1920w\" sizes=\"(max-width: 1024px) 100vw, 1024px\" \/><\/figure>\n\n\n\n<h4 class=\"wp-block-heading has-text-align-right\">De izq. a derecha, Gabriela L\u00f3pez (Centro Sira); Paloma Torres (MEDUSA) y Nadia Garrido (Aldeas Infantiles).<\/h4>\n\n\n\n<h3 class=\"wp-block-heading\">Seguridad integral<\/h3>\n\n\n\n<p>A ra\u00edz de su experiencia acompa\u00f1ando a personas en movimiento, la psic\u00f3loga insiste en la necesidad de que el sistema de acogida, y los profesionales que aqu\u00ed se desempe\u00f1an, tengan como prioridad ofrecer un espacio que ofrezca&nbsp;<strong>seguridad integral<\/strong>&nbsp;a las infancias migrantes no acompa\u00f1adas. Es decir, un contexto que (1) evite situaciones de discriminaci\u00f3n y violencia; que ofrezca (2) una estabilidad temporal; y que garantice una seguridad afectiva, (3) que promueva v\u00ednculos con l\u00edmites claros e incondicionales y, sobre todo, no supeditados al&nbsp;<strong>comportamiento<\/strong>.<\/p>\n\n\n\n<p>Por \u00faltimo, L\u00f3pez apunta a que las profesionales deben (4) consolidar espacios que fomenten el refuerzo en lugar del castigo, trabajando desde la curiosidad y la aceptaci\u00f3n sin juicio. \u201cUn modelo que permita visibilizar la singularidad de cada persona y que integre dimensiones relevantes para las infancias migrantes, como puede ser de la espiritualidad\u201d, apunta. Gabriela enfatiza que la cultura puede ejercer aqu\u00ed como un mecanismo protector, que debe incluirse en el proceso de acompa\u00f1amiento. En relaci\u00f3n con esto, advierte: \u201cuna ruptura tan temprana con el bagaje cultural del que proviene cada ni\u00f1o o ni\u00f1a podr\u00eda suponer una ruptura irreversible\u201d.<\/p>\n\n\n\n<div class=\"wp-block-group is-vertical is-layout-flex wp-container-core-group-is-layout-fe9cc265 wp-block-group-is-layout-flex\">\n<div class=\"wp-block-group is-nowrap is-layout-flex wp-container-core-group-is-layout-6c531013 wp-block-group-is-layout-flex\">\n<div class=\"wp-block-group is-vertical is-layout-flex wp-container-core-group-is-layout-fe9cc265 wp-block-group-is-layout-flex\">\n<div class=\"wp-block-group is-vertical is-layout-flex wp-container-core-group-is-layout-fe9cc265 wp-block-group-is-layout-flex\">\n<h3 class=\"wp-block-heading\">Salud mental<\/h3>\n\n\n\n<p>Gabriela L\u00f3pez advierte que, cuando se trata de infancias no acompa\u00f1adas, es habitual encontrar diagn\u00f3sticos relacionados con trastornos de conducta y muy pocas veces con impactos postraum\u00e1ticos. Seg\u00fan apunta, poner el foco en los comportamientos disruptivos, y no en el impacto que pudo haber desencadenado esas manifestaciones, pone en peligro el bienestar emocional y ps\u00edquico de las infancias migrantes. \u201cCuando hablamos de migraci\u00f3n, sobre todo en los casos en los que \u00e9sta es forzada, podr\u00edamos hablar de un proceso de duelo, de choque traum\u00e1tico y de adaptaci\u00f3n\u201d, se\u00f1ala.<\/p>\n\n\n\n<p>Para la psic\u00f3loga del Centro Sira, el trabajo con j\u00f3venes puede dividirse en diferentes fases encaminadas a mejorar su bienestar. En primer lugar, (1) la integraci\u00f3n y la elaboraci\u00f3n de lo ocurrido; luego, (2) reparar los posibles da\u00f1os que la experiencia haya podido provocar; y, despu\u00e9s, (3) reconstruir el sistema de referencia afectivo y de seguridad de la persona.&nbsp; Por \u00faltimo, fomentar que infancias y j\u00f3venes puedan vivir su ni\u00f1ez y adolescencia plenamente, para poder desarrollarse como personas adultas.<\/p>\n<\/div>\n<\/div>\n\n\n\n<div class=\"wp-block-group is-vertical is-layout-flex wp-container-core-group-is-layout-fe9cc265 wp-block-group-is-layout-flex\">\n<div class=\"wp-block-group is-vertical is-layout-flex wp-container-core-group-is-layout-fe9cc265 wp-block-group-is-layout-flex\">\n<figure class=\"wp-block-image size-full\"><img decoding=\"async\" width=\"1131\" height=\"1600\" src=\"https:\/\/centrosira.org\/wp-content\/uploads\/2026\/03\/infancias_migrantes_no_acompanadas_centro_sira_comillas_1.webp\" class=\"wp-image-751\" srcset=\"https:\/\/centrosira.org\/wp-content\/uploads\/2026\/03\/infancias_migrantes_no_acompanadas_centro_sira_comillas_1.webp 1131w, https:\/\/centrosira.org\/wp-content\/uploads\/2026\/03\/infancias_migrantes_no_acompanadas_centro_sira_comillas_1-212x300.webp 212w, https:\/\/centrosira.org\/wp-content\/uploads\/2026\/03\/infancias_migrantes_no_acompanadas_centro_sira_comillas_1-724x1024.webp 724w, https:\/\/centrosira.org\/wp-content\/uploads\/2026\/03\/infancias_migrantes_no_acompanadas_centro_sira_comillas_1-768x1086.webp 768w, https:\/\/centrosira.org\/wp-content\/uploads\/2026\/03\/infancias_migrantes_no_acompanadas_centro_sira_comillas_1-1086x1536.webp 1086w, https:\/\/centrosira.org\/wp-content\/uploads\/2026\/03\/infancias_migrantes_no_acompanadas_centro_sira_comillas_1-8x12.webp 8w\" sizes=\"(max-width: 1131px) 100vw, 1131px\" \/><\/figure>\n\n\n\n<h4 class=\"wp-block-heading\">Cartel del evento organizado por el Centro de Innovaci\u00f3n del Derecho (CID \u2013 ICADE) de la Universidad Pontificia Comillas.<\/h4>\n<\/div>\n<\/div>\n<\/div>\n<\/div>\n\n\n\n<h3 class=\"wp-block-heading\">Soluciones duraderas<\/h3>\n\n\n\n<p>La jornada, organizada por el Centro de Innovaci\u00f3n del Derecho (CID \u2013 ICADE) de la Universidad Pontificia Comillas, gir\u00f3 en torno a la presentaci\u00f3n del libro \u201c<a href=\"https:\/\/www.lajuridica.es\/estudio-juridico-sobre-infancia-no-acompanada-y-separada-con-necesidad-de-proteccion-internacional-en-espana-9788411624916\/\">Estudio jur\u00eddico sobre infancia no acompa\u00f1ada y separada con necesidad de protecci\u00f3n internacional en Espa\u00f1a<\/a>\u201d y sirvi\u00f3 como un espacio de&nbsp;<strong>reflexi\u00f3n cr\u00edtica<\/strong>, que cont\u00f3 con&nbsp;<a href=\"https:\/\/eventos.comillas.edu\/117652\/detail\/infancia-no-acompanada-y-proteccion-internacional.html\">profesionales de diferentes \u00e1mbitos<\/a>&nbsp;que se desarrollan en este sector.<\/p>\n\n\n\n<p>De este conversatorio, surgieron 4 grandes propuestas para el futuro:<\/p>\n\n\n\n<ul class=\"wp-block-list\">\n<li>Consolidar equipos y mecanismos multidisciplinares para una identificaci\u00f3n hol\u00edstica e interseccional.<\/li>\n\n\n\n<li>Respetar el tiempo y adaptaci\u00f3n de las infancias, para que puedan comprender el contexto en el que se encuentran y puedan colaborar con las v\u00edas de protecci\u00f3n existentes.<\/li>\n\n\n\n<li>Desarrollar y adaptar los sistemas de protecci\u00f3n a las necesidades concretas de las infancias migrantes no acompa\u00f1adas y separadas.<\/li>\n\n\n\n<li>Contar con una mayor inversi\u00f3n y mejor preparaci\u00f3n de los equipos responsables y t\u00e9cnicos, acompa\u00f1ado de voluntad pol\u00edtica. Apostar por mayor formaci\u00f3n y estabilidad de estos equipos<\/li>\n<\/ul>","protected":false},"excerpt":{"rendered":"<p>La coordinadora del Centro Sira participa en una jornada dedicada a la atenci\u00f3n de las infancias migrantes no acompa\u00f1adas y separadas, con necesidad de protecci\u00f3n internacional en Espa\u00f1a. El evento, organizado por el Centro de Innovaci\u00f3n del Derecho (CID \u2013 ICADE) de la Universidad Pontificia Comillas, gir\u00f3 en torno a la presentaci\u00f3n del libro \u201cEstudio [&hellip;]<\/p>\n","protected":false},"author":3,"featured_media":749,"comment_status":"open","ping_status":"open","sticky":false,"template":"","format":"standard","meta":{"footnotes":""},"categories":[13,22],"tags":[],"class_list":["post-748","post","type-post","status-publish","format-standard","has-post-thumbnail","hentry","category-actualidad","category-formaciones"],"yoast_head":"<!-- This site is optimized with the Yoast SEO plugin v27.4 - https:\/\/yoast.com\/product\/yoast-seo-wordpress\/ -->\n<title>Gabriela L\u00f3pez: \u201cDebemos desarrollar estrategias que reduzcan la incertidumbre de las infancias migrantes no acompa\u00f1adas\u201d - Centro Sira<\/title>\n<meta name=\"robots\" content=\"index, follow, max-snippet:-1, max-image-preview:large, max-video-preview:-1\" \/>\n<link rel=\"canonical\" href=\"https:\/\/centrosira.org\/en\/infancias-migrantes-asilo-migraciones-acogida\/\" \/>\n<meta property=\"og:locale\" content=\"en_GB\" \/>\n<meta property=\"og:type\" content=\"article\" \/>\n<meta property=\"og:title\" content=\"Gabriela L\u00f3pez: \u201cDebemos desarrollar estrategias que reduzcan la incertidumbre de las infancias migrantes no acompa\u00f1adas\u201d - Centro Sira\" \/>\n<meta property=\"og:description\" content=\"La coordinadora del Centro Sira participa en una jornada dedicada a la atenci\u00f3n de las infancias migrantes no acompa\u00f1adas y separadas, con necesidad de protecci\u00f3n internacional en Espa\u00f1a. El evento, organizado por el Centro de Innovaci\u00f3n del Derecho (CID \u2013 ICADE) de la Universidad Pontificia Comillas, gir\u00f3 en torno a la presentaci\u00f3n del libro \u201cEstudio [&hellip;]\" \/>\n<meta property=\"og:url\" content=\"https:\/\/centrosira.org\/en\/infancias-migrantes-asilo-migraciones-acogida\/\" \/>\n<meta property=\"og:site_name\" content=\"Centro Sira\" \/>\n<meta property=\"article:publisher\" content=\"https:\/\/www.facebook.com\/siracentro\" \/>\n<meta property=\"article:published_time\" content=\"2026-03-05T10:57:10+00:00\" \/>\n<meta property=\"article:modified_time\" content=\"2026-03-09T10:54:28+00:00\" \/>\n<meta property=\"og:image\" content=\"https:\/\/centrosira.org\/wp-content\/uploads\/2026\/03\/gabriela_lopez_infancias_migrantes_no_acompanadas_1.webp\" \/>\n\t<meta property=\"og:image:width\" content=\"1920\" \/>\n\t<meta property=\"og:image:height\" content=\"1080\" \/>\n\t<meta property=\"og:image:type\" content=\"image\/webp\" \/>\n<meta name=\"author\" content=\"Israel V\" \/>\n<meta name=\"twitter:card\" content=\"summary_large_image\" \/>\n<meta name=\"twitter:creator\" content=\"@sira_centro\" \/>\n<meta name=\"twitter:site\" content=\"@sira_centro\" \/>\n<meta name=\"twitter:label1\" content=\"Written by\" \/>\n\t<meta name=\"twitter:data1\" content=\"Israel V\" \/>\n\t<meta name=\"twitter:label2\" content=\"Estimated reading time\" \/>\n\t<meta name=\"twitter:data2\" content=\"5 minutes\" \/>\n<script type=\"application\/ld+json\" class=\"yoast-schema-graph\">{\"@context\":\"https:\\\/\\\/schema.org\",\"@graph\":[{\"@type\":\"Article\",\"@id\":\"https:\\\/\\\/centrosira.org\\\/infancias-migrantes-asilo-migraciones-acogida\\\/#article\",\"isPartOf\":{\"@id\":\"https:\\\/\\\/centrosira.org\\\/infancias-migrantes-asilo-migraciones-acogida\\\/\"},\"author\":{\"name\":\"Israel V\",\"@id\":\"https:\\\/\\\/centrosira.org\\\/#\\\/schema\\\/person\\\/9815ff63267f2e2957c81988f684c7ba\"},\"headline\":\"Gabriela L\u00f3pez: \u201cDebemos desarrollar estrategias que reduzcan la incertidumbre de las infancias migrantes no acompa\u00f1adas\u201d\",\"datePublished\":\"2026-03-05T10:57:10+00:00\",\"dateModified\":\"2026-03-09T10:54:28+00:00\",\"mainEntityOfPage\":{\"@id\":\"https:\\\/\\\/centrosira.org\\\/infancias-migrantes-asilo-migraciones-acogida\\\/\"},\"wordCount\":884,\"commentCount\":0,\"publisher\":{\"@id\":\"https:\\\/\\\/centrosira.org\\\/#organization\"},\"image\":{\"@id\":\"https:\\\/\\\/centrosira.org\\\/infancias-migrantes-asilo-migraciones-acogida\\\/#primaryimage\"},\"thumbnailUrl\":\"https:\\\/\\\/centrosira.org\\\/wp-content\\\/uploads\\\/2026\\\/03\\\/gabriela_lopez_infancias_migrantes_no_acompanadas_1.webp\",\"articleSection\":[\"Actualidad\",\"Formaciones\"],\"inLanguage\":\"en-GB\",\"potentialAction\":[{\"@type\":\"CommentAction\",\"name\":\"Comment\",\"target\":[\"https:\\\/\\\/centrosira.org\\\/infancias-migrantes-asilo-migraciones-acogida\\\/#respond\"]}]},{\"@type\":\"WebPage\",\"@id\":\"https:\\\/\\\/centrosira.org\\\/infancias-migrantes-asilo-migraciones-acogida\\\/\",\"url\":\"https:\\\/\\\/centrosira.org\\\/infancias-migrantes-asilo-migraciones-acogida\\\/\",\"name\":\"Gabriela L\u00f3pez: \u201cDebemos desarrollar estrategias que reduzcan la incertidumbre de las infancias migrantes no acompa\u00f1adas\u201d - Centro Sira\",\"isPartOf\":{\"@id\":\"https:\\\/\\\/centrosira.org\\\/#website\"},\"primaryImageOfPage\":{\"@id\":\"https:\\\/\\\/centrosira.org\\\/infancias-migrantes-asilo-migraciones-acogida\\\/#primaryimage\"},\"image\":{\"@id\":\"https:\\\/\\\/centrosira.org\\\/infancias-migrantes-asilo-migraciones-acogida\\\/#primaryimage\"},\"thumbnailUrl\":\"https:\\\/\\\/centrosira.org\\\/wp-content\\\/uploads\\\/2026\\\/03\\\/gabriela_lopez_infancias_migrantes_no_acompanadas_1.webp\",\"datePublished\":\"2026-03-05T10:57:10+00:00\",\"dateModified\":\"2026-03-09T10:54:28+00:00\",\"breadcrumb\":{\"@id\":\"https:\\\/\\\/centrosira.org\\\/infancias-migrantes-asilo-migraciones-acogida\\\/#breadcrumb\"},\"inLanguage\":\"en-GB\",\"potentialAction\":[{\"@type\":\"ReadAction\",\"target\":[\"https:\\\/\\\/centrosira.org\\\/infancias-migrantes-asilo-migraciones-acogida\\\/\"]}]},{\"@type\":\"ImageObject\",\"inLanguage\":\"en-GB\",\"@id\":\"https:\\\/\\\/centrosira.org\\\/infancias-migrantes-asilo-migraciones-acogida\\\/#primaryimage\",\"url\":\"https:\\\/\\\/centrosira.org\\\/wp-content\\\/uploads\\\/2026\\\/03\\\/gabriela_lopez_infancias_migrantes_no_acompanadas_1.webp\",\"contentUrl\":\"https:\\\/\\\/centrosira.org\\\/wp-content\\\/uploads\\\/2026\\\/03\\\/gabriela_lopez_infancias_migrantes_no_acompanadas_1.webp\",\"width\":1920,\"height\":1080},{\"@type\":\"BreadcrumbList\",\"@id\":\"https:\\\/\\\/centrosira.org\\\/infancias-migrantes-asilo-migraciones-acogida\\\/#breadcrumb\",\"itemListElement\":[{\"@type\":\"ListItem\",\"position\":1,\"name\":\"Portada\",\"item\":\"https:\\\/\\\/centrosira.org\\\/\"},{\"@type\":\"ListItem\",\"position\":2,\"name\":\"Gabriela L\u00f3pez: \u201cDebemos desarrollar estrategias que reduzcan la incertidumbre de las infancias migrantes no acompa\u00f1adas\u201d\"}]},{\"@type\":\"WebSite\",\"@id\":\"https:\\\/\\\/centrosira.org\\\/#website\",\"url\":\"https:\\\/\\\/centrosira.org\\\/\",\"name\":\"Centro Sira\",\"description\":\"\",\"publisher\":{\"@id\":\"https:\\\/\\\/centrosira.org\\\/#organization\"},\"alternateName\":\"Centro de Atenci\u00f3n a V\u00edctimas de Malos Tratos y Tortura\",\"potentialAction\":[{\"@type\":\"SearchAction\",\"target\":{\"@type\":\"EntryPoint\",\"urlTemplate\":\"https:\\\/\\\/centrosira.org\\\/?s={search_term_string}\"},\"query-input\":{\"@type\":\"PropertyValueSpecification\",\"valueRequired\":true,\"valueName\":\"search_term_string\"}}],\"inLanguage\":\"en-GB\"},{\"@type\":\"Organization\",\"@id\":\"https:\\\/\\\/centrosira.org\\\/#organization\",\"name\":\"Centro Sira\",\"alternateName\":\"Sira\",\"url\":\"https:\\\/\\\/centrosira.org\\\/\",\"logo\":{\"@type\":\"ImageObject\",\"inLanguage\":\"en-GB\",\"@id\":\"https:\\\/\\\/centrosira.org\\\/#\\\/schema\\\/logo\\\/image\\\/\",\"url\":null,\"contentUrl\":null,\"width\":null,\"height\":null,\"caption\":\"Centro Sira\"},\"image\":{\"@id\":\"https:\\\/\\\/centrosira.org\\\/#\\\/schema\\\/logo\\\/image\\\/\"},\"sameAs\":[\"https:\\\/\\\/www.facebook.com\\\/siracentro\",\"https:\\\/\\\/x.com\\\/sira_centro\",\"https:\\\/\\\/www.instagram.com\\\/sira_centro\\\/\",\"https:\\\/\\\/www.linkedin.com\\\/company\\\/sira-centro\\\/?originalSubdomain=es\",\"https:\\\/\\\/www.youtube.com\\\/@sira_centro\"]},{\"@type\":\"Person\",\"@id\":\"https:\\\/\\\/centrosira.org\\\/#\\\/schema\\\/person\\\/9815ff63267f2e2957c81988f684c7ba\",\"name\":\"Israel V\",\"image\":{\"@type\":\"ImageObject\",\"inLanguage\":\"en-GB\",\"@id\":\"https:\\\/\\\/secure.gravatar.com\\\/avatar\\\/b835441d5f77c22b9bbc6c394fca699d2d7dfd928f4ff56c43763984e664c8f2?s=96&d=mm&r=g\",\"url\":\"https:\\\/\\\/secure.gravatar.com\\\/avatar\\\/b835441d5f77c22b9bbc6c394fca699d2d7dfd928f4ff56c43763984e664c8f2?s=96&d=mm&r=g\",\"contentUrl\":\"https:\\\/\\\/secure.gravatar.com\\\/avatar\\\/b835441d5f77c22b9bbc6c394fca699d2d7dfd928f4ff56c43763984e664c8f2?s=96&d=mm&r=g\",\"caption\":\"Israel V\"},\"url\":\"https:\\\/\\\/centrosira.org\\\/en\\\/author\\\/contelob2892sira\\\/\"}]}<\/script>\n<!-- \/ Yoast SEO plugin. -->","yoast_head_json":{"title":"Gabriela L\u00f3pez: \u201cDebemos desarrollar estrategias que reduzcan la incertidumbre de las infancias migrantes no acompa\u00f1adas\u201d - Centro Sira","robots":{"index":"index","follow":"follow","max-snippet":"max-snippet:-1","max-image-preview":"max-image-preview:large","max-video-preview":"max-video-preview:-1"},"canonical":"https:\/\/centrosira.org\/en\/infancias-migrantes-asilo-migraciones-acogida\/","og_locale":"en_GB","og_type":"article","og_title":"Gabriela L\u00f3pez: \u201cDebemos desarrollar estrategias que reduzcan la incertidumbre de las infancias migrantes no acompa\u00f1adas\u201d - Centro Sira","og_description":"La coordinadora del Centro Sira participa en una jornada dedicada a la atenci\u00f3n de las infancias migrantes no acompa\u00f1adas y separadas, con necesidad de protecci\u00f3n internacional en Espa\u00f1a. El evento, organizado por el Centro de Innovaci\u00f3n del Derecho (CID \u2013 ICADE) de la Universidad Pontificia Comillas, gir\u00f3 en torno a la presentaci\u00f3n del libro \u201cEstudio [&hellip;]","og_url":"https:\/\/centrosira.org\/en\/infancias-migrantes-asilo-migraciones-acogida\/","og_site_name":"Centro Sira","article_publisher":"https:\/\/www.facebook.com\/siracentro","article_published_time":"2026-03-05T10:57:10+00:00","article_modified_time":"2026-03-09T10:54:28+00:00","og_image":[{"width":1920,"height":1080,"url":"https:\/\/centrosira.org\/wp-content\/uploads\/2026\/03\/gabriela_lopez_infancias_migrantes_no_acompanadas_1.webp","type":"image\/webp"}],"author":"Israel V","twitter_card":"summary_large_image","twitter_creator":"@sira_centro","twitter_site":"@sira_centro","twitter_misc":{"Written by":"Israel V","Estimated reading time":"5 minutes"},"schema":{"@context":"https:\/\/schema.org","@graph":[{"@type":"Article","@id":"https:\/\/centrosira.org\/infancias-migrantes-asilo-migraciones-acogida\/#article","isPartOf":{"@id":"https:\/\/centrosira.org\/infancias-migrantes-asilo-migraciones-acogida\/"},"author":{"name":"Israel V","@id":"https:\/\/centrosira.org\/#\/schema\/person\/9815ff63267f2e2957c81988f684c7ba"},"headline":"Gabriela L\u00f3pez: \u201cDebemos desarrollar estrategias que reduzcan la incertidumbre de las infancias migrantes no acompa\u00f1adas\u201d","datePublished":"2026-03-05T10:57:10+00:00","dateModified":"2026-03-09T10:54:28+00:00","mainEntityOfPage":{"@id":"https:\/\/centrosira.org\/infancias-migrantes-asilo-migraciones-acogida\/"},"wordCount":884,"commentCount":0,"publisher":{"@id":"https:\/\/centrosira.org\/#organization"},"image":{"@id":"https:\/\/centrosira.org\/infancias-migrantes-asilo-migraciones-acogida\/#primaryimage"},"thumbnailUrl":"https:\/\/centrosira.org\/wp-content\/uploads\/2026\/03\/gabriela_lopez_infancias_migrantes_no_acompanadas_1.webp","articleSection":["Actualidad","Formaciones"],"inLanguage":"en-GB","potentialAction":[{"@type":"CommentAction","name":"Comment","target":["https:\/\/centrosira.org\/infancias-migrantes-asilo-migraciones-acogida\/#respond"]}]},{"@type":"WebPage","@id":"https:\/\/centrosira.org\/infancias-migrantes-asilo-migraciones-acogida\/","url":"https:\/\/centrosira.org\/infancias-migrantes-asilo-migraciones-acogida\/","name":"Gabriela L\u00f3pez: \u201cDebemos desarrollar estrategias que reduzcan la incertidumbre de las infancias migrantes no acompa\u00f1adas\u201d - Centro Sira","isPartOf":{"@id":"https:\/\/centrosira.org\/#website"},"primaryImageOfPage":{"@id":"https:\/\/centrosira.org\/infancias-migrantes-asilo-migraciones-acogida\/#primaryimage"},"image":{"@id":"https:\/\/centrosira.org\/infancias-migrantes-asilo-migraciones-acogida\/#primaryimage"},"thumbnailUrl":"https:\/\/centrosira.org\/wp-content\/uploads\/2026\/03\/gabriela_lopez_infancias_migrantes_no_acompanadas_1.webp","datePublished":"2026-03-05T10:57:10+00:00","dateModified":"2026-03-09T10:54:28+00:00","breadcrumb":{"@id":"https:\/\/centrosira.org\/infancias-migrantes-asilo-migraciones-acogida\/#breadcrumb"},"inLanguage":"en-GB","potentialAction":[{"@type":"ReadAction","target":["https:\/\/centrosira.org\/infancias-migrantes-asilo-migraciones-acogida\/"]}]},{"@type":"ImageObject","inLanguage":"en-GB","@id":"https:\/\/centrosira.org\/infancias-migrantes-asilo-migraciones-acogida\/#primaryimage","url":"https:\/\/centrosira.org\/wp-content\/uploads\/2026\/03\/gabriela_lopez_infancias_migrantes_no_acompanadas_1.webp","contentUrl":"https:\/\/centrosira.org\/wp-content\/uploads\/2026\/03\/gabriela_lopez_infancias_migrantes_no_acompanadas_1.webp","width":1920,"height":1080},{"@type":"BreadcrumbList","@id":"https:\/\/centrosira.org\/infancias-migrantes-asilo-migraciones-acogida\/#breadcrumb","itemListElement":[{"@type":"ListItem","position":1,"name":"Portada","item":"https:\/\/centrosira.org\/"},{"@type":"ListItem","position":2,"name":"Gabriela L\u00f3pez: \u201cDebemos desarrollar estrategias que reduzcan la incertidumbre de las infancias migrantes no acompa\u00f1adas\u201d"}]},{"@type":"WebSite","@id":"https:\/\/centrosira.org\/#website","url":"https:\/\/centrosira.org\/","name":"Sira Centre","description":"","publisher":{"@id":"https:\/\/centrosira.org\/#organization"},"alternateName":"Centro de Atenci\u00f3n a V\u00edctimas de Malos Tratos y Tortura","potentialAction":[{"@type":"SearchAction","target":{"@type":"EntryPoint","urlTemplate":"https:\/\/centrosira.org\/?s={search_term_string}"},"query-input":{"@type":"PropertyValueSpecification","valueRequired":true,"valueName":"search_term_string"}}],"inLanguage":"en-GB"},{"@type":"Organization","@id":"https:\/\/centrosira.org\/#organization","name":"Sira Centre","alternateName":"Sira","url":"https:\/\/centrosira.org\/","logo":{"@type":"ImageObject","inLanguage":"en-GB","@id":"https:\/\/centrosira.org\/#\/schema\/logo\/image\/","url":null,"contentUrl":null,"width":null,"height":null,"caption":"Centro Sira"},"image":{"@id":"https:\/\/centrosira.org\/#\/schema\/logo\/image\/"},"sameAs":["https:\/\/www.facebook.com\/siracentro","https:\/\/x.com\/sira_centro","https:\/\/www.instagram.com\/sira_centro\/","https:\/\/www.linkedin.com\/company\/sira-centro\/?originalSubdomain=es","https:\/\/www.youtube.com\/@sira_centro"]},{"@type":"Person","@id":"https:\/\/centrosira.org\/#\/schema\/person\/9815ff63267f2e2957c81988f684c7ba","name":"Israel V","image":{"@type":"ImageObject","inLanguage":"en-GB","@id":"https:\/\/secure.gravatar.com\/avatar\/b835441d5f77c22b9bbc6c394fca699d2d7dfd928f4ff56c43763984e664c8f2?s=96&d=mm&r=g","url":"https:\/\/secure.gravatar.com\/avatar\/b835441d5f77c22b9bbc6c394fca699d2d7dfd928f4ff56c43763984e664c8f2?s=96&d=mm&r=g","contentUrl":"https:\/\/secure.gravatar.com\/avatar\/b835441d5f77c22b9bbc6c394fca699d2d7dfd928f4ff56c43763984e664c8f2?s=96&d=mm&r=g","caption":"Israel V"},"url":"https:\/\/centrosira.org\/en\/author\/contelob2892sira\/"}]}},"_links":{"self":[{"href":"https:\/\/centrosira.org\/en\/wp-json\/wp\/v2\/posts\/748","targetHints":{"allow":["GET"]}}],"collection":[{"href":"https:\/\/centrosira.org\/en\/wp-json\/wp\/v2\/posts"}],"about":[{"href":"https:\/\/centrosira.org\/en\/wp-json\/wp\/v2\/types\/post"}],"author":[{"embeddable":true,"href":"https:\/\/centrosira.org\/en\/wp-json\/wp\/v2\/users\/3"}],"replies":[{"embeddable":true,"href":"https:\/\/centrosira.org\/en\/wp-json\/wp\/v2\/comments?post=748"}],"version-history":[{"count":2,"href":"https:\/\/centrosira.org\/en\/wp-json\/wp\/v2\/posts\/748\/revisions"}],"predecessor-version":[{"id":994,"href":"https:\/\/centrosira.org\/en\/wp-json\/wp\/v2\/posts\/748\/revisions\/994"}],"wp:featuredmedia":[{"embeddable":true,"href":"https:\/\/centrosira.org\/en\/wp-json\/wp\/v2\/media\/749"}],"wp:attachment":[{"href":"https:\/\/centrosira.org\/en\/wp-json\/wp\/v2\/media?parent=748"}],"wp:term":[{"taxonomy":"category","embeddable":true,"href":"https:\/\/centrosira.org\/en\/wp-json\/wp\/v2\/categories?post=748"},{"taxonomy":"post_tag","embeddable":true,"href":"https:\/\/centrosira.org\/en\/wp-json\/wp\/v2\/tags?post=748"}],"curies":[{"name":"wp","href":"https:\/\/api.w.org\/{rel}","templated":true}]}}