{"id":1052,"date":"2026-03-09T11:16:40","date_gmt":"2026-03-09T10:16:40","guid":{"rendered":"https:\/\/centrosira.org\/?p=1052"},"modified":"2026-03-09T11:16:57","modified_gmt":"2026-03-09T10:16:57","slug":"matrimonio-inocente-encarcelado-por-yihadismo-indemnizacion","status":"publish","type":"post","link":"https:\/\/centrosira.org\/en\/matrimonio-inocente-encarcelado-por-yihadismo-indemnizacion\/","title":{"rendered":"Sira&#039;s expert testimony was key in the ruling that compensated a couple imprisoned for &quot;jihadism,&quot; despite their innocence."},"content":{"rendered":"<h3 class=\"wp-block-heading\">The man spent up to 3 years in pre-trial detention, while his partner spent just under a year. In 2019, the Supreme Court acquitted them after repeating the case.<\/h3>\n\n\n\n<p>For almost 4 years, the&nbsp;<strong>Centre for the Care of Victims of Abuse and Torture, Sira<\/strong>, has carried out the therapeutic accompaniment of an innocent married couple imprisoned for jihadism for alleged crimes linked to terrorism in 2016. He spent up to 3 years in first-degree pre-trial detention under FIES 3, one of the most severe regimes, in which isolation or solitary confinement is permitted, while she spent just under a year in prison under the same regime.&nbsp;<\/p>\n\n\n\n<p>After their acquittal, both are referred to the Sira Centre due to the level of post-traumatic damage they present and which requires a multidisciplinary and psychotherapeutic approach, which could hardly be provided by a Mental Health Centre. In addition to carrying out their therapeutic accompaniment, the organisation has also been responsible for investigating and documenting their medical and psychological impacts derived from this situation.&nbsp;<\/p>\n\n\n\n<p>The lawyers' cooperative,&nbsp;<a href=\"https:\/\/red-juridica.com\/\"><strong>Legal Network<\/strong><\/a>, commissioned the&nbsp;<a href=\"https:\/\/laolabuenadev.com\/centrosira\/conocenos\/el-equipo\/\">team<\/a>&nbsp;of Sira the realisation of various&nbsp;<strong>expert reports<\/strong>&nbsp;to assess the impact of the project and the impact of the&nbsp;<strong>improper pre-trial detention<\/strong>&nbsp;in this family.&nbsp;<strong>Eric Sanz,<\/strong>&nbsp;Red Jur\u00eddica's lawyer in charge of the case, highlights the exhaustiveness, variety and complexity of the reports, which he considers were fundamental to accrediting the damages suffered by the innocent couple imprisoned for jihadism and, therefore, key to estimating the amount of compensation.&nbsp;<\/p>\n\n\n\n<p>Two expert medical-psychological reports were drawn up by Sira, in which both the history lived by the two examinees and the impacts caused by the experience of deprivation of liberty are recorded. In this regard, they detail very serious psychiatric damage, irreversible impacts on their personality and irreparable effects on their identity and life project.&nbsp;<\/p>\n\n\n\n<figure class=\"wp-block-image size-large\"><img fetchpriority=\"high\" decoding=\"async\" width=\"1024\" height=\"576\" src=\"https:\/\/centrosira.org\/wp-content\/uploads\/2026\/03\/sede_audiencia_nacional_1-1-1024x576.webp\" alt=\"\" class=\"wp-image-1054\" srcset=\"https:\/\/centrosira.org\/wp-content\/uploads\/2026\/03\/sede_audiencia_nacional_1-1-1024x576.webp 1024w, https:\/\/centrosira.org\/wp-content\/uploads\/2026\/03\/sede_audiencia_nacional_1-1-300x169.webp 300w, https:\/\/centrosira.org\/wp-content\/uploads\/2026\/03\/sede_audiencia_nacional_1-1-768x432.webp 768w, https:\/\/centrosira.org\/wp-content\/uploads\/2026\/03\/sede_audiencia_nacional_1-1-18x10.webp 18w, https:\/\/centrosira.org\/wp-content\/uploads\/2026\/03\/sede_audiencia_nacional_1-1.webp 1200w\" sizes=\"(max-width: 1024px) 100vw, 1024px\" \/><\/figure>\n\n\n\n<h2 class=\"wp-block-heading\">The impacts of the FIES regime<\/h2>\n\n\n\n<p><strong>Pau P\u00e9rez Sales<\/strong>, psychiatrist and clinical director of the&nbsp;<strong>Sira Centre,&nbsp;<\/strong>points out that isolation causes permanent changes in people, such as attention disorders, irritability or disconnection from their environment. This often results in self-harm and, in some cases, in the creation of their own worlds in which they can take refuge, which can often end up consolidating as psychotic or delusional constructs.<\/p>\n\n\n\n<p>The director of Sira stresses that the human brain needs incentives, no matter where they come from, either from the things it does or from interaction with others: \u201cIf we take away any stimulus from a brain, leaving it still in a closed space, it either blocks or tries to compensate by generating its own stimuli, and that is the basis of dissociative or psychotic conditions,\u201d he adds.&nbsp;<strong>&nbsp;<\/strong><\/p>\n\n\n\n<p>The solitary confinement regime in Spain varies greatly depending on the prison. There are prisons that allow people to be in FIES for up to 3 or 4 hours in the courtyard or even to be there accompanied in small groups; while there are more severe prisons that only allow prisoners to spend a maximum of one hour outside solitary confinement. In the case of the expert witness, he spent very long periods in the strictest regime.<\/p>\n\n\n\n<p>The Nelson Mandela standards and the recommendations of the Rapporteur on Torture state incontrovertibly that solitary confinement for more than 15 days is torture. This is often circumvented by detention for 14 days, returning the person to the cell for 2 or 3 days and then returning them to solitary confinement. In other cases, small changes are made to the regime so as not to meet the strict definition of solitary confinement, which is 23-24 hours in a cell.<\/p>\n\n\n\n<blockquote class=\"wp-block-quote is-layout-flow wp-block-quote-is-layout-flow\">\n<p>\u201dThe expert process has not only a legal objective, but also a therapeutic one. The aim is for the person to find answers and a meaning to their experience.<\/p>\n<\/blockquote>\n\n\n\n<h2 class=\"wp-block-heading\">The importance of expert work<\/h2>\n\n\n\n<p><strong>From Sira&nbsp;<\/strong>understand that the expert process not only has a legal objective, but also a therapeutic one. The aim is for the person to find answers and a meaning to their experience, as well as to be able to recover individual and collective coping strategies that help them to cope with the process. The entity defends the fact that the process of denunciation is in itself a process of dignification for the victims.&nbsp;<\/p>\n\n\n\n<p><strong>Gabriela L\u00f3pez, psychologist and coordinator of the Sira Centre,&nbsp;<\/strong>also considers that in the particular case of this couple, mutual support within the family was crucial. Thus, she highlights their sense of justice and their determination to hold the state accountable for its mistake as key elements for the family members to have been able to stand on their own feet during this long process. At the same time, the coordinator considers that this resolution closes the circle of a family struggle and opens a horizon of justice for so many other people who are victims of institutional violence.<\/p>","protected":false},"excerpt":{"rendered":"<p>El hombre permaneci\u00f3 hasta 3 a\u00f1os en prisi\u00f3n preventiva, mientras que su pareja pas\u00f3 algo menos de un a\u00f1o. En 2019 el Tribunal Supremo los absolvi\u00f3 tras repetir el caso Durante casi 4 a\u00f1os, el&nbsp;Centro de Atenci\u00f3n a V\u00edctimas de Malos Tratos y Tortura, Sira, ha llevado a cabo el acompa\u00f1amiento terap\u00e9utico de un matrimonio [&hellip;]<\/p>\n","protected":false},"author":3,"featured_media":1053,"comment_status":"open","ping_status":"open","sticky":false,"template":"","format":"standard","meta":{"footnotes":""},"categories":[21],"tags":[],"class_list":["post-1052","post","type-post","status-publish","format-standard","has-post-thumbnail","hentry","category-periciales"],"yoast_head":"<!-- This site is optimized with the Yoast SEO plugin v27.4 - https:\/\/yoast.com\/product\/yoast-seo-wordpress\/ -->\n<title>La pericial de Sira, clave en la sentencia que indemniza a un matrimonio encarcelado por \u201cyihadismo\u201d, pese a ser inocentes - Centro Sira<\/title>\n<meta name=\"robots\" content=\"index, follow, max-snippet:-1, max-image-preview:large, max-video-preview:-1\" \/>\n<link rel=\"canonical\" href=\"https:\/\/centrosira.org\/en\/matrimonio-inocente-encarcelado-por-yihadismo-indemnizacion\/\" \/>\n<meta property=\"og:locale\" content=\"en_GB\" \/>\n<meta property=\"og:type\" content=\"article\" \/>\n<meta property=\"og:title\" content=\"La pericial de Sira, clave en la sentencia que indemniza a un matrimonio encarcelado por \u201cyihadismo\u201d, pese a ser inocentes - Centro Sira\" \/>\n<meta property=\"og:description\" content=\"El hombre permaneci\u00f3 hasta 3 a\u00f1os en prisi\u00f3n preventiva, mientras que su pareja pas\u00f3 algo menos de un a\u00f1o. En 2019 el Tribunal Supremo los absolvi\u00f3 tras repetir el caso Durante casi 4 a\u00f1os, el&nbsp;Centro de Atenci\u00f3n a V\u00edctimas de Malos Tratos y Tortura, Sira, ha llevado a cabo el acompa\u00f1amiento terap\u00e9utico de un matrimonio [&hellip;]\" \/>\n<meta property=\"og:url\" content=\"https:\/\/centrosira.org\/en\/matrimonio-inocente-encarcelado-por-yihadismo-indemnizacion\/\" \/>\n<meta property=\"og:site_name\" content=\"Centro Sira\" \/>\n<meta property=\"article:publisher\" content=\"https:\/\/www.facebook.com\/siracentro\" \/>\n<meta property=\"article:published_time\" content=\"2026-03-09T10:16:40+00:00\" \/>\n<meta property=\"article:modified_time\" content=\"2026-03-09T10:16:57+00:00\" \/>\n<meta property=\"og:image\" content=\"https:\/\/centrosira.org\/wp-content\/uploads\/2026\/03\/sede_audiencia_nacional_1.webp\" \/>\n\t<meta property=\"og:image:width\" content=\"1200\" \/>\n\t<meta property=\"og:image:height\" content=\"675\" \/>\n\t<meta property=\"og:image:type\" content=\"image\/webp\" \/>\n<meta name=\"author\" content=\"Israel V\" \/>\n<meta name=\"twitter:card\" content=\"summary_large_image\" \/>\n<meta name=\"twitter:creator\" content=\"@sira_centro\" \/>\n<meta name=\"twitter:site\" content=\"@sira_centro\" \/>\n<meta name=\"twitter:label1\" content=\"Written by\" \/>\n\t<meta name=\"twitter:data1\" content=\"Israel V\" \/>\n\t<meta name=\"twitter:label2\" content=\"Estimated reading time\" \/>\n\t<meta name=\"twitter:data2\" content=\"5 minutes\" \/>\n<script type=\"application\/ld+json\" class=\"yoast-schema-graph\">{\"@context\":\"https:\\\/\\\/schema.org\",\"@graph\":[{\"@type\":\"Article\",\"@id\":\"https:\\\/\\\/centrosira.org\\\/matrimonio-inocente-encarcelado-por-yihadismo-indemnizacion\\\/#article\",\"isPartOf\":{\"@id\":\"https:\\\/\\\/centrosira.org\\\/matrimonio-inocente-encarcelado-por-yihadismo-indemnizacion\\\/\"},\"author\":{\"name\":\"Israel V\",\"@id\":\"https:\\\/\\\/centrosira.org\\\/#\\\/schema\\\/person\\\/9815ff63267f2e2957c81988f684c7ba\"},\"headline\":\"La pericial de Sira, clave en la sentencia que indemniza a un matrimonio encarcelado por \u201cyihadismo\u201d, pese a ser inocentes\",\"datePublished\":\"2026-03-09T10:16:40+00:00\",\"dateModified\":\"2026-03-09T10:16:57+00:00\",\"mainEntityOfPage\":{\"@id\":\"https:\\\/\\\/centrosira.org\\\/matrimonio-inocente-encarcelado-por-yihadismo-indemnizacion\\\/\"},\"wordCount\":951,\"commentCount\":0,\"publisher\":{\"@id\":\"https:\\\/\\\/centrosira.org\\\/#organization\"},\"image\":{\"@id\":\"https:\\\/\\\/centrosira.org\\\/matrimonio-inocente-encarcelado-por-yihadismo-indemnizacion\\\/#primaryimage\"},\"thumbnailUrl\":\"https:\\\/\\\/centrosira.org\\\/wp-content\\\/uploads\\\/2026\\\/03\\\/sede_audiencia_nacional_1.webp\",\"articleSection\":[\"Periciales\"],\"inLanguage\":\"en-GB\",\"potentialAction\":[{\"@type\":\"CommentAction\",\"name\":\"Comment\",\"target\":[\"https:\\\/\\\/centrosira.org\\\/matrimonio-inocente-encarcelado-por-yihadismo-indemnizacion\\\/#respond\"]}]},{\"@type\":\"WebPage\",\"@id\":\"https:\\\/\\\/centrosira.org\\\/matrimonio-inocente-encarcelado-por-yihadismo-indemnizacion\\\/\",\"url\":\"https:\\\/\\\/centrosira.org\\\/matrimonio-inocente-encarcelado-por-yihadismo-indemnizacion\\\/\",\"name\":\"La pericial de Sira, clave en la sentencia que indemniza a un matrimonio encarcelado por \u201cyihadismo\u201d, pese a ser inocentes - Centro Sira\",\"isPartOf\":{\"@id\":\"https:\\\/\\\/centrosira.org\\\/#website\"},\"primaryImageOfPage\":{\"@id\":\"https:\\\/\\\/centrosira.org\\\/matrimonio-inocente-encarcelado-por-yihadismo-indemnizacion\\\/#primaryimage\"},\"image\":{\"@id\":\"https:\\\/\\\/centrosira.org\\\/matrimonio-inocente-encarcelado-por-yihadismo-indemnizacion\\\/#primaryimage\"},\"thumbnailUrl\":\"https:\\\/\\\/centrosira.org\\\/wp-content\\\/uploads\\\/2026\\\/03\\\/sede_audiencia_nacional_1.webp\",\"datePublished\":\"2026-03-09T10:16:40+00:00\",\"dateModified\":\"2026-03-09T10:16:57+00:00\",\"breadcrumb\":{\"@id\":\"https:\\\/\\\/centrosira.org\\\/matrimonio-inocente-encarcelado-por-yihadismo-indemnizacion\\\/#breadcrumb\"},\"inLanguage\":\"en-GB\",\"potentialAction\":[{\"@type\":\"ReadAction\",\"target\":[\"https:\\\/\\\/centrosira.org\\\/matrimonio-inocente-encarcelado-por-yihadismo-indemnizacion\\\/\"]}]},{\"@type\":\"ImageObject\",\"inLanguage\":\"en-GB\",\"@id\":\"https:\\\/\\\/centrosira.org\\\/matrimonio-inocente-encarcelado-por-yihadismo-indemnizacion\\\/#primaryimage\",\"url\":\"https:\\\/\\\/centrosira.org\\\/wp-content\\\/uploads\\\/2026\\\/03\\\/sede_audiencia_nacional_1.webp\",\"contentUrl\":\"https:\\\/\\\/centrosira.org\\\/wp-content\\\/uploads\\\/2026\\\/03\\\/sede_audiencia_nacional_1.webp\",\"width\":1200,\"height\":675},{\"@type\":\"BreadcrumbList\",\"@id\":\"https:\\\/\\\/centrosira.org\\\/matrimonio-inocente-encarcelado-por-yihadismo-indemnizacion\\\/#breadcrumb\",\"itemListElement\":[{\"@type\":\"ListItem\",\"position\":1,\"name\":\"Portada\",\"item\":\"https:\\\/\\\/centrosira.org\\\/\"},{\"@type\":\"ListItem\",\"position\":2,\"name\":\"La pericial de Sira, clave en la sentencia que indemniza a un matrimonio encarcelado por \u201cyihadismo\u201d, pese a ser inocentes\"}]},{\"@type\":\"WebSite\",\"@id\":\"https:\\\/\\\/centrosira.org\\\/#website\",\"url\":\"https:\\\/\\\/centrosira.org\\\/\",\"name\":\"Centro Sira\",\"description\":\"\",\"publisher\":{\"@id\":\"https:\\\/\\\/centrosira.org\\\/#organization\"},\"alternateName\":\"Centro de Atenci\u00f3n a V\u00edctimas de Malos Tratos y Tortura\",\"potentialAction\":[{\"@type\":\"SearchAction\",\"target\":{\"@type\":\"EntryPoint\",\"urlTemplate\":\"https:\\\/\\\/centrosira.org\\\/?s={search_term_string}\"},\"query-input\":{\"@type\":\"PropertyValueSpecification\",\"valueRequired\":true,\"valueName\":\"search_term_string\"}}],\"inLanguage\":\"en-GB\"},{\"@type\":\"Organization\",\"@id\":\"https:\\\/\\\/centrosira.org\\\/#organization\",\"name\":\"Centro Sira\",\"alternateName\":\"Sira\",\"url\":\"https:\\\/\\\/centrosira.org\\\/\",\"logo\":{\"@type\":\"ImageObject\",\"inLanguage\":\"en-GB\",\"@id\":\"https:\\\/\\\/centrosira.org\\\/#\\\/schema\\\/logo\\\/image\\\/\",\"url\":null,\"contentUrl\":null,\"width\":null,\"height\":null,\"caption\":\"Centro Sira\"},\"image\":{\"@id\":\"https:\\\/\\\/centrosira.org\\\/#\\\/schema\\\/logo\\\/image\\\/\"},\"sameAs\":[\"https:\\\/\\\/www.facebook.com\\\/siracentro\",\"https:\\\/\\\/x.com\\\/sira_centro\",\"https:\\\/\\\/www.instagram.com\\\/sira_centro\\\/\",\"https:\\\/\\\/www.linkedin.com\\\/company\\\/sira-centro\\\/?originalSubdomain=es\",\"https:\\\/\\\/www.youtube.com\\\/@sira_centro\"]},{\"@type\":\"Person\",\"@id\":\"https:\\\/\\\/centrosira.org\\\/#\\\/schema\\\/person\\\/9815ff63267f2e2957c81988f684c7ba\",\"name\":\"Israel V\",\"image\":{\"@type\":\"ImageObject\",\"inLanguage\":\"en-GB\",\"@id\":\"https:\\\/\\\/secure.gravatar.com\\\/avatar\\\/b835441d5f77c22b9bbc6c394fca699d2d7dfd928f4ff56c43763984e664c8f2?s=96&d=mm&r=g\",\"url\":\"https:\\\/\\\/secure.gravatar.com\\\/avatar\\\/b835441d5f77c22b9bbc6c394fca699d2d7dfd928f4ff56c43763984e664c8f2?s=96&d=mm&r=g\",\"contentUrl\":\"https:\\\/\\\/secure.gravatar.com\\\/avatar\\\/b835441d5f77c22b9bbc6c394fca699d2d7dfd928f4ff56c43763984e664c8f2?s=96&d=mm&r=g\",\"caption\":\"Israel V\"},\"url\":\"https:\\\/\\\/centrosira.org\\\/en\\\/author\\\/contelob2892sira\\\/\"}]}<\/script>\n<!-- \/ Yoast SEO plugin. -->","yoast_head_json":{"title":"La pericial de Sira, clave en la sentencia que indemniza a un matrimonio encarcelado por \u201cyihadismo\u201d, pese a ser inocentes - Centro Sira","robots":{"index":"index","follow":"follow","max-snippet":"max-snippet:-1","max-image-preview":"max-image-preview:large","max-video-preview":"max-video-preview:-1"},"canonical":"https:\/\/centrosira.org\/en\/matrimonio-inocente-encarcelado-por-yihadismo-indemnizacion\/","og_locale":"en_GB","og_type":"article","og_title":"La pericial de Sira, clave en la sentencia que indemniza a un matrimonio encarcelado por \u201cyihadismo\u201d, pese a ser inocentes - Centro Sira","og_description":"El hombre permaneci\u00f3 hasta 3 a\u00f1os en prisi\u00f3n preventiva, mientras que su pareja pas\u00f3 algo menos de un a\u00f1o. En 2019 el Tribunal Supremo los absolvi\u00f3 tras repetir el caso Durante casi 4 a\u00f1os, el&nbsp;Centro de Atenci\u00f3n a V\u00edctimas de Malos Tratos y Tortura, Sira, ha llevado a cabo el acompa\u00f1amiento terap\u00e9utico de un matrimonio [&hellip;]","og_url":"https:\/\/centrosira.org\/en\/matrimonio-inocente-encarcelado-por-yihadismo-indemnizacion\/","og_site_name":"Centro Sira","article_publisher":"https:\/\/www.facebook.com\/siracentro","article_published_time":"2026-03-09T10:16:40+00:00","article_modified_time":"2026-03-09T10:16:57+00:00","og_image":[{"width":1200,"height":675,"url":"https:\/\/centrosira.org\/wp-content\/uploads\/2026\/03\/sede_audiencia_nacional_1.webp","type":"image\/webp"}],"author":"Israel V","twitter_card":"summary_large_image","twitter_creator":"@sira_centro","twitter_site":"@sira_centro","twitter_misc":{"Written by":"Israel V","Estimated reading time":"5 minutes"},"schema":{"@context":"https:\/\/schema.org","@graph":[{"@type":"Article","@id":"https:\/\/centrosira.org\/matrimonio-inocente-encarcelado-por-yihadismo-indemnizacion\/#article","isPartOf":{"@id":"https:\/\/centrosira.org\/matrimonio-inocente-encarcelado-por-yihadismo-indemnizacion\/"},"author":{"name":"Israel V","@id":"https:\/\/centrosira.org\/#\/schema\/person\/9815ff63267f2e2957c81988f684c7ba"},"headline":"La pericial de Sira, clave en la sentencia que indemniza a un matrimonio encarcelado por \u201cyihadismo\u201d, pese a ser inocentes","datePublished":"2026-03-09T10:16:40+00:00","dateModified":"2026-03-09T10:16:57+00:00","mainEntityOfPage":{"@id":"https:\/\/centrosira.org\/matrimonio-inocente-encarcelado-por-yihadismo-indemnizacion\/"},"wordCount":951,"commentCount":0,"publisher":{"@id":"https:\/\/centrosira.org\/#organization"},"image":{"@id":"https:\/\/centrosira.org\/matrimonio-inocente-encarcelado-por-yihadismo-indemnizacion\/#primaryimage"},"thumbnailUrl":"https:\/\/centrosira.org\/wp-content\/uploads\/2026\/03\/sede_audiencia_nacional_1.webp","articleSection":["Periciales"],"inLanguage":"en-GB","potentialAction":[{"@type":"CommentAction","name":"Comment","target":["https:\/\/centrosira.org\/matrimonio-inocente-encarcelado-por-yihadismo-indemnizacion\/#respond"]}]},{"@type":"WebPage","@id":"https:\/\/centrosira.org\/matrimonio-inocente-encarcelado-por-yihadismo-indemnizacion\/","url":"https:\/\/centrosira.org\/matrimonio-inocente-encarcelado-por-yihadismo-indemnizacion\/","name":"La pericial de Sira, clave en la sentencia que indemniza a un matrimonio encarcelado por \u201cyihadismo\u201d, pese a ser inocentes - Centro Sira","isPartOf":{"@id":"https:\/\/centrosira.org\/#website"},"primaryImageOfPage":{"@id":"https:\/\/centrosira.org\/matrimonio-inocente-encarcelado-por-yihadismo-indemnizacion\/#primaryimage"},"image":{"@id":"https:\/\/centrosira.org\/matrimonio-inocente-encarcelado-por-yihadismo-indemnizacion\/#primaryimage"},"thumbnailUrl":"https:\/\/centrosira.org\/wp-content\/uploads\/2026\/03\/sede_audiencia_nacional_1.webp","datePublished":"2026-03-09T10:16:40+00:00","dateModified":"2026-03-09T10:16:57+00:00","breadcrumb":{"@id":"https:\/\/centrosira.org\/matrimonio-inocente-encarcelado-por-yihadismo-indemnizacion\/#breadcrumb"},"inLanguage":"en-GB","potentialAction":[{"@type":"ReadAction","target":["https:\/\/centrosira.org\/matrimonio-inocente-encarcelado-por-yihadismo-indemnizacion\/"]}]},{"@type":"ImageObject","inLanguage":"en-GB","@id":"https:\/\/centrosira.org\/matrimonio-inocente-encarcelado-por-yihadismo-indemnizacion\/#primaryimage","url":"https:\/\/centrosira.org\/wp-content\/uploads\/2026\/03\/sede_audiencia_nacional_1.webp","contentUrl":"https:\/\/centrosira.org\/wp-content\/uploads\/2026\/03\/sede_audiencia_nacional_1.webp","width":1200,"height":675},{"@type":"BreadcrumbList","@id":"https:\/\/centrosira.org\/matrimonio-inocente-encarcelado-por-yihadismo-indemnizacion\/#breadcrumb","itemListElement":[{"@type":"ListItem","position":1,"name":"Portada","item":"https:\/\/centrosira.org\/"},{"@type":"ListItem","position":2,"name":"La pericial de Sira, clave en la sentencia que indemniza a un matrimonio encarcelado por \u201cyihadismo\u201d, pese a ser inocentes"}]},{"@type":"WebSite","@id":"https:\/\/centrosira.org\/#website","url":"https:\/\/centrosira.org\/","name":"Sira Centre","description":"","publisher":{"@id":"https:\/\/centrosira.org\/#organization"},"alternateName":"Centro de Atenci\u00f3n a V\u00edctimas de Malos Tratos y Tortura","potentialAction":[{"@type":"SearchAction","target":{"@type":"EntryPoint","urlTemplate":"https:\/\/centrosira.org\/?s={search_term_string}"},"query-input":{"@type":"PropertyValueSpecification","valueRequired":true,"valueName":"search_term_string"}}],"inLanguage":"en-GB"},{"@type":"Organization","@id":"https:\/\/centrosira.org\/#organization","name":"Sira Centre","alternateName":"Sira","url":"https:\/\/centrosira.org\/","logo":{"@type":"ImageObject","inLanguage":"en-GB","@id":"https:\/\/centrosira.org\/#\/schema\/logo\/image\/","url":null,"contentUrl":null,"width":null,"height":null,"caption":"Centro Sira"},"image":{"@id":"https:\/\/centrosira.org\/#\/schema\/logo\/image\/"},"sameAs":["https:\/\/www.facebook.com\/siracentro","https:\/\/x.com\/sira_centro","https:\/\/www.instagram.com\/sira_centro\/","https:\/\/www.linkedin.com\/company\/sira-centro\/?originalSubdomain=es","https:\/\/www.youtube.com\/@sira_centro"]},{"@type":"Person","@id":"https:\/\/centrosira.org\/#\/schema\/person\/9815ff63267f2e2957c81988f684c7ba","name":"Israel V","image":{"@type":"ImageObject","inLanguage":"en-GB","@id":"https:\/\/secure.gravatar.com\/avatar\/b835441d5f77c22b9bbc6c394fca699d2d7dfd928f4ff56c43763984e664c8f2?s=96&d=mm&r=g","url":"https:\/\/secure.gravatar.com\/avatar\/b835441d5f77c22b9bbc6c394fca699d2d7dfd928f4ff56c43763984e664c8f2?s=96&d=mm&r=g","contentUrl":"https:\/\/secure.gravatar.com\/avatar\/b835441d5f77c22b9bbc6c394fca699d2d7dfd928f4ff56c43763984e664c8f2?s=96&d=mm&r=g","caption":"Israel V"},"url":"https:\/\/centrosira.org\/en\/author\/contelob2892sira\/"}]}},"_links":{"self":[{"href":"https:\/\/centrosira.org\/en\/wp-json\/wp\/v2\/posts\/1052","targetHints":{"allow":["GET"]}}],"collection":[{"href":"https:\/\/centrosira.org\/en\/wp-json\/wp\/v2\/posts"}],"about":[{"href":"https:\/\/centrosira.org\/en\/wp-json\/wp\/v2\/types\/post"}],"author":[{"embeddable":true,"href":"https:\/\/centrosira.org\/en\/wp-json\/wp\/v2\/users\/3"}],"replies":[{"embeddable":true,"href":"https:\/\/centrosira.org\/en\/wp-json\/wp\/v2\/comments?post=1052"}],"version-history":[{"count":1,"href":"https:\/\/centrosira.org\/en\/wp-json\/wp\/v2\/posts\/1052\/revisions"}],"predecessor-version":[{"id":1055,"href":"https:\/\/centrosira.org\/en\/wp-json\/wp\/v2\/posts\/1052\/revisions\/1055"}],"wp:featuredmedia":[{"embeddable":true,"href":"https:\/\/centrosira.org\/en\/wp-json\/wp\/v2\/media\/1053"}],"wp:attachment":[{"href":"https:\/\/centrosira.org\/en\/wp-json\/wp\/v2\/media?parent=1052"}],"wp:term":[{"taxonomy":"category","embeddable":true,"href":"https:\/\/centrosira.org\/en\/wp-json\/wp\/v2\/categories?post=1052"},{"taxonomy":"post_tag","embeddable":true,"href":"https:\/\/centrosira.org\/en\/wp-json\/wp\/v2\/tags?post=1052"}],"curies":[{"name":"wp","href":"https:\/\/api.w.org\/{rel}","templated":true}]}}