{"id":825,"date":"2026-03-06T09:40:45","date_gmt":"2026-03-06T08:40:45","guid":{"rendered":"https:\/\/centrosira.org\/?p=825"},"modified":"2026-03-09T11:46:39","modified_gmt":"2026-03-09T10:46:39","slug":"primera-declaracion-de-una-victima-de-torturas-del-franquismo-julio-pacheco","status":"publish","type":"post","link":"https:\/\/centrosira.org\/ca\/primera-declaracion-de-una-victima-de-torturas-del-franquismo-julio-pacheco\/","title":{"rendered":"Primera bretxa en el mur d'impunitat que envolta els crims del franquisme"},"content":{"rendered":"<h3 class=\"wp-block-heading\">Tras 6 a\u00f1os de lucha en los juzgados espa\u00f1oles y 100 querellas presentadas, se produce la primera declaraci\u00f3n de una v\u00edctima de torturas del franquismo en un Juzgado espa\u00f1ol<\/h3>\n\n\n\n<h3 class=\"wp-block-heading\">Las organizaciones sociales instan a los poderes p\u00fablicos y a los partidos pol\u00edticos a adoptar todas las medidas necesarias para que este hecho excepcional deje de serlo y pueda haber verdad, justicia y reparaci\u00f3n para las v\u00edctimas<\/h3>\n\n\n\n<p><strong>Por primera vez en la historia<\/strong>, un Juzgado espa\u00f1ol toma declaraci\u00f3n a una v\u00edctima de torturas durante la dictadura franquista. Tras la suspensi\u00f3n de las declaraciones el pasado 14 de julio, en el d\u00eda de hoy, el Juzgado de Instrucci\u00f3n n\u00famero 50 de Madrid ha tomado declaraci\u00f3n a Julio Pacheco Yepes, como consecuencia de las torturas que sufri\u00f3 en agosto de 1975 en la Direcci\u00f3n General de Seguridad en Madrid, en la que participaron diferentes miembros de la Brigada Pol\u00edtico-Social, la polic\u00eda pol\u00edtica durante la dictadura. Tambi\u00e9n se ha tomado declaraci\u00f3n a&nbsp;<strong>Rosa Garcia<\/strong>, en su condici\u00f3n de testigo y en relaci\u00f3n con las torturas sufridas por Julio Pacheco.<\/p>\n\n\n\n<p>El 12 de mayo de 2023, la Jueza titular del Juzgado de Instrucci\u00f3n n\u00famero 50 de Madrid, Do\u00f1a Ana Mar\u00eda Igu\u00e1cel P\u00e9rez admit\u00eda a tr\u00e1mite la querella criminal presentada por Julio Pacheco y se\u00f1alaba el 14 de julio como fecha para tomar declaraci\u00f3n al querellante y a la testigo. Ese d\u00eda en el momento en el cual se iba a tomar la declaraci\u00f3n, el Juez de refuerzo que hab\u00eda sido asignado al Juzgado, D. Fernando Mu\u00f1oz Leal, decidi\u00f3&nbsp;<strong>suspender<\/strong>&nbsp;dichas declaraciones sin previo aviso, ofreciendo como \u00fanica explicaci\u00f3n que deb\u00eda&nbsp;<strong>reexaminar<\/strong>&nbsp;la causa.<\/p>\n\n\n\n<p>En el d\u00eda de hoy, las declaraciones se han desarrollo con normalidad durante dos horas, aportando datos e informaci\u00f3n los declarantes sobre los hechos que fueron objeto de denuncia ante el Juzgado. El equipo jur\u00eddico ha valorado&nbsp;<strong>positivamente<\/strong>&nbsp;que \u201ctodas las preguntas han ido dirigidas a esclarecer los hechos y continuar con la investigaci\u00f3n.\u201d Durante la declaraci\u00f3n han estado presente la jueza titular del juzgado Instrucci\u00f3n n\u00famero 50 y la fiscal\u00eda, as\u00ed como ha asistido como apoyo al anterior una fiscal adscrita a la fiscal\u00eda de sala de memoria democr\u00e1tica,&nbsp;<strong>Do\u00f1a Virginia Garc\u00eda Aller<\/strong>.<\/p>\n\n\n\n<p class=\"has-text-align-center\">\u00abQue hayamos declarado hoy nosotras significa que puede haber m\u00e1s y que podemos, por fin, tener justicia aqu\u00ed en el Estado espa\u00f1ol.<\/p>\n\n\n\n<p class=\"has-text-align-center\">Julio Pachecho<\/p>\n\n\n\n<p class=\"has-text-align-center\">Querellante<\/p>\n\n\n\n<figure class=\"wp-block-image size-full\"><img fetchpriority=\"high\" decoding=\"async\" width=\"1920\" height=\"1080\" src=\"https:\/\/centrosira.org\/wp-content\/uploads\/2026\/03\/rosa_julio_franquismo_1-1.webp\" class=\"wp-image-827\" srcset=\"https:\/\/centrosira.org\/wp-content\/uploads\/2026\/03\/rosa_julio_franquismo_1-1.webp 1920w, https:\/\/centrosira.org\/wp-content\/uploads\/2026\/03\/rosa_julio_franquismo_1-1-300x169.webp 300w, https:\/\/centrosira.org\/wp-content\/uploads\/2026\/03\/rosa_julio_franquismo_1-1-1024x576.webp 1024w, https:\/\/centrosira.org\/wp-content\/uploads\/2026\/03\/rosa_julio_franquismo_1-1-768x432.webp 768w, https:\/\/centrosira.org\/wp-content\/uploads\/2026\/03\/rosa_julio_franquismo_1-1-1536x864.webp 1536w, https:\/\/centrosira.org\/wp-content\/uploads\/2026\/03\/rosa_julio_franquismo_1-1-18x10.webp 18w\" sizes=\"(max-width: 1920px) 100vw, 1920px\" \/><\/figure>\n\n\n\n<h5 class=\"wp-block-heading has-text-align-right\">Julio Pacheco i Rosa Garc\u00eda surten del jutjat. Centre Sira<\/h5>\n\n\n\n<p><br>El querellante, Julio Pacheco, est\u00e1 muy satisfecho con su declaraci\u00f3n destacando la relevancia que tiene el que por fin un Juzgado tome declaraci\u00f3n, en el marco de un proceso penal, a una persona que sufri\u00f3 graves vulneraciones punibles de derechos humanos durante la dictadura franquista. El querellante ha descrito el trato recibido por parte de la jueza como \u201cmuy amable y receptiva, con un tratamiento muy bueno; me he sentido muy a gusto y tranquilo.\u201d Asimismo, ha expresado: \u201cel proceso sigue y yo creo que el proceso va a seguir. Es empezar ya a romper el muro este del silencio y de impunidad que tenemos y que hayamos declarado hoy nosotras significa que puede haber m\u00e1s y que podemos, por fin, tener justicia aqu\u00ed en el Estado espa\u00f1ol.\u201d<\/p>\n\n\n\n<p>Desde&nbsp;<a href=\"https:\/\/www.ceaqua.org\/\">CEAQUA<\/a>,&nbsp;<a href=\"https:\/\/www.es.amnesty.org\/\">Amnistia Internacional<\/a>,&nbsp;<a href=\"https:\/\/iridia.cat\/\">Iridia<\/a>&nbsp;y&nbsp;Sira, queremos destacar que esta es la&nbsp;<strong>primera vez<\/strong>&nbsp;que un Juzgado espa\u00f1ol toma declaraci\u00f3n a una v\u00edctima de torturas durante el franquismo, en un contexto de cr\u00edmenes contra la humanidad, siendo este hecho tan importante como excepcional.<\/p>\n\n\n\n<p>Debemos recordar que m\u00e1s de cien querellas en las que se denunciaban cr\u00edmenes contra la humanidad, cr\u00edmenes franquistas, han sido archivadas, algunas de ellas con posterioridad a que se promulgara la vigente Ley de Memoria Democr\u00e1tica.<\/p>\n\n\n\n<p>El Estado espa\u00f1ol actualmente, aun teniendo en cuenta el avance y la din\u00e1mica que en este \u00e1mbito puede generar la admisi\u00f3n a tr\u00e1mite de la querella que en su d\u00eda present\u00f3 Julio Pacheco, mantiene un marco de impunidad general que sigue impidiendo la investigaci\u00f3n judicial de los cr\u00edmenes franquistas.<\/p>\n\n\n\n<p>Por ello, desde las organizaciones de derechos humanos queremos interpelar&nbsp;<strong>al poder judicial, al legislativo y al ejecutivo, y la fiscal\u00eda<\/strong>&nbsp;para que adopten todas las medidas necesarias e imprescindibles para que este hecho excepcional se convierta en un hecho habitual, en definitiva, para que se reviertan de una vez por todas las pol\u00edticas de impunidad mantenidas hasta la fecha.<\/p>\n\n\n\n<p>Adem\u00e1s, recordamos a las formaciones pol\u00edticas que las medidas legislativas adoptadas hasta ahora no garantizan plenamente y de forma efectiva el derecho a la verdad, la justicia, la reparaci\u00f3n y las garant\u00edas de no repetici\u00f3n a las v\u00edctimas de los cr\u00edmenes franquistas. Son necesarias medidas legislativas ajustadas, rigurosas y mucho m\u00e1s ambiciosas, siempre en consonancia con lo exigido desde el<strong>&nbsp;Consejo de Derechos Humanos de las Naciones Unidas<\/strong>, para revertir las pol\u00edticas de olvido e impunidad mantenidas desde que hace ya casi 45 a\u00f1os se promulg\u00f3 la Constituci\u00f3n Espa\u00f1ola.<\/p>\n\n\n\n<p>Continuaremos presentando querellas en los Juzgados y Tribunales espa\u00f1oles y reclamando el derecho a la verdad, justicia, reparaci\u00f3n y garant\u00edas de no repetici\u00f3n hasta romper el muro de impunidad que impiden la investigaci\u00f3n de los cr\u00edmenes franquistas.<\/p>\n\n\n\n<p><\/p>","protected":false},"excerpt":{"rendered":"<p>Tras 6 a\u00f1os de lucha en los juzgados espa\u00f1oles y 100 querellas presentadas, se produce la primera declaraci\u00f3n de una v\u00edctima de torturas del franquismo en un Juzgado espa\u00f1ol Las organizaciones sociales instan a los poderes p\u00fablicos y a los partidos pol\u00edticos a adoptar todas las medidas necesarias para que este hecho excepcional deje de [&hellip;]<\/p>\n","protected":false},"author":3,"featured_media":826,"comment_status":"open","ping_status":"open","sticky":false,"template":"","format":"standard","meta":{"footnotes":""},"categories":[13,15],"tags":[],"class_list":["post-825","post","type-post","status-publish","format-standard","has-post-thumbnail","hentry","category-actualidad","category-memoria-historica"],"yoast_head":"<!-- This site is optimized with the Yoast SEO plugin v27.4 - https:\/\/yoast.com\/product\/yoast-seo-wordpress\/ -->\n<title>Primera brecha en el muro de impunidad de los cr\u00edmenes del franquismo - Centro Sira<\/title>\n<meta name=\"robots\" content=\"index, follow, max-snippet:-1, max-image-preview:large, max-video-preview:-1\" \/>\n<link rel=\"canonical\" href=\"https:\/\/centrosira.org\/ca\/primera-declaracion-de-una-victima-de-torturas-del-franquismo-julio-pacheco\/\" \/>\n<meta property=\"og:locale\" content=\"ca_ES\" \/>\n<meta property=\"og:type\" content=\"article\" \/>\n<meta property=\"og:title\" content=\"Primera brecha en el muro de impunidad de los cr\u00edmenes del franquismo - Centro Sira\" \/>\n<meta property=\"og:description\" content=\"Tras 6 a\u00f1os de lucha en los juzgados espa\u00f1oles y 100 querellas presentadas, se produce la primera declaraci\u00f3n de una v\u00edctima de torturas del franquismo en un Juzgado espa\u00f1ol Las organizaciones sociales instan a los poderes p\u00fablicos y a los partidos pol\u00edticos a adoptar todas las medidas necesarias para que este hecho excepcional deje de [&hellip;]\" \/>\n<meta property=\"og:url\" content=\"https:\/\/centrosira.org\/ca\/primera-declaracion-de-una-victima-de-torturas-del-franquismo-julio-pacheco\/\" \/>\n<meta property=\"og:site_name\" content=\"Centro Sira\" \/>\n<meta property=\"article:publisher\" content=\"https:\/\/www.facebook.com\/siracentro\" \/>\n<meta property=\"article:published_time\" content=\"2026-03-06T08:40:45+00:00\" \/>\n<meta property=\"article:modified_time\" content=\"2026-03-09T10:46:39+00:00\" \/>\n<meta property=\"og:image\" content=\"https:\/\/centrosira.org\/wp-content\/uploads\/2026\/03\/rosa_julio_franquismo_1.webp\" \/>\n\t<meta property=\"og:image:width\" content=\"1920\" \/>\n\t<meta property=\"og:image:height\" content=\"1080\" \/>\n\t<meta property=\"og:image:type\" content=\"image\/webp\" \/>\n<meta name=\"author\" content=\"Israel V\" \/>\n<meta name=\"twitter:card\" content=\"summary_large_image\" \/>\n<meta name=\"twitter:creator\" content=\"@sira_centro\" \/>\n<meta name=\"twitter:site\" content=\"@sira_centro\" \/>\n<meta name=\"twitter:label1\" content=\"Escrit per\" \/>\n\t<meta name=\"twitter:data1\" content=\"Israel V\" \/>\n\t<meta name=\"twitter:label2\" content=\"Temps estimat de lectura\" \/>\n\t<meta name=\"twitter:data2\" content=\"5 minuts\" \/>\n<script type=\"application\/ld+json\" class=\"yoast-schema-graph\">{\"@context\":\"https:\\\/\\\/schema.org\",\"@graph\":[{\"@type\":\"Article\",\"@id\":\"https:\\\/\\\/centrosira.org\\\/primera-declaracion-de-una-victima-de-torturas-del-franquismo-julio-pacheco\\\/#article\",\"isPartOf\":{\"@id\":\"https:\\\/\\\/centrosira.org\\\/primera-declaracion-de-una-victima-de-torturas-del-franquismo-julio-pacheco\\\/\"},\"author\":{\"name\":\"Israel V\",\"@id\":\"https:\\\/\\\/centrosira.org\\\/#\\\/schema\\\/person\\\/9815ff63267f2e2957c81988f684c7ba\"},\"headline\":\"Primera brecha en el muro de impunidad de los cr\u00edmenes del franquismo\",\"datePublished\":\"2026-03-06T08:40:45+00:00\",\"dateModified\":\"2026-03-09T10:46:39+00:00\",\"mainEntityOfPage\":{\"@id\":\"https:\\\/\\\/centrosira.org\\\/primera-declaracion-de-una-victima-de-torturas-del-franquismo-julio-pacheco\\\/\"},\"wordCount\":960,\"commentCount\":0,\"publisher\":{\"@id\":\"https:\\\/\\\/centrosira.org\\\/#organization\"},\"image\":{\"@id\":\"https:\\\/\\\/centrosira.org\\\/primera-declaracion-de-una-victima-de-torturas-del-franquismo-julio-pacheco\\\/#primaryimage\"},\"thumbnailUrl\":\"https:\\\/\\\/centrosira.org\\\/wp-content\\\/uploads\\\/2026\\\/03\\\/rosa_julio_franquismo_1.webp\",\"articleSection\":[\"Actualidad\",\"Memoria hist\u00f3rica\"],\"inLanguage\":\"ca\",\"potentialAction\":[{\"@type\":\"CommentAction\",\"name\":\"Comment\",\"target\":[\"https:\\\/\\\/centrosira.org\\\/primera-declaracion-de-una-victima-de-torturas-del-franquismo-julio-pacheco\\\/#respond\"]}]},{\"@type\":\"WebPage\",\"@id\":\"https:\\\/\\\/centrosira.org\\\/primera-declaracion-de-una-victima-de-torturas-del-franquismo-julio-pacheco\\\/\",\"url\":\"https:\\\/\\\/centrosira.org\\\/primera-declaracion-de-una-victima-de-torturas-del-franquismo-julio-pacheco\\\/\",\"name\":\"Primera brecha en el muro de impunidad de los cr\u00edmenes del franquismo - Centro Sira\",\"isPartOf\":{\"@id\":\"https:\\\/\\\/centrosira.org\\\/#website\"},\"primaryImageOfPage\":{\"@id\":\"https:\\\/\\\/centrosira.org\\\/primera-declaracion-de-una-victima-de-torturas-del-franquismo-julio-pacheco\\\/#primaryimage\"},\"image\":{\"@id\":\"https:\\\/\\\/centrosira.org\\\/primera-declaracion-de-una-victima-de-torturas-del-franquismo-julio-pacheco\\\/#primaryimage\"},\"thumbnailUrl\":\"https:\\\/\\\/centrosira.org\\\/wp-content\\\/uploads\\\/2026\\\/03\\\/rosa_julio_franquismo_1.webp\",\"datePublished\":\"2026-03-06T08:40:45+00:00\",\"dateModified\":\"2026-03-09T10:46:39+00:00\",\"breadcrumb\":{\"@id\":\"https:\\\/\\\/centrosira.org\\\/primera-declaracion-de-una-victima-de-torturas-del-franquismo-julio-pacheco\\\/#breadcrumb\"},\"inLanguage\":\"ca\",\"potentialAction\":[{\"@type\":\"ReadAction\",\"target\":[\"https:\\\/\\\/centrosira.org\\\/primera-declaracion-de-una-victima-de-torturas-del-franquismo-julio-pacheco\\\/\"]}]},{\"@type\":\"ImageObject\",\"inLanguage\":\"ca\",\"@id\":\"https:\\\/\\\/centrosira.org\\\/primera-declaracion-de-una-victima-de-torturas-del-franquismo-julio-pacheco\\\/#primaryimage\",\"url\":\"https:\\\/\\\/centrosira.org\\\/wp-content\\\/uploads\\\/2026\\\/03\\\/rosa_julio_franquismo_1.webp\",\"contentUrl\":\"https:\\\/\\\/centrosira.org\\\/wp-content\\\/uploads\\\/2026\\\/03\\\/rosa_julio_franquismo_1.webp\",\"width\":1920,\"height\":1080},{\"@type\":\"BreadcrumbList\",\"@id\":\"https:\\\/\\\/centrosira.org\\\/primera-declaracion-de-una-victima-de-torturas-del-franquismo-julio-pacheco\\\/#breadcrumb\",\"itemListElement\":[{\"@type\":\"ListItem\",\"position\":1,\"name\":\"Portada\",\"item\":\"https:\\\/\\\/centrosira.org\\\/\"},{\"@type\":\"ListItem\",\"position\":2,\"name\":\"Primera brecha en el muro de impunidad de los cr\u00edmenes del franquismo\"}]},{\"@type\":\"WebSite\",\"@id\":\"https:\\\/\\\/centrosira.org\\\/#website\",\"url\":\"https:\\\/\\\/centrosira.org\\\/\",\"name\":\"Centro Sira\",\"description\":\"\",\"publisher\":{\"@id\":\"https:\\\/\\\/centrosira.org\\\/#organization\"},\"alternateName\":\"Centro de Atenci\u00f3n a V\u00edctimas de Malos Tratos y Tortura\",\"potentialAction\":[{\"@type\":\"SearchAction\",\"target\":{\"@type\":\"EntryPoint\",\"urlTemplate\":\"https:\\\/\\\/centrosira.org\\\/?s={search_term_string}\"},\"query-input\":{\"@type\":\"PropertyValueSpecification\",\"valueRequired\":true,\"valueName\":\"search_term_string\"}}],\"inLanguage\":\"ca\"},{\"@type\":\"Organization\",\"@id\":\"https:\\\/\\\/centrosira.org\\\/#organization\",\"name\":\"Centro Sira\",\"alternateName\":\"Sira\",\"url\":\"https:\\\/\\\/centrosira.org\\\/\",\"logo\":{\"@type\":\"ImageObject\",\"inLanguage\":\"ca\",\"@id\":\"https:\\\/\\\/centrosira.org\\\/#\\\/schema\\\/logo\\\/image\\\/\",\"url\":null,\"contentUrl\":null,\"width\":null,\"height\":null,\"caption\":\"Centro Sira\"},\"image\":{\"@id\":\"https:\\\/\\\/centrosira.org\\\/#\\\/schema\\\/logo\\\/image\\\/\"},\"sameAs\":[\"https:\\\/\\\/www.facebook.com\\\/siracentro\",\"https:\\\/\\\/x.com\\\/sira_centro\",\"https:\\\/\\\/www.instagram.com\\\/sira_centro\\\/\",\"https:\\\/\\\/www.linkedin.com\\\/company\\\/sira-centro\\\/?originalSubdomain=es\",\"https:\\\/\\\/www.youtube.com\\\/@sira_centro\"]},{\"@type\":\"Person\",\"@id\":\"https:\\\/\\\/centrosira.org\\\/#\\\/schema\\\/person\\\/9815ff63267f2e2957c81988f684c7ba\",\"name\":\"Israel V\",\"image\":{\"@type\":\"ImageObject\",\"inLanguage\":\"ca\",\"@id\":\"https:\\\/\\\/secure.gravatar.com\\\/avatar\\\/b835441d5f77c22b9bbc6c394fca699d2d7dfd928f4ff56c43763984e664c8f2?s=96&d=mm&r=g\",\"url\":\"https:\\\/\\\/secure.gravatar.com\\\/avatar\\\/b835441d5f77c22b9bbc6c394fca699d2d7dfd928f4ff56c43763984e664c8f2?s=96&d=mm&r=g\",\"contentUrl\":\"https:\\\/\\\/secure.gravatar.com\\\/avatar\\\/b835441d5f77c22b9bbc6c394fca699d2d7dfd928f4ff56c43763984e664c8f2?s=96&d=mm&r=g\",\"caption\":\"Israel V\"},\"url\":\"https:\\\/\\\/centrosira.org\\\/ca\\\/author\\\/contelob2892sira\\\/\"}]}<\/script>\n<!-- \/ Yoast SEO plugin. -->","yoast_head_json":{"title":"Primera brecha en el muro de impunidad de los cr\u00edmenes del franquismo - Centro Sira","robots":{"index":"index","follow":"follow","max-snippet":"max-snippet:-1","max-image-preview":"max-image-preview:large","max-video-preview":"max-video-preview:-1"},"canonical":"https:\/\/centrosira.org\/ca\/primera-declaracion-de-una-victima-de-torturas-del-franquismo-julio-pacheco\/","og_locale":"ca_ES","og_type":"article","og_title":"Primera brecha en el muro de impunidad de los cr\u00edmenes del franquismo - Centro Sira","og_description":"Tras 6 a\u00f1os de lucha en los juzgados espa\u00f1oles y 100 querellas presentadas, se produce la primera declaraci\u00f3n de una v\u00edctima de torturas del franquismo en un Juzgado espa\u00f1ol Las organizaciones sociales instan a los poderes p\u00fablicos y a los partidos pol\u00edticos a adoptar todas las medidas necesarias para que este hecho excepcional deje de [&hellip;]","og_url":"https:\/\/centrosira.org\/ca\/primera-declaracion-de-una-victima-de-torturas-del-franquismo-julio-pacheco\/","og_site_name":"Centro Sira","article_publisher":"https:\/\/www.facebook.com\/siracentro","article_published_time":"2026-03-06T08:40:45+00:00","article_modified_time":"2026-03-09T10:46:39+00:00","og_image":[{"width":1920,"height":1080,"url":"https:\/\/centrosira.org\/wp-content\/uploads\/2026\/03\/rosa_julio_franquismo_1.webp","type":"image\/webp"}],"author":"Israel V","twitter_card":"summary_large_image","twitter_creator":"@sira_centro","twitter_site":"@sira_centro","twitter_misc":{"Escrit per":"Israel V","Temps estimat de lectura":"5 minuts"},"schema":{"@context":"https:\/\/schema.org","@graph":[{"@type":"Article","@id":"https:\/\/centrosira.org\/primera-declaracion-de-una-victima-de-torturas-del-franquismo-julio-pacheco\/#article","isPartOf":{"@id":"https:\/\/centrosira.org\/primera-declaracion-de-una-victima-de-torturas-del-franquismo-julio-pacheco\/"},"author":{"name":"Israel V","@id":"https:\/\/centrosira.org\/#\/schema\/person\/9815ff63267f2e2957c81988f684c7ba"},"headline":"Primera brecha en el muro de impunidad de los cr\u00edmenes del franquismo","datePublished":"2026-03-06T08:40:45+00:00","dateModified":"2026-03-09T10:46:39+00:00","mainEntityOfPage":{"@id":"https:\/\/centrosira.org\/primera-declaracion-de-una-victima-de-torturas-del-franquismo-julio-pacheco\/"},"wordCount":960,"commentCount":0,"publisher":{"@id":"https:\/\/centrosira.org\/#organization"},"image":{"@id":"https:\/\/centrosira.org\/primera-declaracion-de-una-victima-de-torturas-del-franquismo-julio-pacheco\/#primaryimage"},"thumbnailUrl":"https:\/\/centrosira.org\/wp-content\/uploads\/2026\/03\/rosa_julio_franquismo_1.webp","articleSection":["Actualidad","Memoria hist\u00f3rica"],"inLanguage":"ca","potentialAction":[{"@type":"CommentAction","name":"Comment","target":["https:\/\/centrosira.org\/primera-declaracion-de-una-victima-de-torturas-del-franquismo-julio-pacheco\/#respond"]}]},{"@type":"WebPage","@id":"https:\/\/centrosira.org\/primera-declaracion-de-una-victima-de-torturas-del-franquismo-julio-pacheco\/","url":"https:\/\/centrosira.org\/primera-declaracion-de-una-victima-de-torturas-del-franquismo-julio-pacheco\/","name":"Primera brecha en el muro de impunidad de los cr\u00edmenes del franquismo - Centro Sira","isPartOf":{"@id":"https:\/\/centrosira.org\/#website"},"primaryImageOfPage":{"@id":"https:\/\/centrosira.org\/primera-declaracion-de-una-victima-de-torturas-del-franquismo-julio-pacheco\/#primaryimage"},"image":{"@id":"https:\/\/centrosira.org\/primera-declaracion-de-una-victima-de-torturas-del-franquismo-julio-pacheco\/#primaryimage"},"thumbnailUrl":"https:\/\/centrosira.org\/wp-content\/uploads\/2026\/03\/rosa_julio_franquismo_1.webp","datePublished":"2026-03-06T08:40:45+00:00","dateModified":"2026-03-09T10:46:39+00:00","breadcrumb":{"@id":"https:\/\/centrosira.org\/primera-declaracion-de-una-victima-de-torturas-del-franquismo-julio-pacheco\/#breadcrumb"},"inLanguage":"ca","potentialAction":[{"@type":"ReadAction","target":["https:\/\/centrosira.org\/primera-declaracion-de-una-victima-de-torturas-del-franquismo-julio-pacheco\/"]}]},{"@type":"ImageObject","inLanguage":"ca","@id":"https:\/\/centrosira.org\/primera-declaracion-de-una-victima-de-torturas-del-franquismo-julio-pacheco\/#primaryimage","url":"https:\/\/centrosira.org\/wp-content\/uploads\/2026\/03\/rosa_julio_franquismo_1.webp","contentUrl":"https:\/\/centrosira.org\/wp-content\/uploads\/2026\/03\/rosa_julio_franquismo_1.webp","width":1920,"height":1080},{"@type":"BreadcrumbList","@id":"https:\/\/centrosira.org\/primera-declaracion-de-una-victima-de-torturas-del-franquismo-julio-pacheco\/#breadcrumb","itemListElement":[{"@type":"ListItem","position":1,"name":"Portada","item":"https:\/\/centrosira.org\/"},{"@type":"ListItem","position":2,"name":"Primera brecha en el muro de impunidad de los cr\u00edmenes del franquismo"}]},{"@type":"WebSite","@id":"https:\/\/centrosira.org\/#website","url":"https:\/\/centrosira.org\/","name":"Centre Sira","description":"","publisher":{"@id":"https:\/\/centrosira.org\/#organization"},"alternateName":"Centro de Atenci\u00f3n a V\u00edctimas de Malos Tratos y Tortura","potentialAction":[{"@type":"SearchAction","target":{"@type":"EntryPoint","urlTemplate":"https:\/\/centrosira.org\/?s={search_term_string}"},"query-input":{"@type":"PropertyValueSpecification","valueRequired":true,"valueName":"search_term_string"}}],"inLanguage":"ca"},{"@type":"Organization","@id":"https:\/\/centrosira.org\/#organization","name":"Centre Sira","alternateName":"Sira","url":"https:\/\/centrosira.org\/","logo":{"@type":"ImageObject","inLanguage":"ca","@id":"https:\/\/centrosira.org\/#\/schema\/logo\/image\/","url":null,"contentUrl":null,"width":null,"height":null,"caption":"Centro Sira"},"image":{"@id":"https:\/\/centrosira.org\/#\/schema\/logo\/image\/"},"sameAs":["https:\/\/www.facebook.com\/siracentro","https:\/\/x.com\/sira_centro","https:\/\/www.instagram.com\/sira_centro\/","https:\/\/www.linkedin.com\/company\/sira-centro\/?originalSubdomain=es","https:\/\/www.youtube.com\/@sira_centro"]},{"@type":"Person","@id":"https:\/\/centrosira.org\/#\/schema\/person\/9815ff63267f2e2957c81988f684c7ba","name":"Israel V","image":{"@type":"ImageObject","inLanguage":"ca","@id":"https:\/\/secure.gravatar.com\/avatar\/b835441d5f77c22b9bbc6c394fca699d2d7dfd928f4ff56c43763984e664c8f2?s=96&d=mm&r=g","url":"https:\/\/secure.gravatar.com\/avatar\/b835441d5f77c22b9bbc6c394fca699d2d7dfd928f4ff56c43763984e664c8f2?s=96&d=mm&r=g","contentUrl":"https:\/\/secure.gravatar.com\/avatar\/b835441d5f77c22b9bbc6c394fca699d2d7dfd928f4ff56c43763984e664c8f2?s=96&d=mm&r=g","caption":"Israel V"},"url":"https:\/\/centrosira.org\/ca\/author\/contelob2892sira\/"}]}},"_links":{"self":[{"href":"https:\/\/centrosira.org\/ca\/wp-json\/wp\/v2\/posts\/825","targetHints":{"allow":["GET"]}}],"collection":[{"href":"https:\/\/centrosira.org\/ca\/wp-json\/wp\/v2\/posts"}],"about":[{"href":"https:\/\/centrosira.org\/ca\/wp-json\/wp\/v2\/types\/post"}],"author":[{"embeddable":true,"href":"https:\/\/centrosira.org\/ca\/wp-json\/wp\/v2\/users\/3"}],"replies":[{"embeddable":true,"href":"https:\/\/centrosira.org\/ca\/wp-json\/wp\/v2\/comments?post=825"}],"version-history":[{"count":3,"href":"https:\/\/centrosira.org\/ca\/wp-json\/wp\/v2\/posts\/825\/revisions"}],"predecessor-version":[{"id":1023,"href":"https:\/\/centrosira.org\/ca\/wp-json\/wp\/v2\/posts\/825\/revisions\/1023"}],"wp:featuredmedia":[{"embeddable":true,"href":"https:\/\/centrosira.org\/ca\/wp-json\/wp\/v2\/media\/826"}],"wp:attachment":[{"href":"https:\/\/centrosira.org\/ca\/wp-json\/wp\/v2\/media?parent=825"}],"wp:term":[{"taxonomy":"category","embeddable":true,"href":"https:\/\/centrosira.org\/ca\/wp-json\/wp\/v2\/categories?post=825"},{"taxonomy":"post_tag","embeddable":true,"href":"https:\/\/centrosira.org\/ca\/wp-json\/wp\/v2\/tags?post=825"}],"curies":[{"name":"wp","href":"https:\/\/api.w.org\/{rel}","templated":true}]}}