{"id":807,"date":"2026-03-05T14:27:01","date_gmt":"2026-03-05T13:27:01","guid":{"rendered":"https:\/\/centrosira.org\/?p=807"},"modified":"2026-03-09T11:48:51","modified_gmt":"2026-03-09T10:48:51","slug":"silencios-trauma-pau-perez-sales","status":"publish","type":"post","link":"https:\/\/centrosira.org\/ca\/silencios-trauma-pau-perez-sales\/","title":{"rendered":"Algunes raons per al silenci"},"content":{"rendered":"\n<h3 class=\"wp-block-heading\">El silencio es parte de la vida cotidiana de las personas con las que trabajamos. Un silencio hacia afuera que es, en cambio, muchas veces, un ruido atronador hacia dentro que agota<\/h3>\n\n\n\n<h5 class=\"wp-block-heading\">PAU P\u00c9REZ SALES<\/h5>\n\n\n\n<h5 class=\"wp-block-heading\">Director cl\u00ednico del Centro Sir[a]<\/h5>\n\n\n\n<hr class=\"wp-block-separator has-alpha-channel-opacity\" style=\"margin-top:15px;margin-bottom:15px\"\/>\n\n\n\n<p><strong>El silencio es parte de la vida cotidiana de las personas con las que trabajamos<\/strong>. Un silencio hacia afuera que es, en cambio, muchas veces,&nbsp;<strong>un ruido<\/strong>&nbsp;atronador hacia dentro que agota, hecho de sombras innombrables, porque para ponerles nombre hay que ponerles cara y porque ponerles rostro es darles carta de realidad.&nbsp;&nbsp;<\/p>\n\n\n\n<p>Muchas veces nos preguntamos&nbsp;<strong>el por qu\u00e9 de este silencio<\/strong>. Lo preguntan los jueces, el personal de la administraci\u00f3n o los servicios sociales que leen muchas veces las afon\u00edas del alma como los pasos en falso del que miente.&nbsp;<\/p>\n\n\n\n<blockquote class=\"wp-block-quote is-layout-flow wp-block-quote-is-layout-flow\" style=\"margin-top:15px;margin-bottom:15px\">\n<p>\u201dY pensamos que deber\u00eda ser f\u00e1cil compartir lo vivido si es cierto que eso va a suponer un alivio. Pero hablar, es a veces, casi tan traum\u00e1tico como hacerlo.<\/p>\n<\/blockquote>\n\n\n\n<p>Y pensamos que deber\u00eda ser f\u00e1cil compartir lo vivido&nbsp;si es cierto que eso va a suponer un alivio.&nbsp;<strong>Pero hablar, es a veces, casi tan traum\u00e1tico como hacerlo<\/strong>. Contaba&nbsp;<a href=\"https:\/\/www.cervantes.es\/bibliotecas_documentacion_espanol\/creadores\/semprun_jorge.htm\">Sempr\u00fan<\/a>&nbsp;en&nbsp;<a href=\"https:\/\/www.planetadelibros.com\/libro-la-escritura-o-la-vida\/193056\">La Escritura o la Vida<\/a>&nbsp;que, al salir del campo de concentraci\u00f3n en que hab\u00eda estado los \u00faltimos dos a\u00f1os, se cruz\u00f3 con tres soldados franceses en un camino cercano al campo. A medida que se acercaba iba observando&nbsp;como&nbsp;se transformaba la mirada de aquellos, mezcla de horror, incredulidad y compasi\u00f3n.<strong>&nbsp;\u00bfC\u00f3mo contarles \u2013 reflexionaba Sempr\u00fan \u2013 el olor de las chimeneas del campo&nbsp;de concentraci\u00f3n a quien nunca estuvo cerca de esa&nbsp;realidad?<\/strong>.&nbsp;Es el muro invisible de la&nbsp;victima&nbsp;que convierte la realidad en el nosotros de las&nbsp;victimas&nbsp;y el ellos -los que no pueden entender \u2013 del resto del mundo.<strong>&nbsp;Es la encrucijada de quienes no podremos nunca entender el olor de las chimeneas de Palestina, asediada en estos d\u00edas por ritos de venganza que se dicen sagrados.&nbsp;<\/strong><strong>&nbsp;<\/strong><\/p>\n\n\n\n<p><strong>Enmudece el propio trauma<\/strong>, que es el primero de los silencios. El trauma de haber vivido la muerte inminente, del miedo incoercible, la indefensi\u00f3n y la p\u00e9rdida absoluta de control, las im\u00e1genes traum\u00e1ticas y las vivencias de verg\u00fcenza, humillaci\u00f3n y culpa.&nbsp;&nbsp;<\/p>\n\n\n\n<p><strong>Enmudecen los apuros para hablar<\/strong>, y son el segundo silencio. La dificultad de los procesos legales, muchas veces en un pa\u00eds y una cultura que no son las tuyas, enmudecen la carencia de medios econ\u00f3micos para sustentarlos \u2013 \u00bfcu\u00e1nto cuesta un peritaje privado en nuestras sociedades que hacen de todo beneficio? \u00bfqu\u00e9 forenses de un juzgado escucharan con el tiempo y el respeto que las v\u00edctimas de tortura necesitan?-. Pero sobre todo, \u00bfcu\u00e1nto tiempo y energ\u00eda puede dedicar una persona a todo este proceso, cuando tiene que focalizar sus esfuerzos en la supervivencia inmediata?&nbsp;<\/p>\n\n\n\n<p><strong>Hacen callar las actitudes<\/strong>&nbsp;de quienes escuchan el dolor con aire rutinario y mirada esc\u00e9ptica, naturalizando las violencias, minimizando la gravedad de los hechos o compar\u00e1ndolo con el de otras v\u00edctimas, como si pudiera hacerse una gradaci\u00f3n de sufrimientos. Cu\u00e1ntas victimas callan porque -en su entender- no sufrieron tanto como otras, y en esa verg\u00fcenza del superviviente donde minimizan su relato y opacan los hechos que han vivido.&nbsp;&nbsp;<\/p>\n\n\n\n<p><strong>Hacen callar la ausencia de salvaguardas jur\u00eddicas<\/strong>, la documentaci\u00f3n hecha sin el respeto a las garant\u00edas m\u00ednimas, violando principios de independencia de los profesionales m\u00e9dicos, con una documentaci\u00f3n forense de escasa calidad y valor legal.&nbsp;<\/p>\n\n\n\n<p>Pero hacen callar tambi\u00e9n&nbsp;<strong>la autocensura<\/strong>, no querer hacer da\u00f1o a los familiares, intentar evitar que lo que fue vivido como humillaci\u00f3n sea ahora tambi\u00e9n un menoscabo compartido.&nbsp;<strong>Evitar la compasi\u00f3n<\/strong>.&nbsp;&nbsp;<\/p>\n\n\n\n<p>Para la mayor\u00eda de las&nbsp;<strong>personas superviviente<\/strong>s el relato de lo ocurrido y las emociones y pensamientos que conlleva requiere de un tiempo, del lapso hasta que llega \u201cel momento en que es posible contar\u201d, en que las rumiaciones dan, por fin, la cosecha del relato, por fragmentado que sea.&nbsp;<\/p>\n\n\n\n<p>Y provoca silencio el&nbsp;<strong>convencimiento<\/strong>, muchas veces irreductible, y por desgracia, demasiadas veces cierto, respecto a la impunidad del perpetrador y quienes le amparan y encubren,&nbsp; con una conciencia clara de la diferencia existente entre el poder y el estatus de unos y las vulnerabilidades y el estigma de otras.&nbsp;<\/p>\n\n\n\n<p><strong>\u00bfPor qu\u00e9 el silencio?&nbsp;<\/strong>Para muchos supervivientes la pregunta en realidad es:&nbsp;<strong>\u00bfpor qu\u00e9 hablar?<\/strong>&nbsp;<\/p>\n\n\n\n<div class=\"wp-block-group is-nowrap is-layout-flex wp-container-core-group-is-layout-6c531013 wp-block-group-is-layout-flex\">\n<figure class=\"wp-block-image size-large\"><img fetchpriority=\"high\" decoding=\"async\" width=\"1024\" height=\"1024\" src=\"https:\/\/centrosira.org\/wp-content\/uploads\/2026\/03\/pau_newsletter_1-1024x1024.webp\" alt=\"\" class=\"wp-image-736\" srcset=\"https:\/\/centrosira.org\/wp-content\/uploads\/2026\/03\/pau_newsletter_1-1024x1024.webp 1024w, https:\/\/centrosira.org\/wp-content\/uploads\/2026\/03\/pau_newsletter_1-300x300.webp 300w, https:\/\/centrosira.org\/wp-content\/uploads\/2026\/03\/pau_newsletter_1-150x150.webp 150w, https:\/\/centrosira.org\/wp-content\/uploads\/2026\/03\/pau_newsletter_1-768x768.webp 768w, https:\/\/centrosira.org\/wp-content\/uploads\/2026\/03\/pau_newsletter_1-12x12.webp 12w, https:\/\/centrosira.org\/wp-content\/uploads\/2026\/03\/pau_newsletter_1.webp 1080w\" sizes=\"(max-width: 1024px) 100vw, 1024px\" \/><\/figure>\n\n\n\n<div class=\"wp-block-group is-vertical is-layout-flex wp-container-core-group-is-layout-fe9cc265 wp-block-group-is-layout-flex\">\n<p>\u201dMuchas veces nos preguntamos el por qu\u00e9 de este silencio. Lo preguntan los jueces, el personal de la administraci\u00f3n o los servicios sociales que leen muchas veces las afon\u00edas del alma como los pasos en falso del que miente.<\/p>\n\n\n\n<p>Pau P\u00e9rez Sales<\/p>\n\n\n\n<p>Director cl\u00ednico del Centro Sir[a]<\/p>\n<\/div>\n<\/div>\n","protected":false},"excerpt":{"rendered":"<p>El silencio es parte de la vida cotidiana de las personas con las que trabajamos. Un silencio hacia afuera que es, en cambio, muchas veces, un ruido atronador hacia dentro que agota PAU P\u00c9REZ SALES Director cl\u00ednico del Centro Sir[a] El silencio es parte de la vida cotidiana de las personas con las que trabajamos. [&hellip;]<\/p>\n","protected":false},"author":3,"featured_media":808,"comment_status":"open","ping_status":"open","sticky":false,"template":"","format":"standard","meta":{"footnotes":""},"categories":[24,25],"tags":[],"class_list":["post-807","post","type-post","status-publish","format-standard","has-post-thumbnail","hentry","category-otra-mirada","category-sira"],"yoast_head":"<!-- This site is optimized with the Yoast SEO plugin v27.4 - https:\/\/yoast.com\/product\/yoast-seo-wordpress\/ -->\n<title>Algunas razones para el silencio - Centro Sira<\/title>\n<meta name=\"robots\" content=\"index, follow, max-snippet:-1, max-image-preview:large, max-video-preview:-1\" \/>\n<link rel=\"canonical\" href=\"https:\/\/centrosira.org\/ca\/silencios-trauma-pau-perez-sales\/\" \/>\n<meta property=\"og:locale\" content=\"ca_ES\" \/>\n<meta property=\"og:type\" content=\"article\" \/>\n<meta property=\"og:title\" content=\"Algunas razones para el silencio - Centro Sira\" \/>\n<meta property=\"og:description\" content=\"El silencio es parte de la vida cotidiana de las personas con las que trabajamos. Un silencio hacia afuera que es, en cambio, muchas veces, un ruido atronador hacia dentro que agota PAU P\u00c9REZ SALES Director cl\u00ednico del Centro Sir[a] El silencio es parte de la vida cotidiana de las personas con las que trabajamos. [&hellip;]\" \/>\n<meta property=\"og:url\" content=\"https:\/\/centrosira.org\/ca\/silencios-trauma-pau-perez-sales\/\" \/>\n<meta property=\"og:site_name\" content=\"Centro Sira\" \/>\n<meta property=\"article:publisher\" content=\"https:\/\/www.facebook.com\/siracentro\" \/>\n<meta property=\"article:published_time\" content=\"2026-03-05T13:27:01+00:00\" \/>\n<meta property=\"article:modified_time\" content=\"2026-03-09T10:48:51+00:00\" \/>\n<meta property=\"og:image\" content=\"https:\/\/centrosira.org\/wp-content\/uploads\/2026\/03\/portada_web_newsletter_pau_tiny_1.webp\" \/>\n\t<meta property=\"og:image:width\" content=\"1920\" \/>\n\t<meta property=\"og:image:height\" content=\"1080\" \/>\n\t<meta property=\"og:image:type\" content=\"image\/webp\" \/>\n<meta name=\"author\" content=\"Israel V\" \/>\n<meta name=\"twitter:card\" content=\"summary_large_image\" \/>\n<meta name=\"twitter:creator\" content=\"@sira_centro\" \/>\n<meta name=\"twitter:site\" content=\"@sira_centro\" \/>\n<meta name=\"twitter:label1\" content=\"Escrit per\" \/>\n\t<meta name=\"twitter:data1\" content=\"Israel V\" \/>\n\t<meta name=\"twitter:label2\" content=\"Temps estimat de lectura\" \/>\n\t<meta name=\"twitter:data2\" content=\"4 minuts\" \/>\n<script type=\"application\/ld+json\" class=\"yoast-schema-graph\">{\"@context\":\"https:\\\/\\\/schema.org\",\"@graph\":[{\"@type\":\"Article\",\"@id\":\"https:\\\/\\\/centrosira.org\\\/silencios-trauma-pau-perez-sales\\\/#article\",\"isPartOf\":{\"@id\":\"https:\\\/\\\/centrosira.org\\\/silencios-trauma-pau-perez-sales\\\/\"},\"author\":{\"name\":\"Israel V\",\"@id\":\"https:\\\/\\\/centrosira.org\\\/#\\\/schema\\\/person\\\/9815ff63267f2e2957c81988f684c7ba\"},\"headline\":\"Algunas razones para el silencio\",\"datePublished\":\"2026-03-05T13:27:01+00:00\",\"dateModified\":\"2026-03-09T10:48:51+00:00\",\"mainEntityOfPage\":{\"@id\":\"https:\\\/\\\/centrosira.org\\\/silencios-trauma-pau-perez-sales\\\/\"},\"wordCount\":858,\"commentCount\":0,\"publisher\":{\"@id\":\"https:\\\/\\\/centrosira.org\\\/#organization\"},\"image\":{\"@id\":\"https:\\\/\\\/centrosira.org\\\/silencios-trauma-pau-perez-sales\\\/#primaryimage\"},\"thumbnailUrl\":\"https:\\\/\\\/centrosira.org\\\/wp-content\\\/uploads\\\/2026\\\/03\\\/portada_web_newsletter_pau_tiny_1.webp\",\"articleSection\":[\"Otra mirada\",\"SIRA\"],\"inLanguage\":\"ca\",\"potentialAction\":[{\"@type\":\"CommentAction\",\"name\":\"Comment\",\"target\":[\"https:\\\/\\\/centrosira.org\\\/silencios-trauma-pau-perez-sales\\\/#respond\"]}]},{\"@type\":\"WebPage\",\"@id\":\"https:\\\/\\\/centrosira.org\\\/silencios-trauma-pau-perez-sales\\\/\",\"url\":\"https:\\\/\\\/centrosira.org\\\/silencios-trauma-pau-perez-sales\\\/\",\"name\":\"Algunas razones para el silencio - Centro Sira\",\"isPartOf\":{\"@id\":\"https:\\\/\\\/centrosira.org\\\/#website\"},\"primaryImageOfPage\":{\"@id\":\"https:\\\/\\\/centrosira.org\\\/silencios-trauma-pau-perez-sales\\\/#primaryimage\"},\"image\":{\"@id\":\"https:\\\/\\\/centrosira.org\\\/silencios-trauma-pau-perez-sales\\\/#primaryimage\"},\"thumbnailUrl\":\"https:\\\/\\\/centrosira.org\\\/wp-content\\\/uploads\\\/2026\\\/03\\\/portada_web_newsletter_pau_tiny_1.webp\",\"datePublished\":\"2026-03-05T13:27:01+00:00\",\"dateModified\":\"2026-03-09T10:48:51+00:00\",\"breadcrumb\":{\"@id\":\"https:\\\/\\\/centrosira.org\\\/silencios-trauma-pau-perez-sales\\\/#breadcrumb\"},\"inLanguage\":\"ca\",\"potentialAction\":[{\"@type\":\"ReadAction\",\"target\":[\"https:\\\/\\\/centrosira.org\\\/silencios-trauma-pau-perez-sales\\\/\"]}]},{\"@type\":\"ImageObject\",\"inLanguage\":\"ca\",\"@id\":\"https:\\\/\\\/centrosira.org\\\/silencios-trauma-pau-perez-sales\\\/#primaryimage\",\"url\":\"https:\\\/\\\/centrosira.org\\\/wp-content\\\/uploads\\\/2026\\\/03\\\/portada_web_newsletter_pau_tiny_1.webp\",\"contentUrl\":\"https:\\\/\\\/centrosira.org\\\/wp-content\\\/uploads\\\/2026\\\/03\\\/portada_web_newsletter_pau_tiny_1.webp\",\"width\":1920,\"height\":1080},{\"@type\":\"BreadcrumbList\",\"@id\":\"https:\\\/\\\/centrosira.org\\\/silencios-trauma-pau-perez-sales\\\/#breadcrumb\",\"itemListElement\":[{\"@type\":\"ListItem\",\"position\":1,\"name\":\"Portada\",\"item\":\"https:\\\/\\\/centrosira.org\\\/\"},{\"@type\":\"ListItem\",\"position\":2,\"name\":\"Algunas razones para el silencio\"}]},{\"@type\":\"WebSite\",\"@id\":\"https:\\\/\\\/centrosira.org\\\/#website\",\"url\":\"https:\\\/\\\/centrosira.org\\\/\",\"name\":\"Centro Sira\",\"description\":\"\",\"publisher\":{\"@id\":\"https:\\\/\\\/centrosira.org\\\/#organization\"},\"alternateName\":\"Centro de Atenci\u00f3n a V\u00edctimas de Malos Tratos y Tortura\",\"potentialAction\":[{\"@type\":\"SearchAction\",\"target\":{\"@type\":\"EntryPoint\",\"urlTemplate\":\"https:\\\/\\\/centrosira.org\\\/?s={search_term_string}\"},\"query-input\":{\"@type\":\"PropertyValueSpecification\",\"valueRequired\":true,\"valueName\":\"search_term_string\"}}],\"inLanguage\":\"ca\"},{\"@type\":\"Organization\",\"@id\":\"https:\\\/\\\/centrosira.org\\\/#organization\",\"name\":\"Centro Sira\",\"alternateName\":\"Sira\",\"url\":\"https:\\\/\\\/centrosira.org\\\/\",\"logo\":{\"@type\":\"ImageObject\",\"inLanguage\":\"ca\",\"@id\":\"https:\\\/\\\/centrosira.org\\\/#\\\/schema\\\/logo\\\/image\\\/\",\"url\":null,\"contentUrl\":null,\"width\":null,\"height\":null,\"caption\":\"Centro Sira\"},\"image\":{\"@id\":\"https:\\\/\\\/centrosira.org\\\/#\\\/schema\\\/logo\\\/image\\\/\"},\"sameAs\":[\"https:\\\/\\\/www.facebook.com\\\/siracentro\",\"https:\\\/\\\/x.com\\\/sira_centro\",\"https:\\\/\\\/www.instagram.com\\\/sira_centro\\\/\",\"https:\\\/\\\/www.linkedin.com\\\/company\\\/sira-centro\\\/?originalSubdomain=es\",\"https:\\\/\\\/www.youtube.com\\\/@sira_centro\"]},{\"@type\":\"Person\",\"@id\":\"https:\\\/\\\/centrosira.org\\\/#\\\/schema\\\/person\\\/9815ff63267f2e2957c81988f684c7ba\",\"name\":\"Israel V\",\"image\":{\"@type\":\"ImageObject\",\"inLanguage\":\"ca\",\"@id\":\"https:\\\/\\\/secure.gravatar.com\\\/avatar\\\/b835441d5f77c22b9bbc6c394fca699d2d7dfd928f4ff56c43763984e664c8f2?s=96&d=mm&r=g\",\"url\":\"https:\\\/\\\/secure.gravatar.com\\\/avatar\\\/b835441d5f77c22b9bbc6c394fca699d2d7dfd928f4ff56c43763984e664c8f2?s=96&d=mm&r=g\",\"contentUrl\":\"https:\\\/\\\/secure.gravatar.com\\\/avatar\\\/b835441d5f77c22b9bbc6c394fca699d2d7dfd928f4ff56c43763984e664c8f2?s=96&d=mm&r=g\",\"caption\":\"Israel V\"},\"url\":\"https:\\\/\\\/centrosira.org\\\/ca\\\/author\\\/contelob2892sira\\\/\"}]}<\/script>\n<!-- \/ Yoast SEO plugin. -->","yoast_head_json":{"title":"Algunas razones para el silencio - Centro Sira","robots":{"index":"index","follow":"follow","max-snippet":"max-snippet:-1","max-image-preview":"max-image-preview:large","max-video-preview":"max-video-preview:-1"},"canonical":"https:\/\/centrosira.org\/ca\/silencios-trauma-pau-perez-sales\/","og_locale":"ca_ES","og_type":"article","og_title":"Algunas razones para el silencio - Centro Sira","og_description":"El silencio es parte de la vida cotidiana de las personas con las que trabajamos. Un silencio hacia afuera que es, en cambio, muchas veces, un ruido atronador hacia dentro que agota PAU P\u00c9REZ SALES Director cl\u00ednico del Centro Sir[a] El silencio es parte de la vida cotidiana de las personas con las que trabajamos. [&hellip;]","og_url":"https:\/\/centrosira.org\/ca\/silencios-trauma-pau-perez-sales\/","og_site_name":"Centro Sira","article_publisher":"https:\/\/www.facebook.com\/siracentro","article_published_time":"2026-03-05T13:27:01+00:00","article_modified_time":"2026-03-09T10:48:51+00:00","og_image":[{"width":1920,"height":1080,"url":"https:\/\/centrosira.org\/wp-content\/uploads\/2026\/03\/portada_web_newsletter_pau_tiny_1.webp","type":"image\/webp"}],"author":"Israel V","twitter_card":"summary_large_image","twitter_creator":"@sira_centro","twitter_site":"@sira_centro","twitter_misc":{"Escrit per":"Israel V","Temps estimat de lectura":"4 minuts"},"schema":{"@context":"https:\/\/schema.org","@graph":[{"@type":"Article","@id":"https:\/\/centrosira.org\/silencios-trauma-pau-perez-sales\/#article","isPartOf":{"@id":"https:\/\/centrosira.org\/silencios-trauma-pau-perez-sales\/"},"author":{"name":"Israel V","@id":"https:\/\/centrosira.org\/#\/schema\/person\/9815ff63267f2e2957c81988f684c7ba"},"headline":"Algunas razones para el silencio","datePublished":"2026-03-05T13:27:01+00:00","dateModified":"2026-03-09T10:48:51+00:00","mainEntityOfPage":{"@id":"https:\/\/centrosira.org\/silencios-trauma-pau-perez-sales\/"},"wordCount":858,"commentCount":0,"publisher":{"@id":"https:\/\/centrosira.org\/#organization"},"image":{"@id":"https:\/\/centrosira.org\/silencios-trauma-pau-perez-sales\/#primaryimage"},"thumbnailUrl":"https:\/\/centrosira.org\/wp-content\/uploads\/2026\/03\/portada_web_newsletter_pau_tiny_1.webp","articleSection":["Otra mirada","SIRA"],"inLanguage":"ca","potentialAction":[{"@type":"CommentAction","name":"Comment","target":["https:\/\/centrosira.org\/silencios-trauma-pau-perez-sales\/#respond"]}]},{"@type":"WebPage","@id":"https:\/\/centrosira.org\/silencios-trauma-pau-perez-sales\/","url":"https:\/\/centrosira.org\/silencios-trauma-pau-perez-sales\/","name":"Algunas razones para el silencio - Centro Sira","isPartOf":{"@id":"https:\/\/centrosira.org\/#website"},"primaryImageOfPage":{"@id":"https:\/\/centrosira.org\/silencios-trauma-pau-perez-sales\/#primaryimage"},"image":{"@id":"https:\/\/centrosira.org\/silencios-trauma-pau-perez-sales\/#primaryimage"},"thumbnailUrl":"https:\/\/centrosira.org\/wp-content\/uploads\/2026\/03\/portada_web_newsletter_pau_tiny_1.webp","datePublished":"2026-03-05T13:27:01+00:00","dateModified":"2026-03-09T10:48:51+00:00","breadcrumb":{"@id":"https:\/\/centrosira.org\/silencios-trauma-pau-perez-sales\/#breadcrumb"},"inLanguage":"ca","potentialAction":[{"@type":"ReadAction","target":["https:\/\/centrosira.org\/silencios-trauma-pau-perez-sales\/"]}]},{"@type":"ImageObject","inLanguage":"ca","@id":"https:\/\/centrosira.org\/silencios-trauma-pau-perez-sales\/#primaryimage","url":"https:\/\/centrosira.org\/wp-content\/uploads\/2026\/03\/portada_web_newsletter_pau_tiny_1.webp","contentUrl":"https:\/\/centrosira.org\/wp-content\/uploads\/2026\/03\/portada_web_newsletter_pau_tiny_1.webp","width":1920,"height":1080},{"@type":"BreadcrumbList","@id":"https:\/\/centrosira.org\/silencios-trauma-pau-perez-sales\/#breadcrumb","itemListElement":[{"@type":"ListItem","position":1,"name":"Portada","item":"https:\/\/centrosira.org\/"},{"@type":"ListItem","position":2,"name":"Algunas razones para el silencio"}]},{"@type":"WebSite","@id":"https:\/\/centrosira.org\/#website","url":"https:\/\/centrosira.org\/","name":"Centre Sira","description":"","publisher":{"@id":"https:\/\/centrosira.org\/#organization"},"alternateName":"Centro de Atenci\u00f3n a V\u00edctimas de Malos Tratos y Tortura","potentialAction":[{"@type":"SearchAction","target":{"@type":"EntryPoint","urlTemplate":"https:\/\/centrosira.org\/?s={search_term_string}"},"query-input":{"@type":"PropertyValueSpecification","valueRequired":true,"valueName":"search_term_string"}}],"inLanguage":"ca"},{"@type":"Organization","@id":"https:\/\/centrosira.org\/#organization","name":"Centre Sira","alternateName":"Sira","url":"https:\/\/centrosira.org\/","logo":{"@type":"ImageObject","inLanguage":"ca","@id":"https:\/\/centrosira.org\/#\/schema\/logo\/image\/","url":null,"contentUrl":null,"width":null,"height":null,"caption":"Centro Sira"},"image":{"@id":"https:\/\/centrosira.org\/#\/schema\/logo\/image\/"},"sameAs":["https:\/\/www.facebook.com\/siracentro","https:\/\/x.com\/sira_centro","https:\/\/www.instagram.com\/sira_centro\/","https:\/\/www.linkedin.com\/company\/sira-centro\/?originalSubdomain=es","https:\/\/www.youtube.com\/@sira_centro"]},{"@type":"Person","@id":"https:\/\/centrosira.org\/#\/schema\/person\/9815ff63267f2e2957c81988f684c7ba","name":"Israel V","image":{"@type":"ImageObject","inLanguage":"ca","@id":"https:\/\/secure.gravatar.com\/avatar\/b835441d5f77c22b9bbc6c394fca699d2d7dfd928f4ff56c43763984e664c8f2?s=96&d=mm&r=g","url":"https:\/\/secure.gravatar.com\/avatar\/b835441d5f77c22b9bbc6c394fca699d2d7dfd928f4ff56c43763984e664c8f2?s=96&d=mm&r=g","contentUrl":"https:\/\/secure.gravatar.com\/avatar\/b835441d5f77c22b9bbc6c394fca699d2d7dfd928f4ff56c43763984e664c8f2?s=96&d=mm&r=g","caption":"Israel V"},"url":"https:\/\/centrosira.org\/ca\/author\/contelob2892sira\/"}]}},"_links":{"self":[{"href":"https:\/\/centrosira.org\/ca\/wp-json\/wp\/v2\/posts\/807","targetHints":{"allow":["GET"]}}],"collection":[{"href":"https:\/\/centrosira.org\/ca\/wp-json\/wp\/v2\/posts"}],"about":[{"href":"https:\/\/centrosira.org\/ca\/wp-json\/wp\/v2\/types\/post"}],"author":[{"embeddable":true,"href":"https:\/\/centrosira.org\/ca\/wp-json\/wp\/v2\/users\/3"}],"replies":[{"embeddable":true,"href":"https:\/\/centrosira.org\/ca\/wp-json\/wp\/v2\/comments?post=807"}],"version-history":[{"count":2,"href":"https:\/\/centrosira.org\/ca\/wp-json\/wp\/v2\/posts\/807\/revisions"}],"predecessor-version":[{"id":1011,"href":"https:\/\/centrosira.org\/ca\/wp-json\/wp\/v2\/posts\/807\/revisions\/1011"}],"wp:featuredmedia":[{"embeddable":true,"href":"https:\/\/centrosira.org\/ca\/wp-json\/wp\/v2\/media\/808"}],"wp:attachment":[{"href":"https:\/\/centrosira.org\/ca\/wp-json\/wp\/v2\/media?parent=807"}],"wp:term":[{"taxonomy":"category","embeddable":true,"href":"https:\/\/centrosira.org\/ca\/wp-json\/wp\/v2\/categories?post=807"},{"taxonomy":"post_tag","embeddable":true,"href":"https:\/\/centrosira.org\/ca\/wp-json\/wp\/v2\/tags?post=807"}],"curies":[{"name":"wp","href":"https:\/\/api.w.org\/{rel}","templated":true}]}}