{"id":804,"date":"2026-03-05T14:10:37","date_gmt":"2026-03-05T13:10:37","guid":{"rendered":"https:\/\/centrosira.org\/?p=804"},"modified":"2026-03-09T11:49:17","modified_gmt":"2026-03-09T10:49:17","slug":"nahia-alkorta-violencia-obstetrica-espana-centro-sira","status":"publish","type":"post","link":"https:\/\/centrosira.org\/ca\/nahia-alkorta-violencia-obstetrica-espana-centro-sira\/","title":{"rendered":"Sira Perita, v\u00edctima de viol\u00e8ncia obst\u00e8trica a Espanya, que va portar el seu cas davant l'ONU."},"content":{"rendered":"<h3 class=\"wp-block-heading\">El Comit\u00e8 per a l&#039;Eliminaci\u00f3 de la Discriminaci\u00f3 Contra la Dona de l&#039;ONU li va donar la ra\u00f3 i va instar Espanya a adoptar mesures per eradicar la viol\u00e8ncia obst\u00e8trica<\/h3>\n\n\n\n<h3 class=\"wp-block-heading\">Trobem simptomatologia posttraum\u00e0tica, provocada tant per la viv\u00e8ncia de profunda indefensi\u00f3 durant el part, com per la manca de reconeixement per part de les institucions sanit\u00e0ries i judicials durant m\u00e9s de 10 anys<\/h3>\n\n\n\n<p>Ella i la seva advocada van comen\u00e7ar amb una reclamaci\u00f3 davant el servei de salut del Pa\u00eds Basc, per passar despr\u00e9s als jutjats contenciosos administratius, el Tribunal Superior de Just\u00edcia del Pa\u00eds Basc i el Tribunal Constitucional. \u00c9s el 2022, quan la&nbsp;<a href=\"https:\/\/www.ohchr.org\/es\/treaty-bodies\/cedaw\">CEDAW<\/a>&nbsp;(Comit\u00e8 per a l&#039;Eliminaci\u00f3 de la Discriminaci\u00f3 contra la Dona de l&#039;ONU) li d\u00f3na la ra\u00f3 i assenyala que durant tot aquest proc\u00e9s, la dona i la seva advocada es van trobar amb \u201cestereotips de g\u00e8nere i discriminaci\u00f3\u201d.&nbsp;<\/p>\n\n\n\n<p>\u00c9s durant aquest per\u00edode que a les viol\u00e8ncies patides durant el part se sumen els impactes d&#039;haver estat exigint just\u00edcia durant m\u00e9s de 10 anys a Espanya, sense haver estat escoltada ni reconeguda. \u201cDurant el proc\u00e9s a Espanya, es va afirmar que era el metge qui decidia si practicar-li una ces\u00e0ria i que el dany psicol\u00f2gic que patia era simplement una q\u00fcesti\u00f3 de percepci\u00f3\u201d, assenyala l&#039;advocada Francisca Fern\u00e1ndez Guill\u00e9n, en una entrevista per&nbsp;<a href=\"https:\/\/www.eldiario.es\/sociedad\/mujer-detras-segunda-condena-espana-violencia-obstetrica-no-recuerdo-tres-meses-parto_1_9174030.html\">eldiario.es.&nbsp;<\/a><\/p>\n\n\n\n<p>En qualitat de p\u00e8rits, ia demanda de la seva advocada, el Centre Sira ha examinat el cas de Nahia Alkorta per avaluar-ne l&#039;estat actual, els danys psicol\u00f2gics i morals, i determinar quines conseq\u00fc\u00e8ncies va tenir l&#039;anormal funcionament de l&#039;Administraci\u00f3 de Just\u00edcia en el seu projecte de vida, en el marc de la seva carrera per exigir responsabilitats a l&#039;Estat. Actualment, i despr\u00e9s de la petici\u00f3 de la CEDAW, Nahia es troba en un nou proc\u00e9s judicial per exigir responsabilitats a l&#039;Administraci\u00f3.&nbsp;&nbsp;<\/p>\n\n\n\n<h4 class=\"wp-block-heading\">Viol\u00e8ncia obst\u00e8trica patida durant el part<\/h4>\n\n\n\n<p>Durant el seu primer part, Nahia relata haver patit (1) exc\u00e9s de tactes vaginals durant el proc\u00e9s de dilataci\u00f3; (2) denuncia que el seu part es va induir sense explicacions; i que, (3) durant el part, els metges van prendre la decisi\u00f3 de practicar-li una ces\u00e0ria sense atendre les sol\u00b7licituds de la parella d&#039;esperar l&#039;evoluci\u00f3 del part. Segons el seu relat, en cap moment no se&#039;ls va informar sobre els riscos de les intervencions.<\/p>\n\n\n\n<p>La peritada tamb\u00e9 denuncia que la seva ces\u00e0ria es va executar amb (4) persones en fase d&#039;aprenentatge, sense cap consentiment informat, i que un cop nascut el seu fill, en va ser (5) separat, malgrat que no hi havia cap ra\u00f3 materna ni infantil que ho justifiqui. (6) Al nad\u00f3 se l&#039;alimenta amb biber\u00f3, tot i que la fam\u00edlia havia manifestat la intenci\u00f3 de donar-li el pit. Les repetides peticions de la mare perqu\u00e8 lliurin al seu fill s\u00f3n ignorades per part dels professionals de l&#039;hospital.<\/p>\n\n\n\n<p><\/p>","protected":false},"excerpt":{"rendered":"<p>El Comit\u00e9 para la Eliminaci\u00f3n de la Discriminaci\u00f3n Contra la Mujer de la ONU le dio la raz\u00f3n e inst\u00f3 a Espa\u00f1a a adoptar medidas para erradicar la violencia obst\u00e9trica Encontramos sintomatolog\u00eda postraum\u00e1tica, provocada tanto por la vivencia de profunda indefensi\u00f3n durante el parto, como por la falta de reconocimiento por parte de las instituciones [&hellip;]<\/p>\n","protected":false},"author":3,"featured_media":805,"comment_status":"open","ping_status":"open","sticky":false,"template":"","format":"standard","meta":{"footnotes":""},"categories":[13,21,30],"tags":[],"class_list":["post-804","post","type-post","status-publish","format-standard","has-post-thumbnail","hentry","category-actualidad","category-periciales","category-violencia-de-genero"],"yoast_head":"<!-- This site is optimized with the Yoast SEO plugin v27.4 - https:\/\/yoast.com\/product\/yoast-seo-wordpress\/ -->\n<title>Sira perita a una v\u00edctima de violencia obst\u00e9trica en Espa\u00f1a, que elev\u00f3 su caso ante la ONU - Centro Sira<\/title>\n<meta name=\"robots\" content=\"index, follow, max-snippet:-1, max-image-preview:large, max-video-preview:-1\" \/>\n<link rel=\"canonical\" href=\"https:\/\/centrosira.org\/ca\/nahia-alkorta-violencia-obstetrica-espana-centro-sira\/\" \/>\n<meta property=\"og:locale\" content=\"ca_ES\" \/>\n<meta property=\"og:type\" content=\"article\" \/>\n<meta property=\"og:title\" content=\"Sira perita a una v\u00edctima de violencia obst\u00e9trica en Espa\u00f1a, que elev\u00f3 su caso ante la ONU - Centro Sira\" \/>\n<meta property=\"og:description\" content=\"El Comit\u00e9 para la Eliminaci\u00f3n de la Discriminaci\u00f3n Contra la Mujer de la ONU le dio la raz\u00f3n e inst\u00f3 a Espa\u00f1a a adoptar medidas para erradicar la violencia obst\u00e9trica Encontramos sintomatolog\u00eda postraum\u00e1tica, provocada tanto por la vivencia de profunda indefensi\u00f3n durante el parto, como por la falta de reconocimiento por parte de las instituciones [&hellip;]\" \/>\n<meta property=\"og:url\" content=\"https:\/\/centrosira.org\/ca\/nahia-alkorta-violencia-obstetrica-espana-centro-sira\/\" \/>\n<meta property=\"og:site_name\" content=\"Centro Sira\" \/>\n<meta property=\"article:publisher\" content=\"https:\/\/www.facebook.com\/siracentro\" \/>\n<meta property=\"article:published_time\" content=\"2026-03-05T13:10:37+00:00\" \/>\n<meta property=\"article:modified_time\" content=\"2026-03-09T10:49:17+00:00\" \/>\n<meta property=\"og:image\" content=\"https:\/\/centrosira.org\/wp-content\/uploads\/2026\/03\/nahia_alkorta_centro_sira_peritaje_2_1.webp\" \/>\n\t<meta property=\"og:image:width\" content=\"1920\" \/>\n\t<meta property=\"og:image:height\" content=\"1080\" \/>\n\t<meta property=\"og:image:type\" content=\"image\/webp\" \/>\n<meta name=\"author\" content=\"Israel V\" \/>\n<meta name=\"twitter:card\" content=\"summary_large_image\" \/>\n<meta name=\"twitter:creator\" content=\"@sira_centro\" \/>\n<meta name=\"twitter:site\" content=\"@sira_centro\" \/>\n<meta name=\"twitter:label1\" content=\"Escrit per\" \/>\n\t<meta name=\"twitter:data1\" content=\"Israel V\" \/>\n\t<meta name=\"twitter:label2\" content=\"Temps estimat de lectura\" \/>\n\t<meta name=\"twitter:data2\" content=\"3 minuts\" \/>\n<script type=\"application\/ld+json\" class=\"yoast-schema-graph\">{\"@context\":\"https:\\\/\\\/schema.org\",\"@graph\":[{\"@type\":\"Article\",\"@id\":\"https:\\\/\\\/centrosira.org\\\/nahia-alkorta-violencia-obstetrica-espana-centro-sira\\\/#article\",\"isPartOf\":{\"@id\":\"https:\\\/\\\/centrosira.org\\\/nahia-alkorta-violencia-obstetrica-espana-centro-sira\\\/\"},\"author\":{\"name\":\"Israel V\",\"@id\":\"https:\\\/\\\/centrosira.org\\\/#\\\/schema\\\/person\\\/9815ff63267f2e2957c81988f684c7ba\"},\"headline\":\"Sira perita a una v\u00edctima de violencia obst\u00e9trica en Espa\u00f1a, que elev\u00f3 su caso ante la ONU\",\"datePublished\":\"2026-03-05T13:10:37+00:00\",\"dateModified\":\"2026-03-09T10:49:17+00:00\",\"mainEntityOfPage\":{\"@id\":\"https:\\\/\\\/centrosira.org\\\/nahia-alkorta-violencia-obstetrica-espana-centro-sira\\\/\"},\"wordCount\":561,\"commentCount\":0,\"publisher\":{\"@id\":\"https:\\\/\\\/centrosira.org\\\/#organization\"},\"image\":{\"@id\":\"https:\\\/\\\/centrosira.org\\\/nahia-alkorta-violencia-obstetrica-espana-centro-sira\\\/#primaryimage\"},\"thumbnailUrl\":\"https:\\\/\\\/centrosira.org\\\/wp-content\\\/uploads\\\/2026\\\/03\\\/nahia_alkorta_centro_sira_peritaje_2_1.webp\",\"articleSection\":[\"Actualidad\",\"Periciales\",\"Violencia de g\u00e9nero\"],\"inLanguage\":\"ca\",\"potentialAction\":[{\"@type\":\"CommentAction\",\"name\":\"Comment\",\"target\":[\"https:\\\/\\\/centrosira.org\\\/nahia-alkorta-violencia-obstetrica-espana-centro-sira\\\/#respond\"]}]},{\"@type\":\"WebPage\",\"@id\":\"https:\\\/\\\/centrosira.org\\\/nahia-alkorta-violencia-obstetrica-espana-centro-sira\\\/\",\"url\":\"https:\\\/\\\/centrosira.org\\\/nahia-alkorta-violencia-obstetrica-espana-centro-sira\\\/\",\"name\":\"Sira perita a una v\u00edctima de violencia obst\u00e9trica en Espa\u00f1a, que elev\u00f3 su caso ante la ONU - Centro Sira\",\"isPartOf\":{\"@id\":\"https:\\\/\\\/centrosira.org\\\/#website\"},\"primaryImageOfPage\":{\"@id\":\"https:\\\/\\\/centrosira.org\\\/nahia-alkorta-violencia-obstetrica-espana-centro-sira\\\/#primaryimage\"},\"image\":{\"@id\":\"https:\\\/\\\/centrosira.org\\\/nahia-alkorta-violencia-obstetrica-espana-centro-sira\\\/#primaryimage\"},\"thumbnailUrl\":\"https:\\\/\\\/centrosira.org\\\/wp-content\\\/uploads\\\/2026\\\/03\\\/nahia_alkorta_centro_sira_peritaje_2_1.webp\",\"datePublished\":\"2026-03-05T13:10:37+00:00\",\"dateModified\":\"2026-03-09T10:49:17+00:00\",\"breadcrumb\":{\"@id\":\"https:\\\/\\\/centrosira.org\\\/nahia-alkorta-violencia-obstetrica-espana-centro-sira\\\/#breadcrumb\"},\"inLanguage\":\"ca\",\"potentialAction\":[{\"@type\":\"ReadAction\",\"target\":[\"https:\\\/\\\/centrosira.org\\\/nahia-alkorta-violencia-obstetrica-espana-centro-sira\\\/\"]}]},{\"@type\":\"ImageObject\",\"inLanguage\":\"ca\",\"@id\":\"https:\\\/\\\/centrosira.org\\\/nahia-alkorta-violencia-obstetrica-espana-centro-sira\\\/#primaryimage\",\"url\":\"https:\\\/\\\/centrosira.org\\\/wp-content\\\/uploads\\\/2026\\\/03\\\/nahia_alkorta_centro_sira_peritaje_2_1.webp\",\"contentUrl\":\"https:\\\/\\\/centrosira.org\\\/wp-content\\\/uploads\\\/2026\\\/03\\\/nahia_alkorta_centro_sira_peritaje_2_1.webp\",\"width\":1920,\"height\":1080},{\"@type\":\"BreadcrumbList\",\"@id\":\"https:\\\/\\\/centrosira.org\\\/nahia-alkorta-violencia-obstetrica-espana-centro-sira\\\/#breadcrumb\",\"itemListElement\":[{\"@type\":\"ListItem\",\"position\":1,\"name\":\"Portada\",\"item\":\"https:\\\/\\\/centrosira.org\\\/\"},{\"@type\":\"ListItem\",\"position\":2,\"name\":\"Sira perita a una v\u00edctima de violencia obst\u00e9trica en Espa\u00f1a, que elev\u00f3 su caso ante la ONU\"}]},{\"@type\":\"WebSite\",\"@id\":\"https:\\\/\\\/centrosira.org\\\/#website\",\"url\":\"https:\\\/\\\/centrosira.org\\\/\",\"name\":\"Centro Sira\",\"description\":\"\",\"publisher\":{\"@id\":\"https:\\\/\\\/centrosira.org\\\/#organization\"},\"alternateName\":\"Centro de Atenci\u00f3n a V\u00edctimas de Malos Tratos y Tortura\",\"potentialAction\":[{\"@type\":\"SearchAction\",\"target\":{\"@type\":\"EntryPoint\",\"urlTemplate\":\"https:\\\/\\\/centrosira.org\\\/?s={search_term_string}\"},\"query-input\":{\"@type\":\"PropertyValueSpecification\",\"valueRequired\":true,\"valueName\":\"search_term_string\"}}],\"inLanguage\":\"ca\"},{\"@type\":\"Organization\",\"@id\":\"https:\\\/\\\/centrosira.org\\\/#organization\",\"name\":\"Centro Sira\",\"alternateName\":\"Sira\",\"url\":\"https:\\\/\\\/centrosira.org\\\/\",\"logo\":{\"@type\":\"ImageObject\",\"inLanguage\":\"ca\",\"@id\":\"https:\\\/\\\/centrosira.org\\\/#\\\/schema\\\/logo\\\/image\\\/\",\"url\":null,\"contentUrl\":null,\"width\":null,\"height\":null,\"caption\":\"Centro Sira\"},\"image\":{\"@id\":\"https:\\\/\\\/centrosira.org\\\/#\\\/schema\\\/logo\\\/image\\\/\"},\"sameAs\":[\"https:\\\/\\\/www.facebook.com\\\/siracentro\",\"https:\\\/\\\/x.com\\\/sira_centro\",\"https:\\\/\\\/www.instagram.com\\\/sira_centro\\\/\",\"https:\\\/\\\/www.linkedin.com\\\/company\\\/sira-centro\\\/?originalSubdomain=es\",\"https:\\\/\\\/www.youtube.com\\\/@sira_centro\"]},{\"@type\":\"Person\",\"@id\":\"https:\\\/\\\/centrosira.org\\\/#\\\/schema\\\/person\\\/9815ff63267f2e2957c81988f684c7ba\",\"name\":\"Israel V\",\"image\":{\"@type\":\"ImageObject\",\"inLanguage\":\"ca\",\"@id\":\"https:\\\/\\\/secure.gravatar.com\\\/avatar\\\/b835441d5f77c22b9bbc6c394fca699d2d7dfd928f4ff56c43763984e664c8f2?s=96&d=mm&r=g\",\"url\":\"https:\\\/\\\/secure.gravatar.com\\\/avatar\\\/b835441d5f77c22b9bbc6c394fca699d2d7dfd928f4ff56c43763984e664c8f2?s=96&d=mm&r=g\",\"contentUrl\":\"https:\\\/\\\/secure.gravatar.com\\\/avatar\\\/b835441d5f77c22b9bbc6c394fca699d2d7dfd928f4ff56c43763984e664c8f2?s=96&d=mm&r=g\",\"caption\":\"Israel V\"},\"url\":\"https:\\\/\\\/centrosira.org\\\/ca\\\/author\\\/contelob2892sira\\\/\"}]}<\/script>\n<!-- \/ Yoast SEO plugin. -->","yoast_head_json":{"title":"Sira perita a una v\u00edctima de violencia obst\u00e9trica en Espa\u00f1a, que elev\u00f3 su caso ante la ONU - Centro Sira","robots":{"index":"index","follow":"follow","max-snippet":"max-snippet:-1","max-image-preview":"max-image-preview:large","max-video-preview":"max-video-preview:-1"},"canonical":"https:\/\/centrosira.org\/ca\/nahia-alkorta-violencia-obstetrica-espana-centro-sira\/","og_locale":"ca_ES","og_type":"article","og_title":"Sira perita a una v\u00edctima de violencia obst\u00e9trica en Espa\u00f1a, que elev\u00f3 su caso ante la ONU - Centro Sira","og_description":"El Comit\u00e9 para la Eliminaci\u00f3n de la Discriminaci\u00f3n Contra la Mujer de la ONU le dio la raz\u00f3n e inst\u00f3 a Espa\u00f1a a adoptar medidas para erradicar la violencia obst\u00e9trica Encontramos sintomatolog\u00eda postraum\u00e1tica, provocada tanto por la vivencia de profunda indefensi\u00f3n durante el parto, como por la falta de reconocimiento por parte de las instituciones [&hellip;]","og_url":"https:\/\/centrosira.org\/ca\/nahia-alkorta-violencia-obstetrica-espana-centro-sira\/","og_site_name":"Centro Sira","article_publisher":"https:\/\/www.facebook.com\/siracentro","article_published_time":"2026-03-05T13:10:37+00:00","article_modified_time":"2026-03-09T10:49:17+00:00","og_image":[{"width":1920,"height":1080,"url":"https:\/\/centrosira.org\/wp-content\/uploads\/2026\/03\/nahia_alkorta_centro_sira_peritaje_2_1.webp","type":"image\/webp"}],"author":"Israel V","twitter_card":"summary_large_image","twitter_creator":"@sira_centro","twitter_site":"@sira_centro","twitter_misc":{"Escrit per":"Israel V","Temps estimat de lectura":"3 minuts"},"schema":{"@context":"https:\/\/schema.org","@graph":[{"@type":"Article","@id":"https:\/\/centrosira.org\/nahia-alkorta-violencia-obstetrica-espana-centro-sira\/#article","isPartOf":{"@id":"https:\/\/centrosira.org\/nahia-alkorta-violencia-obstetrica-espana-centro-sira\/"},"author":{"name":"Israel V","@id":"https:\/\/centrosira.org\/#\/schema\/person\/9815ff63267f2e2957c81988f684c7ba"},"headline":"Sira perita a una v\u00edctima de violencia obst\u00e9trica en Espa\u00f1a, que elev\u00f3 su caso ante la ONU","datePublished":"2026-03-05T13:10:37+00:00","dateModified":"2026-03-09T10:49:17+00:00","mainEntityOfPage":{"@id":"https:\/\/centrosira.org\/nahia-alkorta-violencia-obstetrica-espana-centro-sira\/"},"wordCount":561,"commentCount":0,"publisher":{"@id":"https:\/\/centrosira.org\/#organization"},"image":{"@id":"https:\/\/centrosira.org\/nahia-alkorta-violencia-obstetrica-espana-centro-sira\/#primaryimage"},"thumbnailUrl":"https:\/\/centrosira.org\/wp-content\/uploads\/2026\/03\/nahia_alkorta_centro_sira_peritaje_2_1.webp","articleSection":["Actualidad","Periciales","Violencia de g\u00e9nero"],"inLanguage":"ca","potentialAction":[{"@type":"CommentAction","name":"Comment","target":["https:\/\/centrosira.org\/nahia-alkorta-violencia-obstetrica-espana-centro-sira\/#respond"]}]},{"@type":"WebPage","@id":"https:\/\/centrosira.org\/nahia-alkorta-violencia-obstetrica-espana-centro-sira\/","url":"https:\/\/centrosira.org\/nahia-alkorta-violencia-obstetrica-espana-centro-sira\/","name":"Sira perita a una v\u00edctima de violencia obst\u00e9trica en Espa\u00f1a, que elev\u00f3 su caso ante la ONU - Centro Sira","isPartOf":{"@id":"https:\/\/centrosira.org\/#website"},"primaryImageOfPage":{"@id":"https:\/\/centrosira.org\/nahia-alkorta-violencia-obstetrica-espana-centro-sira\/#primaryimage"},"image":{"@id":"https:\/\/centrosira.org\/nahia-alkorta-violencia-obstetrica-espana-centro-sira\/#primaryimage"},"thumbnailUrl":"https:\/\/centrosira.org\/wp-content\/uploads\/2026\/03\/nahia_alkorta_centro_sira_peritaje_2_1.webp","datePublished":"2026-03-05T13:10:37+00:00","dateModified":"2026-03-09T10:49:17+00:00","breadcrumb":{"@id":"https:\/\/centrosira.org\/nahia-alkorta-violencia-obstetrica-espana-centro-sira\/#breadcrumb"},"inLanguage":"ca","potentialAction":[{"@type":"ReadAction","target":["https:\/\/centrosira.org\/nahia-alkorta-violencia-obstetrica-espana-centro-sira\/"]}]},{"@type":"ImageObject","inLanguage":"ca","@id":"https:\/\/centrosira.org\/nahia-alkorta-violencia-obstetrica-espana-centro-sira\/#primaryimage","url":"https:\/\/centrosira.org\/wp-content\/uploads\/2026\/03\/nahia_alkorta_centro_sira_peritaje_2_1.webp","contentUrl":"https:\/\/centrosira.org\/wp-content\/uploads\/2026\/03\/nahia_alkorta_centro_sira_peritaje_2_1.webp","width":1920,"height":1080},{"@type":"BreadcrumbList","@id":"https:\/\/centrosira.org\/nahia-alkorta-violencia-obstetrica-espana-centro-sira\/#breadcrumb","itemListElement":[{"@type":"ListItem","position":1,"name":"Portada","item":"https:\/\/centrosira.org\/"},{"@type":"ListItem","position":2,"name":"Sira perita a una v\u00edctima de violencia obst\u00e9trica en Espa\u00f1a, que elev\u00f3 su caso ante la ONU"}]},{"@type":"WebSite","@id":"https:\/\/centrosira.org\/#website","url":"https:\/\/centrosira.org\/","name":"Centre Sira","description":"","publisher":{"@id":"https:\/\/centrosira.org\/#organization"},"alternateName":"Centro de Atenci\u00f3n a V\u00edctimas de Malos Tratos y Tortura","potentialAction":[{"@type":"SearchAction","target":{"@type":"EntryPoint","urlTemplate":"https:\/\/centrosira.org\/?s={search_term_string}"},"query-input":{"@type":"PropertyValueSpecification","valueRequired":true,"valueName":"search_term_string"}}],"inLanguage":"ca"},{"@type":"Organization","@id":"https:\/\/centrosira.org\/#organization","name":"Centre Sira","alternateName":"Sira","url":"https:\/\/centrosira.org\/","logo":{"@type":"ImageObject","inLanguage":"ca","@id":"https:\/\/centrosira.org\/#\/schema\/logo\/image\/","url":null,"contentUrl":null,"width":null,"height":null,"caption":"Centro Sira"},"image":{"@id":"https:\/\/centrosira.org\/#\/schema\/logo\/image\/"},"sameAs":["https:\/\/www.facebook.com\/siracentro","https:\/\/x.com\/sira_centro","https:\/\/www.instagram.com\/sira_centro\/","https:\/\/www.linkedin.com\/company\/sira-centro\/?originalSubdomain=es","https:\/\/www.youtube.com\/@sira_centro"]},{"@type":"Person","@id":"https:\/\/centrosira.org\/#\/schema\/person\/9815ff63267f2e2957c81988f684c7ba","name":"Israel V","image":{"@type":"ImageObject","inLanguage":"ca","@id":"https:\/\/secure.gravatar.com\/avatar\/b835441d5f77c22b9bbc6c394fca699d2d7dfd928f4ff56c43763984e664c8f2?s=96&d=mm&r=g","url":"https:\/\/secure.gravatar.com\/avatar\/b835441d5f77c22b9bbc6c394fca699d2d7dfd928f4ff56c43763984e664c8f2?s=96&d=mm&r=g","contentUrl":"https:\/\/secure.gravatar.com\/avatar\/b835441d5f77c22b9bbc6c394fca699d2d7dfd928f4ff56c43763984e664c8f2?s=96&d=mm&r=g","caption":"Israel V"},"url":"https:\/\/centrosira.org\/ca\/author\/contelob2892sira\/"}]}},"_links":{"self":[{"href":"https:\/\/centrosira.org\/ca\/wp-json\/wp\/v2\/posts\/804","targetHints":{"allow":["GET"]}}],"collection":[{"href":"https:\/\/centrosira.org\/ca\/wp-json\/wp\/v2\/posts"}],"about":[{"href":"https:\/\/centrosira.org\/ca\/wp-json\/wp\/v2\/types\/post"}],"author":[{"embeddable":true,"href":"https:\/\/centrosira.org\/ca\/wp-json\/wp\/v2\/users\/3"}],"replies":[{"embeddable":true,"href":"https:\/\/centrosira.org\/ca\/wp-json\/wp\/v2\/comments?post=804"}],"version-history":[{"count":2,"href":"https:\/\/centrosira.org\/ca\/wp-json\/wp\/v2\/posts\/804\/revisions"}],"predecessor-version":[{"id":1010,"href":"https:\/\/centrosira.org\/ca\/wp-json\/wp\/v2\/posts\/804\/revisions\/1010"}],"wp:featuredmedia":[{"embeddable":true,"href":"https:\/\/centrosira.org\/ca\/wp-json\/wp\/v2\/media\/805"}],"wp:attachment":[{"href":"https:\/\/centrosira.org\/ca\/wp-json\/wp\/v2\/media?parent=804"}],"wp:term":[{"taxonomy":"category","embeddable":true,"href":"https:\/\/centrosira.org\/ca\/wp-json\/wp\/v2\/categories?post=804"},{"taxonomy":"post_tag","embeddable":true,"href":"https:\/\/centrosira.org\/ca\/wp-json\/wp\/v2\/tags?post=804"}],"curies":[{"name":"wp","href":"https:\/\/api.w.org\/{rel}","templated":true}]}}