{"id":800,"date":"2026-03-05T14:00:36","date_gmt":"2026-03-05T13:00:36","guid":{"rendered":"https:\/\/centrosira.org\/?p=800"},"modified":"2026-03-09T11:49:29","modified_gmt":"2026-03-09T10:49:29","slug":"podcast-centro-sira-newsletter-otra-mirada-islamofobia","status":"publish","type":"post","link":"https:\/\/centrosira.org\/ca\/podcast-centro-sira-newsletter-otra-mirada-islamofobia\/","title":{"rendered":"Islamofobia en directo"},"content":{"rendered":"<h3 class=\"wp-block-heading\">La detenci\u00f3n de Omar se cont\u00f3 con todo detalle. Son relatos \u00e9picos, de cine, en los que los cuerpos de seguridad tiran puertas abajo, desbloquean contrase\u00f1as, cortan calles, incautan discos y tambi\u00e9n armas. Nada que ver con lo que a\u00f1os m\u00e1s tarde escuchar\u00edamos de boca del protagonista.<\/h3>\n\n\n\n<h5 class=\"wp-block-heading\">SEBAS RODR\u00cdGUEZ | Cap de Comunicacions de Centro Sira<\/h5>\n\n\n\n<h5 class=\"wp-block-heading\">Fotograf\u00eda | DAVID F. SABADELL |&nbsp;<a href=\"https:\/\/www.elsaltodiario.com\/islamofobia\/tres-anos-aislamiento-antes-ser-absuelto-historia-una-familia-rota-lucha-antiyihadista\">EL SALTO<\/a><\/h5>\n\n\n\n<hr class=\"wp-block-separator has-alpha-channel-opacity\"\/>\n\n\n\n<p>Para hacer el segundo episodio de&nbsp;<strong>Brechas<\/strong>, con Llu\u00eds pasamos muchas horas escarbando en la&nbsp;<strong>hemeroteca<\/strong>. Busc\u00e1bamos informaci\u00f3n sobre un hombre marroqu\u00ed, musulm\u00e1n, que hace ya varios a\u00f1os hab\u00eda sido acusado de adoctrinamiento, y al que la justicia hab\u00eda mantenido casi tres a\u00f1os en prisi\u00f3n preventiva, en&nbsp;<strong>R\u00e9gimen de aislamiento<\/strong>, pese a ser inocente.<\/p>\n\n\n\n<p><strong>La historia la conoc\u00edamos muy bien<\/strong>. El Centro Sira lleva muchos a\u00f1os ligado a esta persona, ya sea por el apoyo terap\u00e9utico que se le dio en su momento o por los informes periciales que se elaboraron para&nbsp;<a href=\"https:\/\/www.publico.es\/politica\/condenado-pagar-medio-millon-euros-encarcelar-yihadismo-matrimonio-inocente.html\" target=\"_blank\" rel=\"noreferrer noopener\"><strong>su demanda contra el Estado<\/strong><\/a>. Sin embargo, no fue hasta que empezamos a trabajar en el episodio, que Llu\u00eds y yo fuimos realmente conscientes de la&nbsp;<strong>frivolidad&nbsp;<\/strong>con la que algunos medios de comunicaci\u00f3n contaron su caso. Son tan graves algunas de las informaciones que se publicaron en su d\u00eda, que escogimos un&nbsp;<strong>pseud\u00f3nimo&nbsp;<\/strong>para proteger su identidad, y no seguir contribuyendo a remover su imagen.<\/p>\n\n\n\n<blockquote class=\"wp-block-quote is-layout-flow wp-block-quote-is-layout-flow\">\n<p>\u201dEn el caso de Omar, algunos medios de comunicaci\u00f3n no solo contribuyeron a justificar la incre\u00edble dureza con la que estaba siendo detenido y despu\u00e9s puesto en prisi\u00f3n; sino que tambi\u00e9n pusieron de su parte para seguir alimentando un imaginario islam\u00f3fobo que ve s\u00edntomas de radicalizaci\u00f3n en todo lo relacionado con la pr\u00e1ctica religiosa.<\/p>\n<\/blockquote>\n\n\n\n<p>La detenci\u00f3n de Omar se cont\u00f3&nbsp;<strong>con todo detalle<\/strong>. Son relatos \u00e9picos, de cine, en los que los cuerpos de seguridad tiran puertas abajo, desbloquean contrase\u00f1as, cortan calles, incautan discos y tambi\u00e9n armas. Nada que ver con lo que a\u00f1os m\u00e1s tarde escuchar\u00edamos de boca del&nbsp;<strong>protagonista<\/strong>: que en realidad lo que se requis\u00f3 fueron discos de m\u00fasica, catanas decorativas y un libro de coaching del entrenador de baloncesto&nbsp;Pepu&nbsp;Hern\u00e1ndez; que en esa detenci\u00f3n de pel\u00edcula se apunt\u00f3 a sus hijos con un arma; que se le expuso delante de sus vecinos y compa\u00f1eros de trabajo como un trofeo; que, por error, primero se tumb\u00f3 la puerta de su vecino y despu\u00e9s la suya. Del d\u00eda que Omar fue declarado inocente&nbsp;<strong>apenas hay cr\u00f3nicas<\/strong>. \u00bfArt\u00edculos sobre el impacto que signific\u00f3 para \u00e9l estar tres a\u00f1os en prisi\u00f3n preventiva? M\u00e1s de lo mismo.<\/p>\n\n\n\n<p>Entre quienes firmaron las cr\u00f3nicas de aquella detenci\u00f3n de pel\u00edcula, hay personajes muy sonados que hicieron carrera sirviendo de mensajero de la versi\u00f3n policial, y tambi\u00e9n de la extrema derecha.&nbsp;<strong>Pero esto es anecd\u00f3tico<\/strong>. Con estupor, comprobamos que algunos de los medios que tienden a ser m\u00e1s cr\u00edticos o a dedicar m\u00e1s esfuerzos a contrastar la informaci\u00f3n, tampoco tuvieron miramientos a la hora de reproducir la&nbsp;<strong>versi\u00f3n oficial<\/strong>. Cuando el mensaje tiene que ver con la seguridad nacional o con el&nbsp;terrorismo,&nbsp;no hay \u201cperos\u201d, porque concuerda con su<strong>&nbsp;imaginario&nbsp;islam\u00f3fobo<\/strong>.<\/p>\n\n\n\n<p>La investigadora y militante antirracista y&nbsp;decolonial,&nbsp;<a href=\"https:\/\/traficantes.net\/autorxs\/amazian-salma\" target=\"_blank\" rel=\"noreferrer noopener\"><strong>Salma&nbsp;Amazian<\/strong><\/a>, se\u00f1ala en el episodio que llevar velo, dejarse la barba o incluso apuntarse al gimnasio, se leen como acciones que no hacen m\u00e1s que corroborar una paranoia muy instalada. Se parte de la idea de que la religiosidad musulmana est\u00e1 ligada a la violencia y que es incompatible con la vida en Occidente. Por tanto, cualquier \u201cs\u00edntoma\u201d que implique acercarse a la religi\u00f3n, implica tambi\u00e9n abrazar la violencia.&nbsp;<strong>\u00bfDe qu\u00e9 otra forma se puede&nbsp;explicar,&nbsp;si no, que en el momento de la detenci\u00f3n de Omar hubiese un consenso tan claro entre la polic\u00eda, la justicia y los medios de comunicaci\u00f3n de que \u00e9l era un terrorista,&nbsp;aun&nbsp;cuando no hab\u00eda pruebas?<\/strong><\/p>\n\n\n\n<blockquote class=\"wp-block-quote is-layout-flow wp-block-quote-is-layout-flow\">\n<p>\u201dLimitarse a servir de altavoz de la versi\u00f3n oficial no hace m\u00e1s que fortalecer o legitimar el ejercicio de la violencia sobre todo aquello que el Estado percibe como una amenaza.<\/p>\n<\/blockquote>\n\n\n\n<p>En el caso de Omar, algunos medios de comunicaci\u00f3n no solo contribuyeron a justificar la incre\u00edble dureza con la que estaba siendo detenido y despu\u00e9s puesto en prisi\u00f3n; sino que tambi\u00e9n pusieron de su parte para seguir alimentando un imaginario&nbsp;islam\u00f3fobo&nbsp;que ve s\u00edntomas de radicalizaci\u00f3n en todo lo relacionado con&nbsp;la pr\u00e1ctica&nbsp;religiosa. Con m\u00e1s o menos influencia, ya sea por Twitch o en papel, los medios de comunicaci\u00f3n contin\u00faan siendo un mecanismo importante a la hora de construir<strong>&nbsp;imaginarios comunes<\/strong>, y a la hora de se\u00f1alarnos qu\u00e9 es<strong>&nbsp;lo peligroso&nbsp;<\/strong>y qu\u00e9 es&nbsp;<strong>lo importante<\/strong>. Como se\u00f1ala Salma en el episodio, los medios de comunicaci\u00f3n tienen aqu\u00ed&nbsp;<strong>una responsabilidad enorme<\/strong>: limitarse a servir de altavoz de la versi\u00f3n oficial no hace m\u00e1s que fortalecer o legitimar el ejercicio de la violencia sobre todo aquello que el Estado percibe como una amenaza.<\/p>\n\n\n\n<p>A lo largo del episodio, nuestro protagonista deja entrever muchos de los impactos que sufre como consecuencia de haber pasado tanto tiempo en prisi\u00f3n. Entre sus preocupaciones, sigue presente la incertidumbre por el futuro. Se pregunta qu\u00e9 pensar\u00e1n sus hijos sobre su historia cuando crezcan, si acaso alg\u00fan d\u00eda topan con esa misma hemeroteca que encontramos nosotros. \u201c<strong>\u00bfSe sentir\u00e1n humillados? \u00bfO se sentir\u00e1n orgullosos porque pese a todo he podido llegar al final?<\/strong>\u201d, se pregunta. Ojal\u00e1 todos estos a\u00f1os de lucha \u2013 que intentamos resumir en este episodio \u2013 sirvan para que sus hijos escuchen su verdad.<\/p>\n\n\n\n<div class=\"wp-block-group is-nowrap is-layout-flex wp-container-core-group-is-layout-6c531013 wp-block-group-is-layout-flex\">\n<figure class=\"wp-block-image size-full\"><img fetchpriority=\"high\" decoding=\"async\" width=\"1080\" height=\"1080\" src=\"https:\/\/centrosira.org\/wp-content\/uploads\/2026\/03\/sebas_perfil_equipo_sira_1.webp\" class=\"wp-image-802\" srcset=\"https:\/\/centrosira.org\/wp-content\/uploads\/2026\/03\/sebas_perfil_equipo_sira_1.webp 1080w, https:\/\/centrosira.org\/wp-content\/uploads\/2026\/03\/sebas_perfil_equipo_sira_1-300x300.webp 300w, https:\/\/centrosira.org\/wp-content\/uploads\/2026\/03\/sebas_perfil_equipo_sira_1-1024x1024.webp 1024w, https:\/\/centrosira.org\/wp-content\/uploads\/2026\/03\/sebas_perfil_equipo_sira_1-150x150.webp 150w, https:\/\/centrosira.org\/wp-content\/uploads\/2026\/03\/sebas_perfil_equipo_sira_1-768x768.webp 768w, https:\/\/centrosira.org\/wp-content\/uploads\/2026\/03\/sebas_perfil_equipo_sira_1-12x12.webp 12w\" sizes=\"(max-width: 1080px) 100vw, 1080px\" \/><\/figure>\n\n\n\n<div class=\"wp-block-group is-vertical is-layout-flex wp-container-core-group-is-layout-fe9cc265 wp-block-group-is-layout-flex\">\n<p>\u201dOjal\u00e1 todos estos a\u00f1os de lucha \u2013 que intentamos resumir en este episodio &#8211; sirvan para que sus hijos escuchen su verdad.<\/p>\n\n\n\n<p>Sebas Rodr\u00edguez<\/p>\n\n\n\n<p>Responsable de Comunicaci\u00f3n del Centro Sira<\/p>\n<\/div>\n<\/div>","protected":false},"excerpt":{"rendered":"<p>La detenci\u00f3n de Omar se cont\u00f3 con todo detalle. Son relatos \u00e9picos, de cine, en los que los cuerpos de seguridad tiran puertas abajo, desbloquean contrase\u00f1as, cortan calles, incautan discos y tambi\u00e9n armas. Nada que ver con lo que a\u00f1os m\u00e1s tarde escuchar\u00edamos de boca del protagonista. SEBAS RODR\u00cdGUEZ | Responsable de Comunicaci\u00f3n del Centro [&hellip;]<\/p>\n","protected":false},"author":3,"featured_media":801,"comment_status":"open","ping_status":"open","sticky":false,"template":"","format":"standard","meta":{"footnotes":""},"categories":[24,25],"tags":[],"class_list":["post-800","post","type-post","status-publish","format-standard","has-post-thumbnail","hentry","category-otra-mirada","category-sira"],"yoast_head":"<!-- This site is optimized with the Yoast SEO plugin v27.4 - https:\/\/yoast.com\/product\/yoast-seo-wordpress\/ -->\n<title>Islamofobia en directo - Centro Sira<\/title>\n<meta name=\"robots\" content=\"index, follow, max-snippet:-1, max-image-preview:large, max-video-preview:-1\" \/>\n<link rel=\"canonical\" href=\"https:\/\/centrosira.org\/ca\/podcast-centro-sira-newsletter-otra-mirada-islamofobia\/\" \/>\n<meta property=\"og:locale\" content=\"ca_ES\" \/>\n<meta property=\"og:type\" content=\"article\" \/>\n<meta property=\"og:title\" content=\"Islamofobia en directo - Centro Sira\" \/>\n<meta property=\"og:description\" content=\"La detenci\u00f3n de Omar se cont\u00f3 con todo detalle. Son relatos \u00e9picos, de cine, en los que los cuerpos de seguridad tiran puertas abajo, desbloquean contrase\u00f1as, cortan calles, incautan discos y tambi\u00e9n armas. Nada que ver con lo que a\u00f1os m\u00e1s tarde escuchar\u00edamos de boca del protagonista. SEBAS RODR\u00cdGUEZ | Responsable de Comunicaci\u00f3n del Centro [&hellip;]\" \/>\n<meta property=\"og:url\" content=\"https:\/\/centrosira.org\/ca\/podcast-centro-sira-newsletter-otra-mirada-islamofobia\/\" \/>\n<meta property=\"og:site_name\" content=\"Centro Sira\" \/>\n<meta property=\"article:publisher\" content=\"https:\/\/www.facebook.com\/siracentro\" \/>\n<meta property=\"article:published_time\" content=\"2026-03-05T13:00:36+00:00\" \/>\n<meta property=\"article:modified_time\" content=\"2026-03-09T10:49:29+00:00\" \/>\n<meta property=\"og:image\" content=\"https:\/\/centrosira.org\/wp-content\/uploads\/2026\/03\/sira_podcast_brechas_1.webp\" \/>\n\t<meta property=\"og:image:width\" content=\"1920\" \/>\n\t<meta property=\"og:image:height\" content=\"1080\" \/>\n\t<meta property=\"og:image:type\" content=\"image\/webp\" \/>\n<meta name=\"author\" content=\"Israel V\" \/>\n<meta name=\"twitter:card\" content=\"summary_large_image\" \/>\n<meta name=\"twitter:creator\" content=\"@sira_centro\" \/>\n<meta name=\"twitter:site\" content=\"@sira_centro\" \/>\n<meta name=\"twitter:label1\" content=\"Escrit per\" \/>\n\t<meta name=\"twitter:data1\" content=\"Israel V\" \/>\n\t<meta name=\"twitter:label2\" content=\"Temps estimat de lectura\" \/>\n\t<meta name=\"twitter:data2\" content=\"5 minuts\" \/>\n<script type=\"application\/ld+json\" class=\"yoast-schema-graph\">{\"@context\":\"https:\\\/\\\/schema.org\",\"@graph\":[{\"@type\":\"Article\",\"@id\":\"https:\\\/\\\/centrosira.org\\\/podcast-centro-sira-newsletter-otra-mirada-islamofobia\\\/#article\",\"isPartOf\":{\"@id\":\"https:\\\/\\\/centrosira.org\\\/podcast-centro-sira-newsletter-otra-mirada-islamofobia\\\/\"},\"author\":{\"name\":\"Israel V\",\"@id\":\"https:\\\/\\\/centrosira.org\\\/#\\\/schema\\\/person\\\/9815ff63267f2e2957c81988f684c7ba\"},\"headline\":\"Islamofobia en directo\",\"datePublished\":\"2026-03-05T13:00:36+00:00\",\"dateModified\":\"2026-03-09T10:49:29+00:00\",\"mainEntityOfPage\":{\"@id\":\"https:\\\/\\\/centrosira.org\\\/podcast-centro-sira-newsletter-otra-mirada-islamofobia\\\/\"},\"wordCount\":1069,\"commentCount\":0,\"publisher\":{\"@id\":\"https:\\\/\\\/centrosira.org\\\/#organization\"},\"image\":{\"@id\":\"https:\\\/\\\/centrosira.org\\\/podcast-centro-sira-newsletter-otra-mirada-islamofobia\\\/#primaryimage\"},\"thumbnailUrl\":\"https:\\\/\\\/centrosira.org\\\/wp-content\\\/uploads\\\/2026\\\/03\\\/sira_podcast_brechas_1.webp\",\"articleSection\":[\"Otra mirada\",\"SIRA\"],\"inLanguage\":\"ca\",\"potentialAction\":[{\"@type\":\"CommentAction\",\"name\":\"Comment\",\"target\":[\"https:\\\/\\\/centrosira.org\\\/podcast-centro-sira-newsletter-otra-mirada-islamofobia\\\/#respond\"]}]},{\"@type\":\"WebPage\",\"@id\":\"https:\\\/\\\/centrosira.org\\\/podcast-centro-sira-newsletter-otra-mirada-islamofobia\\\/\",\"url\":\"https:\\\/\\\/centrosira.org\\\/podcast-centro-sira-newsletter-otra-mirada-islamofobia\\\/\",\"name\":\"Islamofobia en directo - Centro Sira\",\"isPartOf\":{\"@id\":\"https:\\\/\\\/centrosira.org\\\/#website\"},\"primaryImageOfPage\":{\"@id\":\"https:\\\/\\\/centrosira.org\\\/podcast-centro-sira-newsletter-otra-mirada-islamofobia\\\/#primaryimage\"},\"image\":{\"@id\":\"https:\\\/\\\/centrosira.org\\\/podcast-centro-sira-newsletter-otra-mirada-islamofobia\\\/#primaryimage\"},\"thumbnailUrl\":\"https:\\\/\\\/centrosira.org\\\/wp-content\\\/uploads\\\/2026\\\/03\\\/sira_podcast_brechas_1.webp\",\"datePublished\":\"2026-03-05T13:00:36+00:00\",\"dateModified\":\"2026-03-09T10:49:29+00:00\",\"breadcrumb\":{\"@id\":\"https:\\\/\\\/centrosira.org\\\/podcast-centro-sira-newsletter-otra-mirada-islamofobia\\\/#breadcrumb\"},\"inLanguage\":\"ca\",\"potentialAction\":[{\"@type\":\"ReadAction\",\"target\":[\"https:\\\/\\\/centrosira.org\\\/podcast-centro-sira-newsletter-otra-mirada-islamofobia\\\/\"]}]},{\"@type\":\"ImageObject\",\"inLanguage\":\"ca\",\"@id\":\"https:\\\/\\\/centrosira.org\\\/podcast-centro-sira-newsletter-otra-mirada-islamofobia\\\/#primaryimage\",\"url\":\"https:\\\/\\\/centrosira.org\\\/wp-content\\\/uploads\\\/2026\\\/03\\\/sira_podcast_brechas_1.webp\",\"contentUrl\":\"https:\\\/\\\/centrosira.org\\\/wp-content\\\/uploads\\\/2026\\\/03\\\/sira_podcast_brechas_1.webp\",\"width\":1920,\"height\":1080},{\"@type\":\"BreadcrumbList\",\"@id\":\"https:\\\/\\\/centrosira.org\\\/podcast-centro-sira-newsletter-otra-mirada-islamofobia\\\/#breadcrumb\",\"itemListElement\":[{\"@type\":\"ListItem\",\"position\":1,\"name\":\"Portada\",\"item\":\"https:\\\/\\\/centrosira.org\\\/\"},{\"@type\":\"ListItem\",\"position\":2,\"name\":\"Islamofobia en directo\"}]},{\"@type\":\"WebSite\",\"@id\":\"https:\\\/\\\/centrosira.org\\\/#website\",\"url\":\"https:\\\/\\\/centrosira.org\\\/\",\"name\":\"Centro Sira\",\"description\":\"\",\"publisher\":{\"@id\":\"https:\\\/\\\/centrosira.org\\\/#organization\"},\"alternateName\":\"Centro de Atenci\u00f3n a V\u00edctimas de Malos Tratos y Tortura\",\"potentialAction\":[{\"@type\":\"SearchAction\",\"target\":{\"@type\":\"EntryPoint\",\"urlTemplate\":\"https:\\\/\\\/centrosira.org\\\/?s={search_term_string}\"},\"query-input\":{\"@type\":\"PropertyValueSpecification\",\"valueRequired\":true,\"valueName\":\"search_term_string\"}}],\"inLanguage\":\"ca\"},{\"@type\":\"Organization\",\"@id\":\"https:\\\/\\\/centrosira.org\\\/#organization\",\"name\":\"Centro Sira\",\"alternateName\":\"Sira\",\"url\":\"https:\\\/\\\/centrosira.org\\\/\",\"logo\":{\"@type\":\"ImageObject\",\"inLanguage\":\"ca\",\"@id\":\"https:\\\/\\\/centrosira.org\\\/#\\\/schema\\\/logo\\\/image\\\/\",\"url\":null,\"contentUrl\":null,\"width\":null,\"height\":null,\"caption\":\"Centro Sira\"},\"image\":{\"@id\":\"https:\\\/\\\/centrosira.org\\\/#\\\/schema\\\/logo\\\/image\\\/\"},\"sameAs\":[\"https:\\\/\\\/www.facebook.com\\\/siracentro\",\"https:\\\/\\\/x.com\\\/sira_centro\",\"https:\\\/\\\/www.instagram.com\\\/sira_centro\\\/\",\"https:\\\/\\\/www.linkedin.com\\\/company\\\/sira-centro\\\/?originalSubdomain=es\",\"https:\\\/\\\/www.youtube.com\\\/@sira_centro\"]},{\"@type\":\"Person\",\"@id\":\"https:\\\/\\\/centrosira.org\\\/#\\\/schema\\\/person\\\/9815ff63267f2e2957c81988f684c7ba\",\"name\":\"Israel V\",\"image\":{\"@type\":\"ImageObject\",\"inLanguage\":\"ca\",\"@id\":\"https:\\\/\\\/secure.gravatar.com\\\/avatar\\\/b835441d5f77c22b9bbc6c394fca699d2d7dfd928f4ff56c43763984e664c8f2?s=96&d=mm&r=g\",\"url\":\"https:\\\/\\\/secure.gravatar.com\\\/avatar\\\/b835441d5f77c22b9bbc6c394fca699d2d7dfd928f4ff56c43763984e664c8f2?s=96&d=mm&r=g\",\"contentUrl\":\"https:\\\/\\\/secure.gravatar.com\\\/avatar\\\/b835441d5f77c22b9bbc6c394fca699d2d7dfd928f4ff56c43763984e664c8f2?s=96&d=mm&r=g\",\"caption\":\"Israel V\"},\"url\":\"https:\\\/\\\/centrosira.org\\\/ca\\\/author\\\/contelob2892sira\\\/\"}]}<\/script>\n<!-- \/ Yoast SEO plugin. -->","yoast_head_json":{"title":"Islamofobia en directo - Centro Sira","robots":{"index":"index","follow":"follow","max-snippet":"max-snippet:-1","max-image-preview":"max-image-preview:large","max-video-preview":"max-video-preview:-1"},"canonical":"https:\/\/centrosira.org\/ca\/podcast-centro-sira-newsletter-otra-mirada-islamofobia\/","og_locale":"ca_ES","og_type":"article","og_title":"Islamofobia en directo - Centro Sira","og_description":"La detenci\u00f3n de Omar se cont\u00f3 con todo detalle. Son relatos \u00e9picos, de cine, en los que los cuerpos de seguridad tiran puertas abajo, desbloquean contrase\u00f1as, cortan calles, incautan discos y tambi\u00e9n armas. Nada que ver con lo que a\u00f1os m\u00e1s tarde escuchar\u00edamos de boca del protagonista. SEBAS RODR\u00cdGUEZ | Responsable de Comunicaci\u00f3n del Centro [&hellip;]","og_url":"https:\/\/centrosira.org\/ca\/podcast-centro-sira-newsletter-otra-mirada-islamofobia\/","og_site_name":"Centro Sira","article_publisher":"https:\/\/www.facebook.com\/siracentro","article_published_time":"2026-03-05T13:00:36+00:00","article_modified_time":"2026-03-09T10:49:29+00:00","og_image":[{"width":1920,"height":1080,"url":"https:\/\/centrosira.org\/wp-content\/uploads\/2026\/03\/sira_podcast_brechas_1.webp","type":"image\/webp"}],"author":"Israel V","twitter_card":"summary_large_image","twitter_creator":"@sira_centro","twitter_site":"@sira_centro","twitter_misc":{"Escrit per":"Israel V","Temps estimat de lectura":"5 minuts"},"schema":{"@context":"https:\/\/schema.org","@graph":[{"@type":"Article","@id":"https:\/\/centrosira.org\/podcast-centro-sira-newsletter-otra-mirada-islamofobia\/#article","isPartOf":{"@id":"https:\/\/centrosira.org\/podcast-centro-sira-newsletter-otra-mirada-islamofobia\/"},"author":{"name":"Israel V","@id":"https:\/\/centrosira.org\/#\/schema\/person\/9815ff63267f2e2957c81988f684c7ba"},"headline":"Islamofobia en directo","datePublished":"2026-03-05T13:00:36+00:00","dateModified":"2026-03-09T10:49:29+00:00","mainEntityOfPage":{"@id":"https:\/\/centrosira.org\/podcast-centro-sira-newsletter-otra-mirada-islamofobia\/"},"wordCount":1069,"commentCount":0,"publisher":{"@id":"https:\/\/centrosira.org\/#organization"},"image":{"@id":"https:\/\/centrosira.org\/podcast-centro-sira-newsletter-otra-mirada-islamofobia\/#primaryimage"},"thumbnailUrl":"https:\/\/centrosira.org\/wp-content\/uploads\/2026\/03\/sira_podcast_brechas_1.webp","articleSection":["Otra mirada","SIRA"],"inLanguage":"ca","potentialAction":[{"@type":"CommentAction","name":"Comment","target":["https:\/\/centrosira.org\/podcast-centro-sira-newsletter-otra-mirada-islamofobia\/#respond"]}]},{"@type":"WebPage","@id":"https:\/\/centrosira.org\/podcast-centro-sira-newsletter-otra-mirada-islamofobia\/","url":"https:\/\/centrosira.org\/podcast-centro-sira-newsletter-otra-mirada-islamofobia\/","name":"Islamofobia en directo - Centro Sira","isPartOf":{"@id":"https:\/\/centrosira.org\/#website"},"primaryImageOfPage":{"@id":"https:\/\/centrosira.org\/podcast-centro-sira-newsletter-otra-mirada-islamofobia\/#primaryimage"},"image":{"@id":"https:\/\/centrosira.org\/podcast-centro-sira-newsletter-otra-mirada-islamofobia\/#primaryimage"},"thumbnailUrl":"https:\/\/centrosira.org\/wp-content\/uploads\/2026\/03\/sira_podcast_brechas_1.webp","datePublished":"2026-03-05T13:00:36+00:00","dateModified":"2026-03-09T10:49:29+00:00","breadcrumb":{"@id":"https:\/\/centrosira.org\/podcast-centro-sira-newsletter-otra-mirada-islamofobia\/#breadcrumb"},"inLanguage":"ca","potentialAction":[{"@type":"ReadAction","target":["https:\/\/centrosira.org\/podcast-centro-sira-newsletter-otra-mirada-islamofobia\/"]}]},{"@type":"ImageObject","inLanguage":"ca","@id":"https:\/\/centrosira.org\/podcast-centro-sira-newsletter-otra-mirada-islamofobia\/#primaryimage","url":"https:\/\/centrosira.org\/wp-content\/uploads\/2026\/03\/sira_podcast_brechas_1.webp","contentUrl":"https:\/\/centrosira.org\/wp-content\/uploads\/2026\/03\/sira_podcast_brechas_1.webp","width":1920,"height":1080},{"@type":"BreadcrumbList","@id":"https:\/\/centrosira.org\/podcast-centro-sira-newsletter-otra-mirada-islamofobia\/#breadcrumb","itemListElement":[{"@type":"ListItem","position":1,"name":"Portada","item":"https:\/\/centrosira.org\/"},{"@type":"ListItem","position":2,"name":"Islamofobia en directo"}]},{"@type":"WebSite","@id":"https:\/\/centrosira.org\/#website","url":"https:\/\/centrosira.org\/","name":"Centre Sira","description":"","publisher":{"@id":"https:\/\/centrosira.org\/#organization"},"alternateName":"Centro de Atenci\u00f3n a V\u00edctimas de Malos Tratos y Tortura","potentialAction":[{"@type":"SearchAction","target":{"@type":"EntryPoint","urlTemplate":"https:\/\/centrosira.org\/?s={search_term_string}"},"query-input":{"@type":"PropertyValueSpecification","valueRequired":true,"valueName":"search_term_string"}}],"inLanguage":"ca"},{"@type":"Organization","@id":"https:\/\/centrosira.org\/#organization","name":"Centre Sira","alternateName":"Sira","url":"https:\/\/centrosira.org\/","logo":{"@type":"ImageObject","inLanguage":"ca","@id":"https:\/\/centrosira.org\/#\/schema\/logo\/image\/","url":null,"contentUrl":null,"width":null,"height":null,"caption":"Centro Sira"},"image":{"@id":"https:\/\/centrosira.org\/#\/schema\/logo\/image\/"},"sameAs":["https:\/\/www.facebook.com\/siracentro","https:\/\/x.com\/sira_centro","https:\/\/www.instagram.com\/sira_centro\/","https:\/\/www.linkedin.com\/company\/sira-centro\/?originalSubdomain=es","https:\/\/www.youtube.com\/@sira_centro"]},{"@type":"Person","@id":"https:\/\/centrosira.org\/#\/schema\/person\/9815ff63267f2e2957c81988f684c7ba","name":"Israel V","image":{"@type":"ImageObject","inLanguage":"ca","@id":"https:\/\/secure.gravatar.com\/avatar\/b835441d5f77c22b9bbc6c394fca699d2d7dfd928f4ff56c43763984e664c8f2?s=96&d=mm&r=g","url":"https:\/\/secure.gravatar.com\/avatar\/b835441d5f77c22b9bbc6c394fca699d2d7dfd928f4ff56c43763984e664c8f2?s=96&d=mm&r=g","contentUrl":"https:\/\/secure.gravatar.com\/avatar\/b835441d5f77c22b9bbc6c394fca699d2d7dfd928f4ff56c43763984e664c8f2?s=96&d=mm&r=g","caption":"Israel V"},"url":"https:\/\/centrosira.org\/ca\/author\/contelob2892sira\/"}]}},"_links":{"self":[{"href":"https:\/\/centrosira.org\/ca\/wp-json\/wp\/v2\/posts\/800","targetHints":{"allow":["GET"]}}],"collection":[{"href":"https:\/\/centrosira.org\/ca\/wp-json\/wp\/v2\/posts"}],"about":[{"href":"https:\/\/centrosira.org\/ca\/wp-json\/wp\/v2\/types\/post"}],"author":[{"embeddable":true,"href":"https:\/\/centrosira.org\/ca\/wp-json\/wp\/v2\/users\/3"}],"replies":[{"embeddable":true,"href":"https:\/\/centrosira.org\/ca\/wp-json\/wp\/v2\/comments?post=800"}],"version-history":[{"count":2,"href":"https:\/\/centrosira.org\/ca\/wp-json\/wp\/v2\/posts\/800\/revisions"}],"predecessor-version":[{"id":1009,"href":"https:\/\/centrosira.org\/ca\/wp-json\/wp\/v2\/posts\/800\/revisions\/1009"}],"wp:featuredmedia":[{"embeddable":true,"href":"https:\/\/centrosira.org\/ca\/wp-json\/wp\/v2\/media\/801"}],"wp:attachment":[{"href":"https:\/\/centrosira.org\/ca\/wp-json\/wp\/v2\/media?parent=800"}],"wp:term":[{"taxonomy":"category","embeddable":true,"href":"https:\/\/centrosira.org\/ca\/wp-json\/wp\/v2\/categories?post=800"},{"taxonomy":"post_tag","embeddable":true,"href":"https:\/\/centrosira.org\/ca\/wp-json\/wp\/v2\/tags?post=800"}],"curies":[{"name":"wp","href":"https:\/\/api.w.org\/{rel}","templated":true}]}}