{"id":783,"date":"2026-03-05T13:37:06","date_gmt":"2026-03-05T12:37:06","guid":{"rendered":"https:\/\/centrosira.org\/?p=783"},"modified":"2026-03-09T11:50:08","modified_gmt":"2026-03-09T10:50:08","slug":"sira-infiltraciones-policiales-parlament-catalunya","status":"publish","type":"post","link":"https:\/\/centrosira.org\/ca\/sira-infiltraciones-policiales-parlament-catalunya\/","title":{"rendered":"Sira compareix davant del Parlament per debatre l'impacte de la infiltraci\u00f3 policial"},"content":{"rendered":"<h3 class=\"wp-block-heading\">Despr\u00e9s d'acompanyar i avaluar pr\u00e0cticament totes les persones afectades, Pau P\u00e9rez Sales, en nom de l'organitzaci\u00f3, explica la naturalesa dels danys.<\/h3>\n\n\n\n<h3 class=\"wp-block-heading\">70% de les dones avaluades han tingut pensaments su\u00efcides despr\u00e9s de descobrir les infiltracions.<\/h3>\n\n\n\n<p>Pau P\u00e9rez Sales va compar\u00e8ixer dijous passat, 15 de febrer, davant del \u201cComit\u00e8 d'Investigaci\u00f3 sobre la Infiltraci\u00f3 de Forces Policials de l'Estat en els Moviments Socials,\u00a0\u201dComissi\u00f3 d'Investigaci\u00f3 sobre la Infiltraci\u00f3 de Forces Policials de l'Estat en Moviments Socials, Pol\u00edtics i Populars d'Arreu del Pa\u00eds\u00bb del Parlament de Catalunya. El director cl\u00ednic del Centre Sira, en la seva qualitat d'expert, va presentar algunes de les&nbsp;<strong>impactes contradictoris<\/strong>&nbsp;despr\u00e9s d'haver avaluat pr\u00e0cticament&nbsp;<strong>totes les persones directament afectades<\/strong>&nbsp;per infiltracions policials a tot l'estat, a trav\u00e9s de&nbsp;<a href=\"https:\/\/www.sindic.cat\/es\/page.asp?id=338\" target=\"_blank\" rel=\"noreferrer noopener\">Protocol d&#039;Istanbul<\/a>.Activistes de diversos moviments socials i populars \u2013 majorit\u00e0riament dones \u2013 que havien establert relacions de milit\u00e0ncia, amistat i sexe amb agents de policia encoberts que buscaven obtenir informaci\u00f3 privilegiada.&nbsp;&nbsp;<\/p>\n\n\n\n<p>At\u00e8s que aquestes accions van ser descobertes per&nbsp;<a href=\"https:\/\/directa.cat\/dani-el-segon-talp-destat-per-espiar-lactivisme\/\" target=\"_blank\" rel=\"noreferrer noopener\">mitjans<\/a>,El Centre Sira ha donat suport a gaireb\u00e9 totes les v\u00edctimes i ha proporcionat diversos informes pericials com a prova per a la seva defensa.&nbsp;&nbsp;&nbsp;<\/p>\n\n\n\n<h3 class=\"wp-block-heading\"><strong>Impactes cl\u00ednics<\/strong><\/h3>\n\n\n\n<p>Entre els&nbsp;<strong>impactes psicol\u00f2gics m\u00e9s greus<\/strong>, episodis depressius, atacs d'ansietat i insomni s\u00f3n especialment remarcables. Del nombre total de persones avaluades,&nbsp;<strong>70% afirma que en algun moment ha tingut pensaments su\u00efcides.<\/strong>.En 90% de casos, aquestes idees estan vinculades a la vergonya, a la humiliaci\u00f3 patida o a una idea clara de&nbsp;<strong>\u201c<\/strong><strong>irreversibilitat del dany<\/strong><strong>\u201d<\/strong>. Les v\u00edctimes tamb\u00e9 experimenten problemes de rebuig o malestar amb els seus cossos i\/o episodis de bul\u00edmia o anor\u00e8xia. Entre el 72 i el 85 % consideren que han patit&nbsp;<strong>P\u00e8rdua d'autoestima<\/strong>, aix\u00ed com un deteriorament greu de la seva imatge corporal. En el 40 % dels avaluats tamb\u00e9 es van identificar comportaments obsessius, com ara la necessitat de netejar o reorganitzar els espais compartits amb els agents infiltrats, com ara la casa o l'habitaci\u00f3, perqu\u00e8 els consideren llocs contaminats.&nbsp;&nbsp;<\/p>\n\n\n\n<blockquote class=\"wp-block-quote is-layout-flow wp-block-quote-is-layout-flow\">\n<p>\u201dCulpa per les relacions que ha tingut gr\u00e0cies a mi... i per haver-li obert la possibilitat d'accedir a altres espais i tenir altres relacions \u00edntimes...\u201d<\/p>\n<\/blockquote>\n\n\n\n<p>La majoria dels informes d'experts presentats&nbsp;<strong>experi\u00e8ncies de culpa<\/strong>&nbsp;i atribuint-se la responsabilitat del que va passar, cosa que \u00e9s habitual en el context d'agressi\u00f3 sexual. \u201cLa culpa per les relacions que ha tingut gr\u00e0cies a mi... i per haver-li obert la possibilitat d'accedir a altres espais i de tenir altres relacions \u00edntimes...\u201d, diu una de les dones entrevistades.<\/p>\n\n\n\n<p>Al llarg del seu testimoni, P\u00e9rez tamb\u00e9 va assenyalar que, a m\u00e9s dels sentiments de culpa, hi ha un seguit de&nbsp;<strong>impactes ontol\u00f2gics<\/strong>, com ara la p\u00e8rdua de confian\u00e7a en els \u00e9ssers humans, sentiments continus d'humiliaci\u00f3 o una recerca obsessiva de l\u00f2gica.\u00a0Dels entrevistats, tres d'ells no entenen com la policia podria rec\u00f3rrer a quelcom tan \u00edntim com les relacions emocionals per obtenir informaci\u00f3. \u201cVa ser clarament un mal innecessari... Per qu\u00e8 ho van fer? Per qu\u00e8 em van causar un mal gratu\u00eft que no tenia cap sentit pel que feien?\u00bb diu un d'ells.&nbsp;&nbsp;<\/p>\n\n\n\n<h3 class=\"wp-block-heading\"><strong>Conseq\u00fc\u00e8ncies de les infiltracions<\/strong><\/h3>\n\n\n\n<p>En molts casos, els impactes de les infiltracions van tenir repercussions directes en diferents \u00e0mbits de la vida de les persones avaluades. Algunes van patir un descens significatiu en els seus&nbsp;<strong>rendiment acad\u00e8mic<\/strong>&nbsp;\u2013 com a resultat de la rumiaci\u00f3 i l'angoixa \u2013 mentre que d'altres van experimentar dificultats per continuar duent a terme la seva feina. Del total d'entrevistats, quatre van haver de sol\u00b7licitar un&nbsp;<strong>Perm\u00eds per malaltia<\/strong>.&nbsp;&nbsp;<\/p>\n\n\n\n<p>La gran majoria de la gent&nbsp;<strong>Actualment s\u00f3n reticents a fer servir el tel\u00e8fon<\/strong>, tenen la sensaci\u00f3 de&nbsp;<strong>Estan observant<\/strong>, i dubten a utilitzar el correu electr\u00f2nic o les xarxes de missatgeria privada. P\u00e9rez tamb\u00e9 va assenyalar durant l'audi\u00e8ncia que hi ha por entre els experts que puguin ser&nbsp;<strong>acusar injustament en el futur<\/strong>. En alguns casos, els entrevistats afirmen que han desaparegut peces de roba o productes d'higiene, cosa que indica que durant les trobades se'ls haurien pogut prendre mostres biol\u00f2giques, les quals temen que es puguin utilitzar per \u201cconstruir un cas\u201d contra ells en el futur.&nbsp;&nbsp;<\/p>\n\n\n\n<p>Des que es van descobrir els casos d'infiltraci\u00f3 policial, pr\u00e0cticament totes les persones&nbsp;<strong>van disminuir la seva participaci\u00f3 en espais socials i activistes<\/strong>, ja que no es consideren&nbsp;<strong>llocs segurs<\/strong>. Aix\u00f2 \u00e9s especialment traum\u00e0tic, tenint en compte que l'activisme sempre ha jugat un paper essencial en la identitat de les dones examinades.&nbsp;&nbsp;<\/p>\n\n\n\n<blockquote class=\"wp-block-quote is-layout-flow wp-block-quote-is-layout-flow\">\n<p>\u201dAmb aquesta persona que no existeix, hi havia consentiment. Per\u00f2 com que no existeix, no vaig donar consentiment, i si l'hagu\u00e9s donat, hauria estat a una persona que no existeix. Consentiment a un \u00e9sser que no existeix. No hi ha consentiment.\u00bb<\/p>\n<\/blockquote>\n\n\n\n<figure class=\"wp-block-embed is-type-video is-provider-youtube wp-block-embed-youtube wp-embed-aspect-16-9 wp-has-aspect-ratio\"><div class=\"wp-block-embed__wrapper\">\n<iframe title=\"Pau P\u00e9rez Sales - Impactes de la infiltraci\u00f3 policial\" width=\"800\" height=\"450\" src=\"https:\/\/www.youtube.com\/embed\/RuA4kxSsbWE?feature=oembed\" frameborder=\"0\" allow=\"accelerometer; autoplay; clipboard-write; encrypted-media; gyroscope; picture-in-picture; web-share\" referrerpolicy=\"strict-origin-when-cross-origin\" allowfullscreen><\/iframe>\n<\/div><\/figure>\n\n\n\n<h3 class=\"wp-block-heading\"><strong>Sentiments d'humiliaci\u00f3<\/strong><\/h3>\n\n\n\n<p>Gaireb\u00e9 totes les dones enquestades afirmen haver redu\u00eft significativament les seves relacions ocasionals com a resultat de les infiltracions. Hi ha un sentiment generalitzat d'humiliaci\u00f3 i un atac directe a la seva dignitat.\u201c<strong>Han utilitzat la teva comprensi\u00f3 del sexe, de l'amor i de les teves emocions en contra teva.,<\/strong>&nbsp;afirma un dels experts.&nbsp;&nbsp;<\/p>\n\n\n\n<p>El total ent\u00e9n que hi va haver un engany deliberat per part dels agents de policia, i que ells eren&nbsp;<strong>privatats de la seva capacitat de triar lliurement<\/strong>, ja que desconeixien la identitat de l'individu i el prop\u00f2sit pel qual s'havien establert relacions sexuals i emocionals amb les v\u00edctimes. Tothom ent\u00e9n que amb aquest engany,&nbsp;<strong>van ser for\u00e7ats<\/strong>&nbsp;d'actuar en contra de les seves pr\u00f2pies conviccions. Tots ells afirmen que mai no haurien mantingut relacions sexuals amb els agents encoberts si haguessin sabut qui eren realment.&nbsp;&nbsp;<strong>\u201cAmb aquesta persona que no existeix, hi havia consentiment. Per\u00f2 com que no existeix, no vaig donar consentiment, i si l'hagu\u00e9s donat, hauria estat a una persona que no existeix. Consentiment a un \u00e9sser que no existeix. No hi ha consentiment.\u201d<\/strong>, diu un dels experts.<\/p>\n\n\n\n<h3 class=\"wp-block-heading\"><strong>V\u00edctimes de tortura<\/strong><\/h3>\n\n\n\n<p>Entre les seves conclusions, Pau P\u00e9rez Sales afirma al Parlament que hi ha un alt grau de coher\u00e8ncia entre els fets al\u00b7legats per les persones i el seu impacte. L'informe pericial del Centre Sira conclou que les persones afectades per la infiltraci\u00f3 policial en moviments socials i populars a tot l'estat haurien de ser considerades v\u00edctimes de tortura, i els agents de policia haurien de ser considerats autors, ja que hi ha proves d'una acci\u00f3 conscient \u2014amb l'objectiu d'accedir a informaci\u00f3\u2014 que causa impactes psicol\u00f2gics greus.&nbsp;<\/p>\n\n\n\n<p>Les v\u00edctimes van patir impactes cl\u00ednics i psicol\u00f2gics greus com a resultat directe de les accions dels funcionaris p\u00fablics. La policia va seguir una estrat\u00e8gia deliberada i coherent \u2013 com es pot deduir dels seus patrons de comportament a tot l'estat \u2013 amb l'objectiu clar d'accedir a la informaci\u00f3 \u00edntima, personal i familiar de les v\u00edctimes, aix\u00ed com a informaci\u00f3 sobre les seves<strong>&nbsp;patrons d'operaci\u00f3<\/strong>&nbsp;i objectius dels moviments socials percebuts com a \u201cdisruptius\u201d. Tenint en compte tots aquests elements, els experts del Sira Centre conclouen que aquests actes poden constituir tortura segons els est\u00e0ndards internacionals.&nbsp;<\/p>\n\n\n\n<p>D'altra banda, Pau P\u00e9rez Sales tamb\u00e9 assenyala que la infiltraci\u00f3 policial no nom\u00e9s t\u00e9 conseq\u00fc\u00e8ncies individuals, sin\u00f3 tamb\u00e9&nbsp;<strong>col\u00b7lectiu<\/strong>. Des d'un punt de vista&nbsp;<strong>psicosocial<\/strong>, Els moviments socials, comunitaris i populars de tot el pa\u00eds tamb\u00e9 pateixen desconfian\u00e7a, un \u201cefecte de des\u00e0nim\u201d pel que fa als espais institucionals i a la participaci\u00f3 pol\u00edtica i social, i una negativa a continuar participant en aquests espais. L'experta del Centre Sira conclou que, a trav\u00e9s d'aquestes accions, l'Estat envia un missatge d'advertiment: els moviments socials populars s\u00f3n considerats \u201cgrups proterroristes\u201d i, com a tals, estan sotmesos a vigil\u00e0ncia.&nbsp;<\/p>\n\n\n\n<p><\/p>","protected":false},"excerpt":{"rendered":"<p>Tras haber acompa\u00f1ado y evaluado a pr\u00e1cticamente la totalidad de las personas afectadas, Pau P\u00e9rez Sales, en nombre de la entidad, expone la naturaleza de los da\u00f1os El 70% de las mujeres evaluadas ha tenido ideas suicidas tras descubrir las infiltraciones Pau P\u00e9rez Sales&nbsp;compareci\u00f3 el pasado jueves 15 de febrero ante&nbsp;la \u201cComissi\u00f3 d\u2019Investigaci\u00f3 sobre la&nbsp;Infiltraci\u00f3&nbsp;de&nbsp;Policies&nbsp;dels&nbsp;Cossos&nbsp;Policials&nbsp;de&nbsp;l\u2019Estat&nbsp;en&nbsp;els&nbsp;Moviments&nbsp;Socials,&nbsp;Pol\u00edtics&nbsp;i&nbsp;Populars&nbsp;d\u2019Arreu&nbsp;del [&hellip;]<\/p>\n","protected":false},"author":3,"featured_media":784,"comment_status":"open","ping_status":"open","sticky":false,"template":"","format":"standard","meta":{"footnotes":""},"categories":[13,21],"tags":[],"class_list":["post-783","post","type-post","status-publish","format-standard","has-post-thumbnail","hentry","category-actualidad","category-periciales"],"yoast_head":"<!-- This site is optimized with the Yoast SEO plugin v27.4 - https:\/\/yoast.com\/product\/yoast-seo-wordpress\/ -->\n<title>Sira comparece en el Parlament para hablar acerca del impacto de las infiltraciones policiales - Centro Sira<\/title>\n<meta name=\"robots\" content=\"index, follow, max-snippet:-1, max-image-preview:large, max-video-preview:-1\" \/>\n<link rel=\"canonical\" href=\"https:\/\/centrosira.org\/ca\/sira-infiltraciones-policiales-parlament-catalunya\/\" \/>\n<meta property=\"og:locale\" content=\"ca_ES\" \/>\n<meta property=\"og:type\" content=\"article\" \/>\n<meta property=\"og:title\" content=\"Sira comparece en el Parlament para hablar acerca del impacto de las infiltraciones policiales - Centro Sira\" \/>\n<meta property=\"og:description\" content=\"Tras haber acompa\u00f1ado y evaluado a pr\u00e1cticamente la totalidad de las personas afectadas, Pau P\u00e9rez Sales, en nombre de la entidad, expone la naturaleza de los da\u00f1os El 70% de las mujeres evaluadas ha tenido ideas suicidas tras descubrir las infiltraciones Pau P\u00e9rez Sales&nbsp;compareci\u00f3 el pasado jueves 15 de febrero ante&nbsp;la \u201cComissi\u00f3 d\u2019Investigaci\u00f3 sobre la&nbsp;Infiltraci\u00f3&nbsp;de&nbsp;Policies&nbsp;dels&nbsp;Cossos&nbsp;Policials&nbsp;de&nbsp;l\u2019Estat&nbsp;en&nbsp;els&nbsp;Moviments&nbsp;Socials,&nbsp;Pol\u00edtics&nbsp;i&nbsp;Populars&nbsp;d\u2019Arreu&nbsp;del [&hellip;]\" \/>\n<meta property=\"og:url\" content=\"https:\/\/centrosira.org\/ca\/sira-infiltraciones-policiales-parlament-catalunya\/\" \/>\n<meta property=\"og:site_name\" content=\"Centro Sira\" \/>\n<meta property=\"article:publisher\" content=\"https:\/\/www.facebook.com\/siracentro\" \/>\n<meta property=\"article:published_time\" content=\"2026-03-05T12:37:06+00:00\" \/>\n<meta property=\"article:modified_time\" content=\"2026-03-09T10:50:08+00:00\" \/>\n<meta property=\"og:image\" content=\"https:\/\/centrosira.org\/wp-content\/uploads\/2026\/03\/web_pau_perez_sales_comparecencia_parlamento_1.webp\" \/>\n\t<meta property=\"og:image:width\" content=\"1920\" \/>\n\t<meta property=\"og:image:height\" content=\"1080\" \/>\n\t<meta property=\"og:image:type\" content=\"image\/webp\" \/>\n<meta name=\"author\" content=\"Israel V\" \/>\n<meta name=\"twitter:card\" content=\"summary_large_image\" \/>\n<meta name=\"twitter:creator\" content=\"@sira_centro\" \/>\n<meta name=\"twitter:site\" content=\"@sira_centro\" \/>\n<meta name=\"twitter:label1\" content=\"Escrit per\" \/>\n\t<meta name=\"twitter:data1\" content=\"Israel V\" \/>\n\t<meta name=\"twitter:label2\" content=\"Temps estimat de lectura\" \/>\n\t<meta name=\"twitter:data2\" content=\"6 minuts\" \/>\n<script type=\"application\/ld+json\" class=\"yoast-schema-graph\">{\"@context\":\"https:\\\/\\\/schema.org\",\"@graph\":[{\"@type\":\"Article\",\"@id\":\"https:\\\/\\\/centrosira.org\\\/sira-infiltraciones-policiales-parlament-catalunya\\\/#article\",\"isPartOf\":{\"@id\":\"https:\\\/\\\/centrosira.org\\\/sira-infiltraciones-policiales-parlament-catalunya\\\/\"},\"author\":{\"name\":\"Israel V\",\"@id\":\"https:\\\/\\\/centrosira.org\\\/#\\\/schema\\\/person\\\/9815ff63267f2e2957c81988f684c7ba\"},\"headline\":\"Sira comparece en el Parlament para hablar acerca del impacto de las infiltraciones policiales\",\"datePublished\":\"2026-03-05T12:37:06+00:00\",\"dateModified\":\"2026-03-09T10:50:08+00:00\",\"mainEntityOfPage\":{\"@id\":\"https:\\\/\\\/centrosira.org\\\/sira-infiltraciones-policiales-parlament-catalunya\\\/\"},\"wordCount\":1539,\"commentCount\":0,\"publisher\":{\"@id\":\"https:\\\/\\\/centrosira.org\\\/#organization\"},\"image\":{\"@id\":\"https:\\\/\\\/centrosira.org\\\/sira-infiltraciones-policiales-parlament-catalunya\\\/#primaryimage\"},\"thumbnailUrl\":\"https:\\\/\\\/centrosira.org\\\/wp-content\\\/uploads\\\/2026\\\/03\\\/web_pau_perez_sales_comparecencia_parlamento_1.webp\",\"articleSection\":[\"Actualidad\",\"Periciales\"],\"inLanguage\":\"ca\",\"potentialAction\":[{\"@type\":\"CommentAction\",\"name\":\"Comment\",\"target\":[\"https:\\\/\\\/centrosira.org\\\/sira-infiltraciones-policiales-parlament-catalunya\\\/#respond\"]}]},{\"@type\":\"WebPage\",\"@id\":\"https:\\\/\\\/centrosira.org\\\/sira-infiltraciones-policiales-parlament-catalunya\\\/\",\"url\":\"https:\\\/\\\/centrosira.org\\\/sira-infiltraciones-policiales-parlament-catalunya\\\/\",\"name\":\"Sira comparece en el Parlament para hablar acerca del impacto de las infiltraciones policiales - Centro Sira\",\"isPartOf\":{\"@id\":\"https:\\\/\\\/centrosira.org\\\/#website\"},\"primaryImageOfPage\":{\"@id\":\"https:\\\/\\\/centrosira.org\\\/sira-infiltraciones-policiales-parlament-catalunya\\\/#primaryimage\"},\"image\":{\"@id\":\"https:\\\/\\\/centrosira.org\\\/sira-infiltraciones-policiales-parlament-catalunya\\\/#primaryimage\"},\"thumbnailUrl\":\"https:\\\/\\\/centrosira.org\\\/wp-content\\\/uploads\\\/2026\\\/03\\\/web_pau_perez_sales_comparecencia_parlamento_1.webp\",\"datePublished\":\"2026-03-05T12:37:06+00:00\",\"dateModified\":\"2026-03-09T10:50:08+00:00\",\"breadcrumb\":{\"@id\":\"https:\\\/\\\/centrosira.org\\\/sira-infiltraciones-policiales-parlament-catalunya\\\/#breadcrumb\"},\"inLanguage\":\"ca\",\"potentialAction\":[{\"@type\":\"ReadAction\",\"target\":[\"https:\\\/\\\/centrosira.org\\\/sira-infiltraciones-policiales-parlament-catalunya\\\/\"]}]},{\"@type\":\"ImageObject\",\"inLanguage\":\"ca\",\"@id\":\"https:\\\/\\\/centrosira.org\\\/sira-infiltraciones-policiales-parlament-catalunya\\\/#primaryimage\",\"url\":\"https:\\\/\\\/centrosira.org\\\/wp-content\\\/uploads\\\/2026\\\/03\\\/web_pau_perez_sales_comparecencia_parlamento_1.webp\",\"contentUrl\":\"https:\\\/\\\/centrosira.org\\\/wp-content\\\/uploads\\\/2026\\\/03\\\/web_pau_perez_sales_comparecencia_parlamento_1.webp\",\"width\":1920,\"height\":1080},{\"@type\":\"BreadcrumbList\",\"@id\":\"https:\\\/\\\/centrosira.org\\\/sira-infiltraciones-policiales-parlament-catalunya\\\/#breadcrumb\",\"itemListElement\":[{\"@type\":\"ListItem\",\"position\":1,\"name\":\"Portada\",\"item\":\"https:\\\/\\\/centrosira.org\\\/\"},{\"@type\":\"ListItem\",\"position\":2,\"name\":\"Sira comparece en el Parlament para hablar acerca del impacto de las infiltraciones policiales\"}]},{\"@type\":\"WebSite\",\"@id\":\"https:\\\/\\\/centrosira.org\\\/#website\",\"url\":\"https:\\\/\\\/centrosira.org\\\/\",\"name\":\"Centro Sira\",\"description\":\"\",\"publisher\":{\"@id\":\"https:\\\/\\\/centrosira.org\\\/#organization\"},\"alternateName\":\"Centro de Atenci\u00f3n a V\u00edctimas de Malos Tratos y Tortura\",\"potentialAction\":[{\"@type\":\"SearchAction\",\"target\":{\"@type\":\"EntryPoint\",\"urlTemplate\":\"https:\\\/\\\/centrosira.org\\\/?s={search_term_string}\"},\"query-input\":{\"@type\":\"PropertyValueSpecification\",\"valueRequired\":true,\"valueName\":\"search_term_string\"}}],\"inLanguage\":\"ca\"},{\"@type\":\"Organization\",\"@id\":\"https:\\\/\\\/centrosira.org\\\/#organization\",\"name\":\"Centro Sira\",\"alternateName\":\"Sira\",\"url\":\"https:\\\/\\\/centrosira.org\\\/\",\"logo\":{\"@type\":\"ImageObject\",\"inLanguage\":\"ca\",\"@id\":\"https:\\\/\\\/centrosira.org\\\/#\\\/schema\\\/logo\\\/image\\\/\",\"url\":null,\"contentUrl\":null,\"width\":null,\"height\":null,\"caption\":\"Centro Sira\"},\"image\":{\"@id\":\"https:\\\/\\\/centrosira.org\\\/#\\\/schema\\\/logo\\\/image\\\/\"},\"sameAs\":[\"https:\\\/\\\/www.facebook.com\\\/siracentro\",\"https:\\\/\\\/x.com\\\/sira_centro\",\"https:\\\/\\\/www.instagram.com\\\/sira_centro\\\/\",\"https:\\\/\\\/www.linkedin.com\\\/company\\\/sira-centro\\\/?originalSubdomain=es\",\"https:\\\/\\\/www.youtube.com\\\/@sira_centro\"]},{\"@type\":\"Person\",\"@id\":\"https:\\\/\\\/centrosira.org\\\/#\\\/schema\\\/person\\\/9815ff63267f2e2957c81988f684c7ba\",\"name\":\"Israel V\",\"image\":{\"@type\":\"ImageObject\",\"inLanguage\":\"ca\",\"@id\":\"https:\\\/\\\/secure.gravatar.com\\\/avatar\\\/b835441d5f77c22b9bbc6c394fca699d2d7dfd928f4ff56c43763984e664c8f2?s=96&d=mm&r=g\",\"url\":\"https:\\\/\\\/secure.gravatar.com\\\/avatar\\\/b835441d5f77c22b9bbc6c394fca699d2d7dfd928f4ff56c43763984e664c8f2?s=96&d=mm&r=g\",\"contentUrl\":\"https:\\\/\\\/secure.gravatar.com\\\/avatar\\\/b835441d5f77c22b9bbc6c394fca699d2d7dfd928f4ff56c43763984e664c8f2?s=96&d=mm&r=g\",\"caption\":\"Israel V\"},\"url\":\"https:\\\/\\\/centrosira.org\\\/ca\\\/author\\\/contelob2892sira\\\/\"}]}<\/script>\n<!-- \/ Yoast SEO plugin. -->","yoast_head_json":{"title":"Sira comparece en el Parlament para hablar acerca del impacto de las infiltraciones policiales - Centro Sira","robots":{"index":"index","follow":"follow","max-snippet":"max-snippet:-1","max-image-preview":"max-image-preview:large","max-video-preview":"max-video-preview:-1"},"canonical":"https:\/\/centrosira.org\/ca\/sira-infiltraciones-policiales-parlament-catalunya\/","og_locale":"ca_ES","og_type":"article","og_title":"Sira comparece en el Parlament para hablar acerca del impacto de las infiltraciones policiales - Centro Sira","og_description":"Tras haber acompa\u00f1ado y evaluado a pr\u00e1cticamente la totalidad de las personas afectadas, Pau P\u00e9rez Sales, en nombre de la entidad, expone la naturaleza de los da\u00f1os El 70% de las mujeres evaluadas ha tenido ideas suicidas tras descubrir las infiltraciones Pau P\u00e9rez Sales&nbsp;compareci\u00f3 el pasado jueves 15 de febrero ante&nbsp;la \u201cComissi\u00f3 d\u2019Investigaci\u00f3 sobre la&nbsp;Infiltraci\u00f3&nbsp;de&nbsp;Policies&nbsp;dels&nbsp;Cossos&nbsp;Policials&nbsp;de&nbsp;l\u2019Estat&nbsp;en&nbsp;els&nbsp;Moviments&nbsp;Socials,&nbsp;Pol\u00edtics&nbsp;i&nbsp;Populars&nbsp;d\u2019Arreu&nbsp;del [&hellip;]","og_url":"https:\/\/centrosira.org\/ca\/sira-infiltraciones-policiales-parlament-catalunya\/","og_site_name":"Centro Sira","article_publisher":"https:\/\/www.facebook.com\/siracentro","article_published_time":"2026-03-05T12:37:06+00:00","article_modified_time":"2026-03-09T10:50:08+00:00","og_image":[{"width":1920,"height":1080,"url":"https:\/\/centrosira.org\/wp-content\/uploads\/2026\/03\/web_pau_perez_sales_comparecencia_parlamento_1.webp","type":"image\/webp"}],"author":"Israel V","twitter_card":"summary_large_image","twitter_creator":"@sira_centro","twitter_site":"@sira_centro","twitter_misc":{"Escrit per":"Israel V","Temps estimat de lectura":"6 minuts"},"schema":{"@context":"https:\/\/schema.org","@graph":[{"@type":"Article","@id":"https:\/\/centrosira.org\/sira-infiltraciones-policiales-parlament-catalunya\/#article","isPartOf":{"@id":"https:\/\/centrosira.org\/sira-infiltraciones-policiales-parlament-catalunya\/"},"author":{"name":"Israel V","@id":"https:\/\/centrosira.org\/#\/schema\/person\/9815ff63267f2e2957c81988f684c7ba"},"headline":"Sira comparece en el Parlament para hablar acerca del impacto de las infiltraciones policiales","datePublished":"2026-03-05T12:37:06+00:00","dateModified":"2026-03-09T10:50:08+00:00","mainEntityOfPage":{"@id":"https:\/\/centrosira.org\/sira-infiltraciones-policiales-parlament-catalunya\/"},"wordCount":1539,"commentCount":0,"publisher":{"@id":"https:\/\/centrosira.org\/#organization"},"image":{"@id":"https:\/\/centrosira.org\/sira-infiltraciones-policiales-parlament-catalunya\/#primaryimage"},"thumbnailUrl":"https:\/\/centrosira.org\/wp-content\/uploads\/2026\/03\/web_pau_perez_sales_comparecencia_parlamento_1.webp","articleSection":["Actualidad","Periciales"],"inLanguage":"ca","potentialAction":[{"@type":"CommentAction","name":"Comment","target":["https:\/\/centrosira.org\/sira-infiltraciones-policiales-parlament-catalunya\/#respond"]}]},{"@type":"WebPage","@id":"https:\/\/centrosira.org\/sira-infiltraciones-policiales-parlament-catalunya\/","url":"https:\/\/centrosira.org\/sira-infiltraciones-policiales-parlament-catalunya\/","name":"Sira comparece en el Parlament para hablar acerca del impacto de las infiltraciones policiales - Centro Sira","isPartOf":{"@id":"https:\/\/centrosira.org\/#website"},"primaryImageOfPage":{"@id":"https:\/\/centrosira.org\/sira-infiltraciones-policiales-parlament-catalunya\/#primaryimage"},"image":{"@id":"https:\/\/centrosira.org\/sira-infiltraciones-policiales-parlament-catalunya\/#primaryimage"},"thumbnailUrl":"https:\/\/centrosira.org\/wp-content\/uploads\/2026\/03\/web_pau_perez_sales_comparecencia_parlamento_1.webp","datePublished":"2026-03-05T12:37:06+00:00","dateModified":"2026-03-09T10:50:08+00:00","breadcrumb":{"@id":"https:\/\/centrosira.org\/sira-infiltraciones-policiales-parlament-catalunya\/#breadcrumb"},"inLanguage":"ca","potentialAction":[{"@type":"ReadAction","target":["https:\/\/centrosira.org\/sira-infiltraciones-policiales-parlament-catalunya\/"]}]},{"@type":"ImageObject","inLanguage":"ca","@id":"https:\/\/centrosira.org\/sira-infiltraciones-policiales-parlament-catalunya\/#primaryimage","url":"https:\/\/centrosira.org\/wp-content\/uploads\/2026\/03\/web_pau_perez_sales_comparecencia_parlamento_1.webp","contentUrl":"https:\/\/centrosira.org\/wp-content\/uploads\/2026\/03\/web_pau_perez_sales_comparecencia_parlamento_1.webp","width":1920,"height":1080},{"@type":"BreadcrumbList","@id":"https:\/\/centrosira.org\/sira-infiltraciones-policiales-parlament-catalunya\/#breadcrumb","itemListElement":[{"@type":"ListItem","position":1,"name":"Portada","item":"https:\/\/centrosira.org\/"},{"@type":"ListItem","position":2,"name":"Sira comparece en el Parlament para hablar acerca del impacto de las infiltraciones policiales"}]},{"@type":"WebSite","@id":"https:\/\/centrosira.org\/#website","url":"https:\/\/centrosira.org\/","name":"Centre Sira","description":"","publisher":{"@id":"https:\/\/centrosira.org\/#organization"},"alternateName":"Centro de Atenci\u00f3n a V\u00edctimas de Malos Tratos y Tortura","potentialAction":[{"@type":"SearchAction","target":{"@type":"EntryPoint","urlTemplate":"https:\/\/centrosira.org\/?s={search_term_string}"},"query-input":{"@type":"PropertyValueSpecification","valueRequired":true,"valueName":"search_term_string"}}],"inLanguage":"ca"},{"@type":"Organization","@id":"https:\/\/centrosira.org\/#organization","name":"Centre Sira","alternateName":"Sira","url":"https:\/\/centrosira.org\/","logo":{"@type":"ImageObject","inLanguage":"ca","@id":"https:\/\/centrosira.org\/#\/schema\/logo\/image\/","url":null,"contentUrl":null,"width":null,"height":null,"caption":"Centro Sira"},"image":{"@id":"https:\/\/centrosira.org\/#\/schema\/logo\/image\/"},"sameAs":["https:\/\/www.facebook.com\/siracentro","https:\/\/x.com\/sira_centro","https:\/\/www.instagram.com\/sira_centro\/","https:\/\/www.linkedin.com\/company\/sira-centro\/?originalSubdomain=es","https:\/\/www.youtube.com\/@sira_centro"]},{"@type":"Person","@id":"https:\/\/centrosira.org\/#\/schema\/person\/9815ff63267f2e2957c81988f684c7ba","name":"Israel V","image":{"@type":"ImageObject","inLanguage":"ca","@id":"https:\/\/secure.gravatar.com\/avatar\/b835441d5f77c22b9bbc6c394fca699d2d7dfd928f4ff56c43763984e664c8f2?s=96&d=mm&r=g","url":"https:\/\/secure.gravatar.com\/avatar\/b835441d5f77c22b9bbc6c394fca699d2d7dfd928f4ff56c43763984e664c8f2?s=96&d=mm&r=g","contentUrl":"https:\/\/secure.gravatar.com\/avatar\/b835441d5f77c22b9bbc6c394fca699d2d7dfd928f4ff56c43763984e664c8f2?s=96&d=mm&r=g","caption":"Israel V"},"url":"https:\/\/centrosira.org\/ca\/author\/contelob2892sira\/"}]}},"_links":{"self":[{"href":"https:\/\/centrosira.org\/ca\/wp-json\/wp\/v2\/posts\/783","targetHints":{"allow":["GET"]}}],"collection":[{"href":"https:\/\/centrosira.org\/ca\/wp-json\/wp\/v2\/posts"}],"about":[{"href":"https:\/\/centrosira.org\/ca\/wp-json\/wp\/v2\/types\/post"}],"author":[{"embeddable":true,"href":"https:\/\/centrosira.org\/ca\/wp-json\/wp\/v2\/users\/3"}],"replies":[{"embeddable":true,"href":"https:\/\/centrosira.org\/ca\/wp-json\/wp\/v2\/comments?post=783"}],"version-history":[{"count":2,"href":"https:\/\/centrosira.org\/ca\/wp-json\/wp\/v2\/posts\/783\/revisions"}],"predecessor-version":[{"id":1006,"href":"https:\/\/centrosira.org\/ca\/wp-json\/wp\/v2\/posts\/783\/revisions\/1006"}],"wp:featuredmedia":[{"embeddable":true,"href":"https:\/\/centrosira.org\/ca\/wp-json\/wp\/v2\/media\/784"}],"wp:attachment":[{"href":"https:\/\/centrosira.org\/ca\/wp-json\/wp\/v2\/media?parent=783"}],"wp:term":[{"taxonomy":"category","embeddable":true,"href":"https:\/\/centrosira.org\/ca\/wp-json\/wp\/v2\/categories?post=783"},{"taxonomy":"post_tag","embeddable":true,"href":"https:\/\/centrosira.org\/ca\/wp-json\/wp\/v2\/tags?post=783"}],"curies":[{"name":"wp","href":"https:\/\/api.w.org\/{rel}","templated":true}]}}