{"id":1052,"date":"2026-03-09T11:16:40","date_gmt":"2026-03-09T10:16:40","guid":{"rendered":"https:\/\/centrosira.org\/?p=1052"},"modified":"2026-03-09T11:16:57","modified_gmt":"2026-03-09T10:16:57","slug":"matrimonio-inocente-encarcelado-por-yihadismo-indemnizacion","status":"publish","type":"post","link":"https:\/\/centrosira.org\/ca\/matrimonio-inocente-encarcelado-por-yihadismo-indemnizacion\/","title":{"rendered":"L'opini\u00f3 pericial de Sira, clau en la sent\u00e8ncia que compensa una parella empresonada per \u201cjihadisme\u201d, malgrat ser innocent."},"content":{"rendered":"<h3 class=\"wp-block-heading\">L&#039;home va romandre fins a 3 anys a la pres\u00f3 preventiva, mentre que la seva parella va passar una mica menys d&#039;un any. El 2019 el Tribunal Suprem els va absoldre despr\u00e9s de repetir el cas<\/h3>\n\n\n\n<p>Durant gaireb\u00e9 4 anys, el&nbsp;<strong>Centre d&#039;Atenci\u00f3 a V\u00edctimes de Maltractaments i Tortura, Sira<\/strong>, ha dut a terme l&#039;acompanyament terap\u00e8utic d&#039;un matrimoni innocent empresonat per gihadisme per presumptes delictes vinculats al terrorisme l&#039;any 2016. Ell va romandre fins a 3 anys a la pres\u00f3 preventiva en primer grau i aplicant-li FIES 3, un dels r\u00e8gims m\u00e9s severs, en qu\u00e8 es permet el; mentre que ella, va estar una mica menys d&#039;un any a la pres\u00f3, en aquest mateix r\u00e8gim.&nbsp;<\/p>\n\n\n\n<p>Despr\u00e9s de la seva absoluci\u00f3, tots dos s\u00f3n derivats al Centre Sira pel nivell de dany posttraum\u00e0tic que presenten i que necessita un abordatge multidisciplinari i psicoterap\u00e8utic, que dif\u00edcilment es podia brindar des d&#039;un Centre de Salut Mental. A m\u00e9s de dur a terme el seu acompanyament terap\u00e8utic, l&#039;entitat s&#039;ha encarregat paral\u00b7lelament d&#039;investigar i documentar els impactes m\u00e8dics i psicol\u00f2gics derivats d&#039;aquesta situaci\u00f3.&nbsp;<\/p>\n\n\n\n<p>La cooperativa d&#039;advocades i advocats,&nbsp;<a href=\"https:\/\/red-juridica.com\/\"><strong>Xarxa Jur\u00eddica<\/strong><\/a>, va encarregar al&nbsp;<a href=\"https:\/\/laolabuenadev.com\/centrosira\/conocenos\/el-equipo\/\">equip<\/a>&nbsp;de Sira la realitzaci\u00f3 de diversos&nbsp;<strong>informes pericials<\/strong>&nbsp;que servissin per avaluar la repercussi\u00f3 que havia tingut la&nbsp;<strong>pres\u00f3 preventiva indeguda<\/strong>&nbsp;en aquesta fam\u00edlia.&nbsp;<strong>Eric Sanz,<\/strong>&nbsp;advocat de Xarxa Jur\u00eddica encarregat del cas, destaca l&#039;exhaustivitat, varietat i complexitat dels informes, que considera van ser fonamentals per acreditar els danys patits pel matrimoni innocent empresonat per gihadisme i, per tant, claus per estimar la suma de la indemnitzaci\u00f3.&nbsp;<\/p>\n\n\n\n<p>Des de Sira es van elaborar dos informes pericials de car\u00e0cter m\u00e8dic \u2013 psicol\u00f2gic, en qu\u00e8 es recull tant la hist\u00f2ria viscuda per tots dos peritats, com els impactes provocats per l&#039;experi\u00e8ncia de privaci\u00f3 de llibertat. En aquest sentit, es detalla un dany psiqui\u00e0tric molt greu, impactes irreversibles en la personalitat i afectacions irreparables en la identitat i el projecte de vida.&nbsp;<\/p>\n\n\n\n<figure class=\"wp-block-image size-large\"><img fetchpriority=\"high\" decoding=\"async\" width=\"1024\" height=\"576\" src=\"https:\/\/centrosira.org\/wp-content\/uploads\/2026\/03\/sede_audiencia_nacional_1-1-1024x576.webp\" alt=\"\" class=\"wp-image-1054\" srcset=\"https:\/\/centrosira.org\/wp-content\/uploads\/2026\/03\/sede_audiencia_nacional_1-1-1024x576.webp 1024w, https:\/\/centrosira.org\/wp-content\/uploads\/2026\/03\/sede_audiencia_nacional_1-1-300x169.webp 300w, https:\/\/centrosira.org\/wp-content\/uploads\/2026\/03\/sede_audiencia_nacional_1-1-768x432.webp 768w, https:\/\/centrosira.org\/wp-content\/uploads\/2026\/03\/sede_audiencia_nacional_1-1-18x10.webp 18w, https:\/\/centrosira.org\/wp-content\/uploads\/2026\/03\/sede_audiencia_nacional_1-1.webp 1200w\" sizes=\"(max-width: 1024px) 100vw, 1024px\" \/><\/figure>\n\n\n\n<h2 class=\"wp-block-heading\">Els impactes del R\u00e8gim FIES<\/h2>\n\n\n\n<p><strong>Pau P\u00e9rez Sales<\/strong>, psiquiatre i director cl\u00ednic del&nbsp;<strong>Centre Sira,&nbsp;<\/strong>destaca que l&#039;a\u00efllament provoca canvis permanents a les persones, com ara trastorns d&#039;atenci\u00f3, irritabilitat o desconnexi\u00f3 amb el seu entorn. Sovint aix\u00f2 es tradueix en autolesions i, en alguns casos, en la creaci\u00f3 de mons propis on poder refugiar-se, que moltes vegades poden acabar consolidant-se com a construccions psic\u00f2tiques o delirants.<\/p>\n\n\n\n<p>El director de Sira subratlla que el cervell hum\u00e0 necessita incentius, sense importar d&#039;on vinguin, ja sigui per les coses que fa o per la interacci\u00f3 amb els altres: \u201cSi a un cervell li traiem qualsevol est\u00edmul, deixant-lo quiet en un espai tancat, o b\u00e9 es bloqueja o b\u00e9 intenta compensar-ho a trav\u00e9s de la generaci\u00f3 dels seus propis psic\u00f2tics\u201d, afegeix.&nbsp;<strong>&nbsp;<\/strong><\/p>\n\n\n\n<p>El r\u00e8gim d&#039;a\u00efllament a Espanya \u00e9s molt variable segons les presons. Hi ha presons que permeten estar a la gent en r\u00e8gim FIES fins a 3 o 4 hores al pati o fins i tot estar-hi acompanyats en grups petits; mentre que n&#039;hi ha d&#039;altres de m\u00e9s severes que amb prou feines permeten als presos estar un m\u00e0xim d&#039;una hora fora del confinament solitari. En el cas del peritat, aquest va passar per\u00edodes molt perllongats al r\u00e8gim m\u00e9s estricte.<\/p>\n\n\n\n<p>Les normes Nelson Mandela i les recomanacions del Relator sobre la Tortura assenyalen de manera incontrovertible que l&#039;a\u00efllament durant m\u00e9s de 15 dies \u00e9s tortura. Aix\u00f2 es defuig moltes vegades fent internaments de 14 dies, tornant la persona a la cel\u00b7la 2 o 3 dies i despr\u00e9s tornant a passar-la a r\u00e8gim d&#039;a\u00efllament. En altres casos, es fan petits canvis al r\u00e8gim per no complir amb la definici\u00f3 estricta d&#039;a\u00efllament, que \u00e9s romandre de 23 a 24h en una cel\u00b7la.<\/p>\n\n\n\n<blockquote class=\"wp-block-quote is-layout-flow wp-block-quote-is-layout-flow\">\n<p>\u201d&quot;El proc\u00e9s pericial no nom\u00e9s t\u00e9 un objectiu jur\u00eddic, sin\u00f3 tamb\u00e9 terap\u00e8utic. Es busca que la persona trobi respostes i un sentit a la seva experi\u00e8ncia<\/p>\n<\/blockquote>\n\n\n\n<h2 class=\"wp-block-heading\">La import\u00e0ncia del treball pericial<\/h2>\n\n\n\n<p><strong>Des de Sira&nbsp;<\/strong>entenen que el proc\u00e9s pericial no sols t\u00e9 un objectiu jur\u00eddic, sin\u00f3 tamb\u00e9 terap\u00e8utic. Es busca que la persona trobi respostes i un sentit a la seva experi\u00e8ncia, aix\u00ed com que sigui capa\u00e7 de recuperar estrat\u00e8gies d&#039;afrontament individuals i col\u00b7lectives que serveixin per fer front al proc\u00e9s. L?entitat defensa que el proc\u00e9s de den\u00fancia suposa en si mateix, un proc\u00e9s de dignificaci\u00f3 per a les v\u00edctimes.&nbsp;<\/p>\n\n\n\n<p><strong>Gabriela L\u00f3pez, psic\u00f2loga i coordinadora del Centre Sira,&nbsp;<\/strong>considera a m\u00e9s que en el cas particular daquesta parella, va ser fonamental el suport mutu dins de la fam\u00edlia. Aix\u00ed, destaca el seu sentit de just\u00edcia i el seu afany per exigir a l&#039;Estat que respongui davant del seu error com a elements clau perqu\u00e8 els membres de la fam\u00edlia hagin pogut mantenir-se drets durant aquest llarg proc\u00e9s. Alhora, la coordinadora considera que aquesta resoluci\u00f3 tanca el cercle d&#039;una lluita familiar i obre un horitz\u00f3 de just\u00edcia per a tantes altres persones que s\u00f3n v\u00edctimes de viol\u00e8ncia institucional.<\/p>","protected":false},"excerpt":{"rendered":"<p>El hombre permaneci\u00f3 hasta 3 a\u00f1os en prisi\u00f3n preventiva, mientras que su pareja pas\u00f3 algo menos de un a\u00f1o. En 2019 el Tribunal Supremo los absolvi\u00f3 tras repetir el caso Durante casi 4 a\u00f1os, el&nbsp;Centro de Atenci\u00f3n a V\u00edctimas de Malos Tratos y Tortura, Sira, ha llevado a cabo el acompa\u00f1amiento terap\u00e9utico de un matrimonio [&hellip;]<\/p>\n","protected":false},"author":3,"featured_media":1053,"comment_status":"open","ping_status":"open","sticky":false,"template":"","format":"standard","meta":{"footnotes":""},"categories":[21],"tags":[],"class_list":["post-1052","post","type-post","status-publish","format-standard","has-post-thumbnail","hentry","category-periciales"],"yoast_head":"<!-- This site is optimized with the Yoast SEO plugin v27.4 - https:\/\/yoast.com\/product\/yoast-seo-wordpress\/ -->\n<title>La pericial de Sira, clave en la sentencia que indemniza a un matrimonio encarcelado por \u201cyihadismo\u201d, pese a ser inocentes - Centro Sira<\/title>\n<meta name=\"robots\" content=\"index, follow, max-snippet:-1, max-image-preview:large, max-video-preview:-1\" \/>\n<link rel=\"canonical\" href=\"https:\/\/centrosira.org\/ca\/matrimonio-inocente-encarcelado-por-yihadismo-indemnizacion\/\" \/>\n<meta property=\"og:locale\" content=\"ca_ES\" \/>\n<meta property=\"og:type\" content=\"article\" \/>\n<meta property=\"og:title\" content=\"La pericial de Sira, clave en la sentencia que indemniza a un matrimonio encarcelado por \u201cyihadismo\u201d, pese a ser inocentes - Centro Sira\" \/>\n<meta property=\"og:description\" content=\"El hombre permaneci\u00f3 hasta 3 a\u00f1os en prisi\u00f3n preventiva, mientras que su pareja pas\u00f3 algo menos de un a\u00f1o. En 2019 el Tribunal Supremo los absolvi\u00f3 tras repetir el caso Durante casi 4 a\u00f1os, el&nbsp;Centro de Atenci\u00f3n a V\u00edctimas de Malos Tratos y Tortura, Sira, ha llevado a cabo el acompa\u00f1amiento terap\u00e9utico de un matrimonio [&hellip;]\" \/>\n<meta property=\"og:url\" content=\"https:\/\/centrosira.org\/ca\/matrimonio-inocente-encarcelado-por-yihadismo-indemnizacion\/\" \/>\n<meta property=\"og:site_name\" content=\"Centro Sira\" \/>\n<meta property=\"article:publisher\" content=\"https:\/\/www.facebook.com\/siracentro\" \/>\n<meta property=\"article:published_time\" content=\"2026-03-09T10:16:40+00:00\" \/>\n<meta property=\"article:modified_time\" content=\"2026-03-09T10:16:57+00:00\" \/>\n<meta property=\"og:image\" content=\"https:\/\/centrosira.org\/wp-content\/uploads\/2026\/03\/sede_audiencia_nacional_1.webp\" \/>\n\t<meta property=\"og:image:width\" content=\"1200\" \/>\n\t<meta property=\"og:image:height\" content=\"675\" \/>\n\t<meta property=\"og:image:type\" content=\"image\/webp\" \/>\n<meta name=\"author\" content=\"Israel V\" \/>\n<meta name=\"twitter:card\" content=\"summary_large_image\" \/>\n<meta name=\"twitter:creator\" content=\"@sira_centro\" \/>\n<meta name=\"twitter:site\" content=\"@sira_centro\" \/>\n<meta name=\"twitter:label1\" content=\"Escrit per\" \/>\n\t<meta name=\"twitter:data1\" content=\"Israel V\" \/>\n\t<meta name=\"twitter:label2\" content=\"Temps estimat de lectura\" \/>\n\t<meta name=\"twitter:data2\" content=\"5 minuts\" \/>\n<script type=\"application\/ld+json\" class=\"yoast-schema-graph\">{\"@context\":\"https:\\\/\\\/schema.org\",\"@graph\":[{\"@type\":\"Article\",\"@id\":\"https:\\\/\\\/centrosira.org\\\/matrimonio-inocente-encarcelado-por-yihadismo-indemnizacion\\\/#article\",\"isPartOf\":{\"@id\":\"https:\\\/\\\/centrosira.org\\\/matrimonio-inocente-encarcelado-por-yihadismo-indemnizacion\\\/\"},\"author\":{\"name\":\"Israel V\",\"@id\":\"https:\\\/\\\/centrosira.org\\\/#\\\/schema\\\/person\\\/9815ff63267f2e2957c81988f684c7ba\"},\"headline\":\"La pericial de Sira, clave en la sentencia que indemniza a un matrimonio encarcelado por \u201cyihadismo\u201d, pese a ser inocentes\",\"datePublished\":\"2026-03-09T10:16:40+00:00\",\"dateModified\":\"2026-03-09T10:16:57+00:00\",\"mainEntityOfPage\":{\"@id\":\"https:\\\/\\\/centrosira.org\\\/matrimonio-inocente-encarcelado-por-yihadismo-indemnizacion\\\/\"},\"wordCount\":951,\"commentCount\":0,\"publisher\":{\"@id\":\"https:\\\/\\\/centrosira.org\\\/#organization\"},\"image\":{\"@id\":\"https:\\\/\\\/centrosira.org\\\/matrimonio-inocente-encarcelado-por-yihadismo-indemnizacion\\\/#primaryimage\"},\"thumbnailUrl\":\"https:\\\/\\\/centrosira.org\\\/wp-content\\\/uploads\\\/2026\\\/03\\\/sede_audiencia_nacional_1.webp\",\"articleSection\":[\"Periciales\"],\"inLanguage\":\"ca\",\"potentialAction\":[{\"@type\":\"CommentAction\",\"name\":\"Comment\",\"target\":[\"https:\\\/\\\/centrosira.org\\\/matrimonio-inocente-encarcelado-por-yihadismo-indemnizacion\\\/#respond\"]}]},{\"@type\":\"WebPage\",\"@id\":\"https:\\\/\\\/centrosira.org\\\/matrimonio-inocente-encarcelado-por-yihadismo-indemnizacion\\\/\",\"url\":\"https:\\\/\\\/centrosira.org\\\/matrimonio-inocente-encarcelado-por-yihadismo-indemnizacion\\\/\",\"name\":\"La pericial de Sira, clave en la sentencia que indemniza a un matrimonio encarcelado por \u201cyihadismo\u201d, pese a ser inocentes - Centro Sira\",\"isPartOf\":{\"@id\":\"https:\\\/\\\/centrosira.org\\\/#website\"},\"primaryImageOfPage\":{\"@id\":\"https:\\\/\\\/centrosira.org\\\/matrimonio-inocente-encarcelado-por-yihadismo-indemnizacion\\\/#primaryimage\"},\"image\":{\"@id\":\"https:\\\/\\\/centrosira.org\\\/matrimonio-inocente-encarcelado-por-yihadismo-indemnizacion\\\/#primaryimage\"},\"thumbnailUrl\":\"https:\\\/\\\/centrosira.org\\\/wp-content\\\/uploads\\\/2026\\\/03\\\/sede_audiencia_nacional_1.webp\",\"datePublished\":\"2026-03-09T10:16:40+00:00\",\"dateModified\":\"2026-03-09T10:16:57+00:00\",\"breadcrumb\":{\"@id\":\"https:\\\/\\\/centrosira.org\\\/matrimonio-inocente-encarcelado-por-yihadismo-indemnizacion\\\/#breadcrumb\"},\"inLanguage\":\"ca\",\"potentialAction\":[{\"@type\":\"ReadAction\",\"target\":[\"https:\\\/\\\/centrosira.org\\\/matrimonio-inocente-encarcelado-por-yihadismo-indemnizacion\\\/\"]}]},{\"@type\":\"ImageObject\",\"inLanguage\":\"ca\",\"@id\":\"https:\\\/\\\/centrosira.org\\\/matrimonio-inocente-encarcelado-por-yihadismo-indemnizacion\\\/#primaryimage\",\"url\":\"https:\\\/\\\/centrosira.org\\\/wp-content\\\/uploads\\\/2026\\\/03\\\/sede_audiencia_nacional_1.webp\",\"contentUrl\":\"https:\\\/\\\/centrosira.org\\\/wp-content\\\/uploads\\\/2026\\\/03\\\/sede_audiencia_nacional_1.webp\",\"width\":1200,\"height\":675},{\"@type\":\"BreadcrumbList\",\"@id\":\"https:\\\/\\\/centrosira.org\\\/matrimonio-inocente-encarcelado-por-yihadismo-indemnizacion\\\/#breadcrumb\",\"itemListElement\":[{\"@type\":\"ListItem\",\"position\":1,\"name\":\"Portada\",\"item\":\"https:\\\/\\\/centrosira.org\\\/\"},{\"@type\":\"ListItem\",\"position\":2,\"name\":\"La pericial de Sira, clave en la sentencia que indemniza a un matrimonio encarcelado por \u201cyihadismo\u201d, pese a ser inocentes\"}]},{\"@type\":\"WebSite\",\"@id\":\"https:\\\/\\\/centrosira.org\\\/#website\",\"url\":\"https:\\\/\\\/centrosira.org\\\/\",\"name\":\"Centro Sira\",\"description\":\"\",\"publisher\":{\"@id\":\"https:\\\/\\\/centrosira.org\\\/#organization\"},\"alternateName\":\"Centro de Atenci\u00f3n a V\u00edctimas de Malos Tratos y Tortura\",\"potentialAction\":[{\"@type\":\"SearchAction\",\"target\":{\"@type\":\"EntryPoint\",\"urlTemplate\":\"https:\\\/\\\/centrosira.org\\\/?s={search_term_string}\"},\"query-input\":{\"@type\":\"PropertyValueSpecification\",\"valueRequired\":true,\"valueName\":\"search_term_string\"}}],\"inLanguage\":\"ca\"},{\"@type\":\"Organization\",\"@id\":\"https:\\\/\\\/centrosira.org\\\/#organization\",\"name\":\"Centro Sira\",\"alternateName\":\"Sira\",\"url\":\"https:\\\/\\\/centrosira.org\\\/\",\"logo\":{\"@type\":\"ImageObject\",\"inLanguage\":\"ca\",\"@id\":\"https:\\\/\\\/centrosira.org\\\/#\\\/schema\\\/logo\\\/image\\\/\",\"url\":null,\"contentUrl\":null,\"width\":null,\"height\":null,\"caption\":\"Centro Sira\"},\"image\":{\"@id\":\"https:\\\/\\\/centrosira.org\\\/#\\\/schema\\\/logo\\\/image\\\/\"},\"sameAs\":[\"https:\\\/\\\/www.facebook.com\\\/siracentro\",\"https:\\\/\\\/x.com\\\/sira_centro\",\"https:\\\/\\\/www.instagram.com\\\/sira_centro\\\/\",\"https:\\\/\\\/www.linkedin.com\\\/company\\\/sira-centro\\\/?originalSubdomain=es\",\"https:\\\/\\\/www.youtube.com\\\/@sira_centro\"]},{\"@type\":\"Person\",\"@id\":\"https:\\\/\\\/centrosira.org\\\/#\\\/schema\\\/person\\\/9815ff63267f2e2957c81988f684c7ba\",\"name\":\"Israel V\",\"image\":{\"@type\":\"ImageObject\",\"inLanguage\":\"ca\",\"@id\":\"https:\\\/\\\/secure.gravatar.com\\\/avatar\\\/b835441d5f77c22b9bbc6c394fca699d2d7dfd928f4ff56c43763984e664c8f2?s=96&d=mm&r=g\",\"url\":\"https:\\\/\\\/secure.gravatar.com\\\/avatar\\\/b835441d5f77c22b9bbc6c394fca699d2d7dfd928f4ff56c43763984e664c8f2?s=96&d=mm&r=g\",\"contentUrl\":\"https:\\\/\\\/secure.gravatar.com\\\/avatar\\\/b835441d5f77c22b9bbc6c394fca699d2d7dfd928f4ff56c43763984e664c8f2?s=96&d=mm&r=g\",\"caption\":\"Israel V\"},\"url\":\"https:\\\/\\\/centrosira.org\\\/ca\\\/author\\\/contelob2892sira\\\/\"}]}<\/script>\n<!-- \/ Yoast SEO plugin. -->","yoast_head_json":{"title":"La pericial de Sira, clave en la sentencia que indemniza a un matrimonio encarcelado por \u201cyihadismo\u201d, pese a ser inocentes - Centro Sira","robots":{"index":"index","follow":"follow","max-snippet":"max-snippet:-1","max-image-preview":"max-image-preview:large","max-video-preview":"max-video-preview:-1"},"canonical":"https:\/\/centrosira.org\/ca\/matrimonio-inocente-encarcelado-por-yihadismo-indemnizacion\/","og_locale":"ca_ES","og_type":"article","og_title":"La pericial de Sira, clave en la sentencia que indemniza a un matrimonio encarcelado por \u201cyihadismo\u201d, pese a ser inocentes - Centro Sira","og_description":"El hombre permaneci\u00f3 hasta 3 a\u00f1os en prisi\u00f3n preventiva, mientras que su pareja pas\u00f3 algo menos de un a\u00f1o. En 2019 el Tribunal Supremo los absolvi\u00f3 tras repetir el caso Durante casi 4 a\u00f1os, el&nbsp;Centro de Atenci\u00f3n a V\u00edctimas de Malos Tratos y Tortura, Sira, ha llevado a cabo el acompa\u00f1amiento terap\u00e9utico de un matrimonio [&hellip;]","og_url":"https:\/\/centrosira.org\/ca\/matrimonio-inocente-encarcelado-por-yihadismo-indemnizacion\/","og_site_name":"Centro Sira","article_publisher":"https:\/\/www.facebook.com\/siracentro","article_published_time":"2026-03-09T10:16:40+00:00","article_modified_time":"2026-03-09T10:16:57+00:00","og_image":[{"width":1200,"height":675,"url":"https:\/\/centrosira.org\/wp-content\/uploads\/2026\/03\/sede_audiencia_nacional_1.webp","type":"image\/webp"}],"author":"Israel V","twitter_card":"summary_large_image","twitter_creator":"@sira_centro","twitter_site":"@sira_centro","twitter_misc":{"Escrit per":"Israel V","Temps estimat de lectura":"5 minuts"},"schema":{"@context":"https:\/\/schema.org","@graph":[{"@type":"Article","@id":"https:\/\/centrosira.org\/matrimonio-inocente-encarcelado-por-yihadismo-indemnizacion\/#article","isPartOf":{"@id":"https:\/\/centrosira.org\/matrimonio-inocente-encarcelado-por-yihadismo-indemnizacion\/"},"author":{"name":"Israel V","@id":"https:\/\/centrosira.org\/#\/schema\/person\/9815ff63267f2e2957c81988f684c7ba"},"headline":"La pericial de Sira, clave en la sentencia que indemniza a un matrimonio encarcelado por \u201cyihadismo\u201d, pese a ser inocentes","datePublished":"2026-03-09T10:16:40+00:00","dateModified":"2026-03-09T10:16:57+00:00","mainEntityOfPage":{"@id":"https:\/\/centrosira.org\/matrimonio-inocente-encarcelado-por-yihadismo-indemnizacion\/"},"wordCount":951,"commentCount":0,"publisher":{"@id":"https:\/\/centrosira.org\/#organization"},"image":{"@id":"https:\/\/centrosira.org\/matrimonio-inocente-encarcelado-por-yihadismo-indemnizacion\/#primaryimage"},"thumbnailUrl":"https:\/\/centrosira.org\/wp-content\/uploads\/2026\/03\/sede_audiencia_nacional_1.webp","articleSection":["Periciales"],"inLanguage":"ca","potentialAction":[{"@type":"CommentAction","name":"Comment","target":["https:\/\/centrosira.org\/matrimonio-inocente-encarcelado-por-yihadismo-indemnizacion\/#respond"]}]},{"@type":"WebPage","@id":"https:\/\/centrosira.org\/matrimonio-inocente-encarcelado-por-yihadismo-indemnizacion\/","url":"https:\/\/centrosira.org\/matrimonio-inocente-encarcelado-por-yihadismo-indemnizacion\/","name":"La pericial de Sira, clave en la sentencia que indemniza a un matrimonio encarcelado por \u201cyihadismo\u201d, pese a ser inocentes - Centro Sira","isPartOf":{"@id":"https:\/\/centrosira.org\/#website"},"primaryImageOfPage":{"@id":"https:\/\/centrosira.org\/matrimonio-inocente-encarcelado-por-yihadismo-indemnizacion\/#primaryimage"},"image":{"@id":"https:\/\/centrosira.org\/matrimonio-inocente-encarcelado-por-yihadismo-indemnizacion\/#primaryimage"},"thumbnailUrl":"https:\/\/centrosira.org\/wp-content\/uploads\/2026\/03\/sede_audiencia_nacional_1.webp","datePublished":"2026-03-09T10:16:40+00:00","dateModified":"2026-03-09T10:16:57+00:00","breadcrumb":{"@id":"https:\/\/centrosira.org\/matrimonio-inocente-encarcelado-por-yihadismo-indemnizacion\/#breadcrumb"},"inLanguage":"ca","potentialAction":[{"@type":"ReadAction","target":["https:\/\/centrosira.org\/matrimonio-inocente-encarcelado-por-yihadismo-indemnizacion\/"]}]},{"@type":"ImageObject","inLanguage":"ca","@id":"https:\/\/centrosira.org\/matrimonio-inocente-encarcelado-por-yihadismo-indemnizacion\/#primaryimage","url":"https:\/\/centrosira.org\/wp-content\/uploads\/2026\/03\/sede_audiencia_nacional_1.webp","contentUrl":"https:\/\/centrosira.org\/wp-content\/uploads\/2026\/03\/sede_audiencia_nacional_1.webp","width":1200,"height":675},{"@type":"BreadcrumbList","@id":"https:\/\/centrosira.org\/matrimonio-inocente-encarcelado-por-yihadismo-indemnizacion\/#breadcrumb","itemListElement":[{"@type":"ListItem","position":1,"name":"Portada","item":"https:\/\/centrosira.org\/"},{"@type":"ListItem","position":2,"name":"La pericial de Sira, clave en la sentencia que indemniza a un matrimonio encarcelado por \u201cyihadismo\u201d, pese a ser inocentes"}]},{"@type":"WebSite","@id":"https:\/\/centrosira.org\/#website","url":"https:\/\/centrosira.org\/","name":"Centre Sira","description":"","publisher":{"@id":"https:\/\/centrosira.org\/#organization"},"alternateName":"Centro de Atenci\u00f3n a V\u00edctimas de Malos Tratos y Tortura","potentialAction":[{"@type":"SearchAction","target":{"@type":"EntryPoint","urlTemplate":"https:\/\/centrosira.org\/?s={search_term_string}"},"query-input":{"@type":"PropertyValueSpecification","valueRequired":true,"valueName":"search_term_string"}}],"inLanguage":"ca"},{"@type":"Organization","@id":"https:\/\/centrosira.org\/#organization","name":"Centre Sira","alternateName":"Sira","url":"https:\/\/centrosira.org\/","logo":{"@type":"ImageObject","inLanguage":"ca","@id":"https:\/\/centrosira.org\/#\/schema\/logo\/image\/","url":null,"contentUrl":null,"width":null,"height":null,"caption":"Centro Sira"},"image":{"@id":"https:\/\/centrosira.org\/#\/schema\/logo\/image\/"},"sameAs":["https:\/\/www.facebook.com\/siracentro","https:\/\/x.com\/sira_centro","https:\/\/www.instagram.com\/sira_centro\/","https:\/\/www.linkedin.com\/company\/sira-centro\/?originalSubdomain=es","https:\/\/www.youtube.com\/@sira_centro"]},{"@type":"Person","@id":"https:\/\/centrosira.org\/#\/schema\/person\/9815ff63267f2e2957c81988f684c7ba","name":"Israel V","image":{"@type":"ImageObject","inLanguage":"ca","@id":"https:\/\/secure.gravatar.com\/avatar\/b835441d5f77c22b9bbc6c394fca699d2d7dfd928f4ff56c43763984e664c8f2?s=96&d=mm&r=g","url":"https:\/\/secure.gravatar.com\/avatar\/b835441d5f77c22b9bbc6c394fca699d2d7dfd928f4ff56c43763984e664c8f2?s=96&d=mm&r=g","contentUrl":"https:\/\/secure.gravatar.com\/avatar\/b835441d5f77c22b9bbc6c394fca699d2d7dfd928f4ff56c43763984e664c8f2?s=96&d=mm&r=g","caption":"Israel V"},"url":"https:\/\/centrosira.org\/ca\/author\/contelob2892sira\/"}]}},"_links":{"self":[{"href":"https:\/\/centrosira.org\/ca\/wp-json\/wp\/v2\/posts\/1052","targetHints":{"allow":["GET"]}}],"collection":[{"href":"https:\/\/centrosira.org\/ca\/wp-json\/wp\/v2\/posts"}],"about":[{"href":"https:\/\/centrosira.org\/ca\/wp-json\/wp\/v2\/types\/post"}],"author":[{"embeddable":true,"href":"https:\/\/centrosira.org\/ca\/wp-json\/wp\/v2\/users\/3"}],"replies":[{"embeddable":true,"href":"https:\/\/centrosira.org\/ca\/wp-json\/wp\/v2\/comments?post=1052"}],"version-history":[{"count":1,"href":"https:\/\/centrosira.org\/ca\/wp-json\/wp\/v2\/posts\/1052\/revisions"}],"predecessor-version":[{"id":1055,"href":"https:\/\/centrosira.org\/ca\/wp-json\/wp\/v2\/posts\/1052\/revisions\/1055"}],"wp:featuredmedia":[{"embeddable":true,"href":"https:\/\/centrosira.org\/ca\/wp-json\/wp\/v2\/media\/1053"}],"wp:attachment":[{"href":"https:\/\/centrosira.org\/ca\/wp-json\/wp\/v2\/media?parent=1052"}],"wp:term":[{"taxonomy":"category","embeddable":true,"href":"https:\/\/centrosira.org\/ca\/wp-json\/wp\/v2\/categories?post=1052"},{"taxonomy":"post_tag","embeddable":true,"href":"https:\/\/centrosira.org\/ca\/wp-json\/wp\/v2\/tags?post=1052"}],"curies":[{"name":"wp","href":"https:\/\/api.w.org\/{rel}","templated":true}]}}